{"id":6824,"date":"2019-05-06T09:10:41","date_gmt":"2019-05-06T07:10:41","guid":{"rendered":"https:\/\/baraka.cc\/?p=6824"},"modified":"2019-05-06T09:10:41","modified_gmt":"2019-05-06T07:10:41","slug":"daragacinda-uc-fidan-arif-bayraktar","status":"publish","type":"post","link":"https:\/\/baraka.cc\/?p=6824","title":{"rendered":"Dara\u011fac\u0131nda \u00dc\u00e7 Fidan &#8211; Arif Bayraktar"},"content":{"rendered":"<p>Argasdi dergimzin &#8220;Adalet&#8221; temal\u0131 54. say\u0131s\u0131ndan &#8220;Bellek&#8221; yaz\u0131m\u0131z&#8230;<\/p>\n<p><em><b>6 May\u0131s 1972, Deniz Gezmi\u015f, Yusuf Aslan ve H\u00fcseyin \u0130nan \u0130dam Edildi<\/b><\/em><\/p>\n<p style=\"text-align: center;\"><a href=\"https:\/\/baraka.cc\/wp-content\/uploads\/2019\/05\/7007_5.jpg\"><img decoding=\"async\" loading=\"lazy\" class=\"alignnone size-medium wp-image-6825\" alt=\"7007_5\" src=\"https:\/\/baraka.cc\/wp-content\/uploads\/2019\/05\/7007_5-300x148.jpg\" width=\"300\" height=\"148\" srcset=\"https:\/\/baraka.cc\/wp-content\/uploads\/2019\/05\/7007_5-300x148.jpg 300w, https:\/\/baraka.cc\/wp-content\/uploads\/2019\/05\/7007_5.jpg 718w\" sizes=\"(max-width: 300px) 100vw, 300px\" \/><\/a><\/p>\n<p>6 May\u0131s 1972 tarihinde T\u00fcrkiye Cumhuriyeti, ne ilk ne de son olan bir utan\u00e7 ya\u015fad\u0131. \u00dclkesini, vatan\u0131n\u0131 nice vatan severlerden daha \u00e7ok seven, ideolojileri do\u011frultusunda haks\u0131zl\u0131\u011fa, e\u015fitsizli\u011fe, s\u00f6m\u00fcr\u00fcye ve emperyalizme kar\u015f\u0131 t\u00fcm bilgi ve becerilerini b\u00fcy\u00fck bir cesaret sergileyerek ortaya koyan \u00fc\u00e7 gen\u00e7, idam edildi.<\/p>\n<p>&#8220;Burada \u00f6len yaln\u0131zca bedenimdir ki zaten \u00f6l\u00fcml\u00fcyd\u00fc, \u00f6lecekti ama d\u00fc\u015f\u00fcncemi \u00f6ld\u00fcremeyeceksiniz, d\u00fc\u015f\u00fcncem ya\u015fayacak.&#8221; Bu s\u00f6zler Deniz Gezmi\u015f\u2019in idam karar\u0131na kar\u015f\u0131 ne kadar kendinden emin, cesur ve so\u011fukkanl\u0131 oldu\u011funun g\u00f6stergesidir. Deniz Gezmi\u015f, Yusuf Aslan ve H\u00fcseyin \u0130nan\u2019\u0131 ipe g\u00f6t\u00fcren sebep, T\u00fcrkiye Halk Kurtulu\u015f Ordusu\u2019nu (THKO) kurup s\u00f6m\u00fcr\u00fcye ve Amerikan emperyalizmine kar\u015f\u0131 m\u00fccadele vermeleridir.<\/p>\n<p>Kurucular\u0131 Deniz Gezmi\u015f, H\u00fcseyin \u0130nan, Sinan Cemgil, Yusuf Aslan, Alparslan \u00d6zdo\u011fan, Taylan \u00d6zg\u00fcr, Mustafa Yal\u00e7\u0131ner ve Cihan Alptekin olan bu \u00f6rg\u00fct, bir tak\u0131m eylemlerden sonra 1971\u2019de bir bildiri ile kamu oyuna tan\u0131t\u0131lm\u0131\u015ft\u0131. \u0130lk silahl\u0131 eylemlerini 29 Ocak 1970 tarihinde ger\u00e7ekle\u015ftirdi. Daha sonra Yusuf Aslan, H\u00fcseyin \u0130nan ve Deniz Gezmi\u015f\u2019in idam karar\u0131n\u0131n iptali i\u00e7in \u00e7al\u0131\u015fmalarda bulundu.<\/p>\n<p>\u0130dam karar\u0131 i\u00e7in Mecliste oylama yap\u0131ld\u0131. Meclisteki \u0130lk oylamada 238 kabul, 53 ret oyu \u00e7\u0131km\u0131\u015ft\u0131. Bunun \u00fczerine CHP, Anayasa Mahkemesine idamlar\u0131n, esas ve usul y\u00f6n\u00fcnden iptali i\u00e7in ba\u015fvuruda bulunulur. Anayasa Mahkemesinin, itiraz\u0131 kabul etmesi \u00fczerine Mecliste ikinci bir oylama daha yap\u0131l\u0131r. Bu oylaman\u0131n sonucu da 273 evet, 48 ret ve 2 de \u00e7ekimser \u015feklinde olur ve idamlar kesinle\u015fir.<\/p>\n<p>\u0130dam karar\u0131n\u0131 iptal etmek i\u00e7in THKP-C de bir giri\u015fimde bulunur. Mahir \u00c7ayan, Ertu\u011frul K\u00fcrk\u00e7\u00fc, H\u00fcdai Ar\u0131kan, Cihan Alptekin, Nihat Y\u0131lmaz,\u00a0 Ertan Saruhan ve Ahmet Atasoy, iki \u0130ngiliz ve bir Kanadal\u0131 radar teknisyenini NATO \u00fcss\u00fcnden ka\u00e7\u0131r\u0131rlar. Ka\u00e7\u0131rd\u0131klar\u0131 teknisyenlerle birlikte K\u0131z\u0131ldere\u2019de muhtar\u0131n evinde mevzilenirler. Askeri birlik, k\u00f6yl\u00fclerin ihbar\u0131 \u00fczerine evi bulur ve ku\u015fat\u0131r. \u0130\u00e7eridekiler, rehineleri d\u0131\u015far\u0131 g\u00f6sterirler fakat bilinmeyen bir sebeple g\u00fcvenlik g\u00fc\u00e7leri rehinelere \u00f6nem vermez. Grup lideri Mahir \u00c7ayan evin \u00e7at\u0131s\u0131na \u00e7\u0131k\u0131p bir konu\u015fma yapar ve Denizler b\u0131rak\u0131lana kadar teslim olmayacaklar\u0131n\u0131 a\u00e7\u0131klar. Girilen \u00e7at\u0131\u015fmada Ertu\u011frul K\u00fcrk\u00e7\u00fc d\u0131\u015f\u0131ndaki devrimciler katledilir.<\/p>\n<p>Deniz, Yusuf ve H\u00fcseyin\u2019in ipe g\u00f6t\u00fcr\u00fclmesine hi\u00e7bir \u015fey engel olamam\u0131\u015ft\u0131\u2026 Ne Mecliste yap\u0131lan ikinci oylama, ne de u\u011fruna ortaya hayatlar\u0131n\u0131 koyan devrimcilerin g\u00f6sterdi\u011fi dayan\u0131\u015fma\u2026<\/p>\n<p>Sorgu s\u0131ras\u0131nda H\u00fcseyin \u0130nan\u2019\u0131n a\u00e7\u0131klamas\u0131 : \u201c1970 T\u00fcrkiyesi \u015fu idi: 35 milyon n\u00fcfusunun 24 milyonu k\u00f6ylerde, okulsuz, yolsuz, a\u00e7l\u0131\u011fa terkedilmi\u015f halde, halk\u0131n\u0131n % 70\u2019i h\u00e2l\u00e2 okur yazar olmayan; 500 bin i\u015f\u00e7isi Almanya\u2019ya, Avustralya\u2019ya g\u00f6\u00e7men olarak gitmek isteyen milyonlar\u0131n s\u0131rada bekledi\u011fi; k\u00f6yden \u015fehire ak\u0131n\u0131n h\u0131zla geli\u015fti\u011fi; \u015fehirlerin sanayile\u015fmedi\u011fi, k\u00f6ylerin h\u00e2l\u00e2 a\u011fa, t\u00fcccar, e\u015fraf kontrol\u00fcnde oldu\u011fu; y\u0131ll\u0131k kalk\u0131nma h\u0131z\u0131n\u0131n n\u00fcfus art\u0131\u015f\u0131n\u0131n alt\u0131nda bulundu\u011fu; se\u00e7imden se\u00e7ime elli, y\u00fcz y\u0131ll\u0131k yat\u0131r\u0131mlar\u0131n temelinin at\u0131ld\u0131\u011f\u0131, a\u011f\u0131r sanayi diye kolonya fabrikalar\u0131n\u0131n a\u00e7\u0131ld\u0131\u011f\u0131; tarikat\u00e7\u0131l\u0131\u011f\u0131n, nurculu\u011fun ve kuran kurslar\u0131n\u0131n as\u0131rlar \u00f6ncesinin geri d\u00fc\u015f\u00fcncelerini yayd\u0131\u011f\u0131 bir T\u00fcrkiye; 1955 ikili anla\u015fma, 101 \u00fcss\u00fc, NATO\u2019su, CENTO\u2019su, 20 bin askeri, binlerce bar\u0131\u015f g\u00f6n\u00fcll\u00fcleri ve bakanl\u0131klardaki dan\u0131\u015fmanlar\u0131 ile askeri-k\u00fclt\u00fcrel alanda; montaj sanayii, me\u015frubat sanayii, t\u00fcketim sanayii, sa\u011fl\u0131k ve turistik tesisleri ile ekonomik alanda ve Morison \u015firketinin T\u00fcrkiye temsilcisi S\u00fcleyman Demirel ile politik alanda Amerika \u00fclkemiz y\u00f6netiminde s\u00f6z sahibi oldu.\u201d (H\u00fcseyin \u0130nan, Sorgu, 1. THKO Davas\u0131, Aky\u00fcz Yay\u0131nlar\u0131, A\u011fustos 1991, Sayfa 340)<\/p>\n<p>H\u00fcseyin \u0130nan\u2019\u0131n s\u00f6zlerinden de anlayaca\u011f\u0131m\u0131z gibi, m\u00fccadeleleri Amerikan emperyalizmine, i\u015fbirlik\u00e7i S\u00fcleyman Demirel\u2019e ve s\u00f6m\u00fcr\u00fc d\u00fczenine kar\u015f\u0131 ger\u00e7ekle\u015ftirilmi\u015ftir. Bu ba\u015fkald\u0131r\u0131y\u0131 bast\u0131rmak i\u00e7in s\u00f6zde adalet yoluna gidilmi\u015f ve ger\u00e7ek adaleti sa\u011flamak i\u00e7in u\u011fra\u015fan \u00fc\u00e7 gen\u00e7 \u00f6ld\u00fcr\u00fclm\u00fc\u015ft\u00fcr.<\/p>\n<p>Arif Bayraktar<\/p>\n<p>&nbsp;<\/p>\n","protected":false},"excerpt":{"rendered":"<p>Argasdi dergimzin &#8220;Adalet&#8221; temal\u0131 54. say\u0131s\u0131ndan &#8220;Bellek&#8221; yaz\u0131m\u0131z&#8230; 6 May\u0131s 1972, Deniz Gezmi\u015f, Yusuf Aslan ve H\u00fcseyin \u0130nan \u0130dam Edildi 6 May\u0131s 1972 tarihinde T\u00fcrkiye<\/p>\n","protected":false},"author":3,"featured_media":6825,"comment_status":"open","ping_status":"open","sticky":false,"template":"","format":"standard","meta":{"jetpack_post_was_ever_published":false,"_jetpack_newsletter_access":"","_jetpack_newsletter_tier_id":0,"jetpack_publicize_message":"","jetpack_is_tweetstorm":false,"jetpack_publicize_feature_enabled":true,"jetpack_social_post_already_shared":true,"jetpack_social_options":{"image_generator_settings":{"template":"highway","enabled":false}}},"categories":[40,67,38,9,42,1,39],"tags":[],"jetpack_publicize_connections":[],"jetpack_featured_media_url":"https:\/\/baraka.cc\/wp-content\/uploads\/2019\/05\/7007_5.jpg","jetpack_shortlink":"https:\/\/wp.me\/p4eHWX-1M4","jetpack_sharing_enabled":true,"_links":{"self":[{"href":"https:\/\/baraka.cc\/index.php?rest_route=\/wp\/v2\/posts\/6824"}],"collection":[{"href":"https:\/\/baraka.cc\/index.php?rest_route=\/wp\/v2\/posts"}],"about":[{"href":"https:\/\/baraka.cc\/index.php?rest_route=\/wp\/v2\/types\/post"}],"author":[{"embeddable":true,"href":"https:\/\/baraka.cc\/index.php?rest_route=\/wp\/v2\/users\/3"}],"replies":[{"embeddable":true,"href":"https:\/\/baraka.cc\/index.php?rest_route=%2Fwp%2Fv2%2Fcomments&post=6824"}],"version-history":[{"count":1,"href":"https:\/\/baraka.cc\/index.php?rest_route=\/wp\/v2\/posts\/6824\/revisions"}],"predecessor-version":[{"id":6826,"href":"https:\/\/baraka.cc\/index.php?rest_route=\/wp\/v2\/posts\/6824\/revisions\/6826"}],"wp:featuredmedia":[{"embeddable":true,"href":"https:\/\/baraka.cc\/index.php?rest_route=\/wp\/v2\/media\/6825"}],"wp:attachment":[{"href":"https:\/\/baraka.cc\/index.php?rest_route=%2Fwp%2Fv2%2Fmedia&parent=6824"}],"wp:term":[{"taxonomy":"category","embeddable":true,"href":"https:\/\/baraka.cc\/index.php?rest_route=%2Fwp%2Fv2%2Fcategories&post=6824"},{"taxonomy":"post_tag","embeddable":true,"href":"https:\/\/baraka.cc\/index.php?rest_route=%2Fwp%2Fv2%2Ftags&post=6824"}],"curies":[{"name":"wp","href":"https:\/\/api.w.org\/{rel}","templated":true}]}}