{"id":6844,"date":"2019-05-14T10:56:20","date_gmt":"2019-05-14T08:56:20","guid":{"rendered":"https:\/\/baraka.cc\/?p=6844"},"modified":"2019-05-14T10:56:20","modified_gmt":"2019-05-14T08:56:20","slug":"argasdi-liseli-genclik-sayfasi","status":"publish","type":"post","link":"https:\/\/baraka.cc\/?p=6844","title":{"rendered":"Argasdi Liseli Gen\u00e7lik Sayfas\u0131"},"content":{"rendered":"<p style=\"text-align: center;\"><a href=\"https:\/\/baraka.cc\/wp-content\/uploads\/2019\/05\/liseli-gen\u00e7lik-foto.jpg\"><img decoding=\"async\" loading=\"lazy\" class=\"alignnone size-medium wp-image-6845\" alt=\"liseli gen\u00e7lik foto\" src=\"https:\/\/baraka.cc\/wp-content\/uploads\/2019\/05\/liseli-gen\u00e7lik-foto-300x212.jpg\" width=\"300\" height=\"212\" srcset=\"https:\/\/baraka.cc\/wp-content\/uploads\/2019\/05\/liseli-gen\u00e7lik-foto-300x212.jpg 300w, https:\/\/baraka.cc\/wp-content\/uploads\/2019\/05\/liseli-gen\u00e7lik-foto-1024x726.jpg 1024w\" sizes=\"(max-width: 300px) 100vw, 300px\" \/><\/a><\/p>\n<p><b><i>Gen\u00e7lerin hayata haz\u0131rlanmas\u0131nda \u00e7ok \u00f6nemli bir i\u015flevi olan meslek liseleri hakk\u0131ndaki fikirlerini Elif Delig\u00f6z anlatt\u0131: <\/i><\/b><\/p>\n<p><b>\u201cMeslek lisesinde okuyorsan\u0131z \u00e7ok \u015fansl\u0131 bir insans\u0131n\u0131zd\u0131r\u201d<\/b><\/p>\n<p style=\"text-align: center;\"><a href=\"https:\/\/baraka.cc\/wp-content\/uploads\/2019\/05\/48406900_769753376694928_7591321070381039616_n.jpg\"><img decoding=\"async\" loading=\"lazy\" class=\"alignnone size-medium wp-image-6846\" alt=\"48406900_769753376694928_7591321070381039616_n\" src=\"https:\/\/baraka.cc\/wp-content\/uploads\/2019\/05\/48406900_769753376694928_7591321070381039616_n-300x300.jpg\" width=\"300\" height=\"300\" srcset=\"https:\/\/baraka.cc\/wp-content\/uploads\/2019\/05\/48406900_769753376694928_7591321070381039616_n-300x300.jpg 300w, https:\/\/baraka.cc\/wp-content\/uploads\/2019\/05\/48406900_769753376694928_7591321070381039616_n-150x150.jpg 150w, https:\/\/baraka.cc\/wp-content\/uploads\/2019\/05\/48406900_769753376694928_7591321070381039616_n-200x200.jpg 200w, https:\/\/baraka.cc\/wp-content\/uploads\/2019\/05\/48406900_769753376694928_7591321070381039616_n.jpg 960w\" sizes=\"(max-width: 300px) 100vw, 300px\" \/><\/a><\/p>\n<p>Meslek lisesinde okumak asl\u0131nda hem keyifli hem de \u00e7ok yorucudur. B\u00f6l\u00fcmle ilgili dersler, di\u011fer derslerden daha \u00f6ndedir. Bu nedenle b\u00f6l\u00fcm derslerimiz her zaman \u00f6ncelli\u011fimiz olur. \u00c7ok keyiflidir ama \u00e7ok da emek ister. Haftada 2 veya 3 g\u00fcn olmak \u00fczere 4 saat b\u00f6l\u00fcm dersi g\u00f6r\u00fcyoruz. Pazartesi g\u00fcnleri tam g\u00fcnd\u00fcr ve o g\u00fcn b\u00fct\u00fcn\u00fcyle b\u00f6l\u00fcm derslerimize ayr\u0131lm\u0131\u015ft\u0131r. Sabahtan itibaren saat 4\u2019e kadar ne kadar emek harcasak da \u00e7o\u011fumuz bunu severek yap\u0131yoruz. Okulumuzun imkanlar\u0131n\u0131n veya \u015fartlar\u0131m\u0131z\u0131n yetmedi\u011fi konular olabiliyor ve eksiklerimizi alamad\u0131\u011f\u0131m\u0131zda, bizi ve b\u00f6l\u00fcm derslerimizi olumsuz etkiliyor. Her \u015feye ra\u011fmen e\u011fer meslek lisesinde okuyorsan\u0131z \u00e7ok \u015fansl\u0131 bir insans\u0131n\u0131zd\u0131r.<\/p>\n<p><b><i>\u00c7ocuklu\u011fundan beri tiyatronun i\u00e7inde olan Irmak Devrim Refiko\u011flu tiyatronun hayat\u0131ndaki yerini yazd\u0131:<\/i><\/b><\/p>\n<p><b>\u201cTiyatro bana \u00f6zg\u00fcveni, kendini sevmeyi ve ba\u015fkalar\u0131n\u0131 da sevmeyi \u00f6\u011fretiyor\u201d<\/b><b><\/b><\/p>\n<p style=\"text-align: center;\"><a href=\"https:\/\/baraka.cc\/wp-content\/uploads\/2019\/05\/51822153_768273300220638_8736217123652632576_n.jpg\"><img decoding=\"async\" loading=\"lazy\" class=\"alignnone size-medium wp-image-6847\" alt=\"51822153_768273300220638_8736217123652632576_n\" src=\"https:\/\/baraka.cc\/wp-content\/uploads\/2019\/05\/51822153_768273300220638_8736217123652632576_n-300x300.jpg\" width=\"300\" height=\"300\" srcset=\"https:\/\/baraka.cc\/wp-content\/uploads\/2019\/05\/51822153_768273300220638_8736217123652632576_n-300x300.jpg 300w, https:\/\/baraka.cc\/wp-content\/uploads\/2019\/05\/51822153_768273300220638_8736217123652632576_n-150x150.jpg 150w, https:\/\/baraka.cc\/wp-content\/uploads\/2019\/05\/51822153_768273300220638_8736217123652632576_n-200x200.jpg 200w, https:\/\/baraka.cc\/wp-content\/uploads\/2019\/05\/51822153_768273300220638_8736217123652632576_n.jpg 960w\" sizes=\"(max-width: 300px) 100vw, 300px\" \/><\/a><\/p>\n<p>Liseli olmak hayat\u0131n hem en zor hem de en e\u011flenceli y\u0131llar\u0131d\u0131r. S\u0131nav stresi, a\u015f\u0131lmas\u0131 gereken \u00a0engeller, gelecek kayg\u0131s\u0131 bir de \u00fcst\u00fcne \u00f6zel hayat i\u015fleri daha da zorla\u015ft\u0131rmaktad\u0131r. Ben de bu hayat\u0131 ya\u015fayan gen\u00e7lerden biriyim. Ama yine de bu zorlu s\u00fcreci atlatman\u0131n bir yolunu buldum: Tiyatro\u2026<\/p>\n<p>Tiyatronun benim hayat\u0131mda \u00e7ok ayr\u0131 bir yeri var. K\u00fc\u00e7\u00fckl\u00fc\u011f\u00fcmden beri sanata ve sanat\u0131n bir dal\u0131 olan tiyatroya a\u015f\u0131r\u0131 ilgi duyuyordum. \u0130nsanlar\u0131n, olmad\u0131klar\u0131 rollere ve karakterlere nas\u0131l b\u00fcr\u00fcnd\u00fc\u011f\u00fcn\u00fc izliyordum. Onlara hayranl\u0131kla bak\u0131yordum. \u0130\u015fte o anda anlad\u0131m ki tiyatro benim tek ka\u00e7\u0131\u015f noktam. Hayat\u0131n zorlu anlar\u0131n\u0131n \u00fcstesinden gelemedi\u011fimde benim yard\u0131mc\u0131m olan tiyatro&#8230; Tabii ki de bu, hi\u00e7bir zaman ayaklar\u0131m\u0131n \u00fczerinde duramayaca\u011f\u0131m\u0131 ve her s\u0131k\u0131\u015ft\u0131\u011f\u0131mda tiyatroya ka\u00e7aca\u011f\u0131m\u0131 g\u00f6stermiyor. Aksine tiyatro bana \u00f6zg\u00fcveni, kendini sevmeyi ve ba\u015fkalar\u0131n\u0131 da sevmeyi \u00f6\u011fretiyor. Karakterlerin bak\u0131\u015f a\u00e7\u0131s\u0131ndan da bakabilmeyi ve empatiyi \u00f6\u011fretiyor. Ama en \u00f6nemlisi insanl\u0131\u011f\u0131 \u00f6\u011fretiyor.<\/p>\n<p>Tiyatro sadece liseli gen\u00e7lerin de\u011fil her ya\u015ftan insan\u0131n gitmesi gereken bir sanat dal\u0131d\u0131r. Bu, izlemek i\u00e7in de olabilir oynamak i\u00e7in de&#8230; \u00c7\u00fcnk\u00fc tiyatro \u00fclkemizde ve d\u00fcnyam\u0131zda ya\u015fanan \u015fiddet, vah\u015fet, tecav\u00fcz gibi olumsuzluklara ses \u00e7\u0131karma, yarg\u0131lama ve \u00f6nleme imkan\u0131 da sunuyor. Bu y\u00fczden sevgili okur karde\u015fim, e\u011fer sesini duyurmak, kendini geli\u015ftirmek, biraz olsun hayat\u0131n stresinden uzakla\u015fmak istiyorsan seni de aram\u0131za bekleriz\u2026 Sanata seyirci kalmay\u0131n, onu ya\u015fay\u0131n!<\/p>\n<p><b><i>\u00dcniversiteye haz\u0131rlanan bir gen\u00e7 olan Elvan Efekan, e\u011fitim sisteminde \u00e7ocuk ya\u015ftan ba\u015flayan s\u0131nav stresini yazd\u0131:<\/i><\/b><\/p>\n<p><b>\u201c\u00d6\u011frenci olabiliriz, ailelerimiz bizim iyi yerlere gelmemizi isteyebilir ama her \u015feyden \u00f6nce biz insan\u0131z. Hatalar\u0131m\u0131z, yanl\u0131\u015flar\u0131m\u0131z olmal\u0131!\u201d<\/b><b><\/b><\/p>\n<p style=\"text-align: center;\"><a href=\"https:\/\/baraka.cc\/wp-content\/uploads\/2019\/05\/59691840_2188357774534841_6914840854855155712_n.jpg\"><img decoding=\"async\" loading=\"lazy\" class=\"alignnone size-medium wp-image-6848\" alt=\"59691840_2188357774534841_6914840854855155712_n\" src=\"https:\/\/baraka.cc\/wp-content\/uploads\/2019\/05\/59691840_2188357774534841_6914840854855155712_n-298x300.jpg\" width=\"298\" height=\"300\" srcset=\"https:\/\/baraka.cc\/wp-content\/uploads\/2019\/05\/59691840_2188357774534841_6914840854855155712_n-298x300.jpg 298w, https:\/\/baraka.cc\/wp-content\/uploads\/2019\/05\/59691840_2188357774534841_6914840854855155712_n-150x150.jpg 150w, https:\/\/baraka.cc\/wp-content\/uploads\/2019\/05\/59691840_2188357774534841_6914840854855155712_n-200x200.jpg 200w, https:\/\/baraka.cc\/wp-content\/uploads\/2019\/05\/59691840_2188357774534841_6914840854855155712_n.jpg 954w\" sizes=\"(max-width: 298px) 100vw, 298px\" \/><\/a><\/p>\n<p>S\u0131nav stresi ve bunu do\u011furan aile bask\u0131s\u0131 12 ya\u015f\u0131ndan beri hepimizin ya\u015fad\u0131\u011f\u0131 bir \u015feydir. Hen\u00fcz 11-12 ya\u015f\u0131ndaki \u00e7ocuklar, onlar i\u00e7in en iyi okula haz\u0131rlanmas\u0131 gerekti\u011fini d\u00fc\u015f\u00fcnen aileleri taraf\u0131ndan bask\u0131 alt\u0131na al\u0131n\u0131yor ve di\u011fer \u00e7ocuklarla yar\u0131\u015ft\u0131r\u0131l\u0131yor. \u00c7ocu\u011fun d\u00fc\u015f\u00fcncelerini umursamay\u0131p, kendi istedi\u011fini yapt\u0131rmak bask\u0131 de\u011fil de nedir? Bir \u00e7ocuk o ya\u015fta, herhangi bir okula giri\u015f s\u0131nav\u0131n\u0131 kazand\u0131 diye kendini ya\u015f\u0131tlar\u0131ndan a\u015f\u0131r\u0131 \u00fcst\u00fcn veya kaybetti\u011finde kendini ya\u015f\u0131tlar\u0131ndan daha yetersiz g\u00f6rmemeli. \u0130\u015fte burada laf\u0131m sadece aile bask\u0131s\u0131na de\u011fil elbette ki e\u011fitim sistemimize de! E\u011fitim sistemimiz \u00e7ocuklar\u0131 yar\u0131\u015ft\u0131rarak belli bir s\u00fcre sonra onlar\u0131 robot haline getiriyor. Evet robot! 11-12 ya\u015f\u0131ndaki bir \u00e7ocuk oyunlar oynamas\u0131 gerekirken, s\u0131navlarla bo\u011fu\u015fuyor. \u00c7\u00fcnk\u00fc e\u011fitim sistemimize g\u00f6re en iyi okullara girmek s\u0131navla olmal\u0131, di\u011fer okullar yetersiz! Bu okullar\u0131 kazanamayan \u00f6\u011frenci ba\u015far\u0131s\u0131z, kazanan ise ba\u015far\u0131l\u0131 \u00f6\u011frenci mi! Hi\u00e7bir \u00f6\u011frenci gitti\u011fi okul ile s\u0131nanmamal\u0131. \u00c7\u00fcnk\u00fc her \u015fey 2 saatlik s\u0131navdan ibaret de\u011fil. S\u0131navda hastalanm\u0131\u015f olabilir veya o an a\u015f\u0131r\u0131 heyecan ve korku bar\u0131nd\u0131rm\u0131\u015ft\u0131r i\u00e7inde ve bu da dikkatinin da\u011f\u0131lmas\u0131na sebep olmu\u015ftur. Maalesef ki e\u011fitim sistemimiz buna bakm\u0131yor, ki\u015finin o anki psikolojik durumuyla ilgilenmiyor; ge\u00e7emezsen ba\u015far\u0131s\u0131zs\u0131n! \u0130\u015fte aynen b\u00f6yle robotla\u015ft\u0131 \u00f6\u011frenciler; arkada\u015flar\u0131yla yar\u0131\u015ft\u0131r\u0131larak, ailelerinin bask\u0131lar\u0131yla&#8230;<\/p>\n<p>Hepsi 11-12 ya\u015f\u0131nda bitti mi peki? Kesinlikle hay\u0131r. Gelelim sonra ki 14-15 ya\u015f\u0131m\u0131z\u0131n zorlu\u011funa&#8230; Ortaokul bitiyor ve liseye ge\u00e7i\u015f ba\u015fl\u0131yor. Yine s\u0131navlar, yine aile bask\u0131lar\u0131 devam ediyor. \u00c7ocu\u011fun ya\u015f\u0131 ilerledi\u011fi i\u00e7in belki bir \u015feyleri kavramas\u0131 daha kolay olabilir. Her \u00e7ocu\u011fun d\u00fc\u015f\u00fcnceleri, okumak istedi\u011fi meslek farkl\u0131d\u0131r. Bundan dolay\u0131 lise i\u00e7in b\u0131rak\u0131n \u00e7ocuk istedi\u011fi okulu se\u00e7sin. \u0130lle de s\u0131navla bir okula sokmaya \u00e7al\u0131\u015fmay\u0131n sevgili aileler. Her \u00e7ocuk t\u0131p, hukuk, m\u00fchendislik okumak zorunda de\u011fil. Ve \u00e7ocuk bunlar\u0131 istemedi\u011fi veya bunun i\u00e7in verilen dersleri sevmedi\u011fi i\u00e7in ba\u015far\u0131s\u0131z \u00f6\u011frenci diye an\u0131l\u0131yor. Oysa ki o \u00f6\u011frencinin istedi\u011fi ve zevk ald\u0131\u011f\u0131 farkl\u0131 bir b\u00f6l\u00fcm olabilir. Bunlar d\u00fc\u015f\u00fcn\u00fclerek davran\u0131lmal\u0131. Bitti mi? Hay\u0131r bitmedi&#8230;<\/p>\n<p>\u0130\u015fte geldik 17 ya\u015f\u0131na, \u00fcniversiteye giri\u015f&#8230; Belki de bu anlatt\u0131klar\u0131m\u0131n hepsini toplasak bu ya\u015fta ya\u015fanan stresin yan\u0131nda az kalabilir. Bu d\u00f6nemde ya\u015fanan kafa kar\u0131\u015f\u0131kl\u0131klar\u0131n\u0131 ve s\u0131nav streslerini, ailelerin anlay\u0131\u015fla kar\u015f\u0131lamas\u0131, gen\u00e7lere destek olmalar\u0131 \u00e7ok \u00f6nemlidir. \u00d6\u011frenci \u00fcniversite s\u0131nav\u0131n\u0131 kazanamazsa veya istedi\u011fi b\u00f6l\u00fcm\u00fc tutturamazsa, aileler d\u00fcnyan\u0131n sonu gelmi\u015f gibi davranmamal\u0131. Tam tersi her daim, ne olursa olsun, \u00e7ocu\u011funa destek \u00e7\u0131kmal\u0131.<\/p>\n<p>Baz\u0131 aileler, \u00e7ocu\u011fu s\u0131navdan d\u00fc\u015f\u00fck ald\u0131\u011f\u0131nda ona notunun d\u00fc\u015f\u00fck oldu\u011funu s\u00f6yleyip duruyor ama kar\u015f\u0131s\u0131na al\u0131p neden bu s\u0131navdan d\u00fc\u015f\u00fck ald\u0131\u011f\u0131n\u0131, dersle mi ilgili yoksa farkl\u0131 bir durumu mu oldu\u011funu sorgulam\u0131yorlar. \u00d6\u011frenci olabiliriz, ailelerimiz bizim iyi yerlere gelmemizi isteyebilir ama her \u015feyden \u00f6nce biz insan\u0131z. Hatalar\u0131m\u0131z, yanl\u0131\u015flar\u0131m\u0131z olmal\u0131. Belki e\u011fitim sistemini kolayca de\u011fi\u015ftiremeyiz ama ailelerin, yak\u0131nlar\u0131m\u0131z\u0131n d\u00fc\u015f\u00fcncelerini de\u011fi\u015ftirebiliriz. B\u00f6ylece \u00fczerimizdeki o b\u00fcy\u00fck y\u00fck biraz olsun hafifleyebilir.<\/p>\n<p><b><i>Gen\u00e7lik tiyatrosu oyuncular\u0131m\u0131zdan \u0130ncilay G\u00f6k diyor ki:<\/i><\/b><\/p>\n<p><b>\u201cFark\u0131nda olmad\u0131\u011f\u0131n\u0131z yeteneklerin fark\u0131na varmaya \u00e7al\u0131\u015f\u0131n\u201d<\/b><\/p>\n<p style=\"text-align: center;\"><a href=\"https:\/\/baraka.cc\/wp-content\/uploads\/2019\/05\/34394832_1997176947022212_4342164610011365376_n.jpg\"><img decoding=\"async\" loading=\"lazy\" class=\"alignnone size-medium wp-image-6849\" alt=\"34394832_1997176947022212_4342164610011365376_n\" src=\"https:\/\/baraka.cc\/wp-content\/uploads\/2019\/05\/34394832_1997176947022212_4342164610011365376_n-297x300.jpg\" width=\"297\" height=\"300\" srcset=\"https:\/\/baraka.cc\/wp-content\/uploads\/2019\/05\/34394832_1997176947022212_4342164610011365376_n-297x300.jpg 297w, https:\/\/baraka.cc\/wp-content\/uploads\/2019\/05\/34394832_1997176947022212_4342164610011365376_n.jpg 953w\" sizes=\"(max-width: 297px) 100vw, 297px\" \/><\/a><\/p>\n<p>Benim daha \u00f6nceden deneyimim olmas\u0131na ra\u011fmen hala daha sahnede heyecanlan\u0131yorum. 8. S\u0131n\u0131fta tiyatroyla tan\u0131\u015ft\u0131m ve bunun bana \u00e7ok faydas\u0131 oldu. Sahne korkumu yendim mesela\u2026 Tiyatro bize pek \u00e7ok \u015fey kazand\u0131r\u0131yor; \u00f6zg\u00fcven gibi\u2026 G\u00fcnl\u00fck hayatta s\u00f6yleyemedi\u011fimiz \u015feyleri, sahnede farkl\u0131 duygu ve \u015fekilde kar\u015f\u0131m\u0131zdaki ki\u015fiye aktarabilmemizi sa\u011fl\u0131yor. Ben diyorum ki, fark\u0131nda olmad\u0131\u011f\u0131n\u0131z yeteneklerin fark\u0131na varmaya \u00e7al\u0131\u015f\u0131n. Ben bunu tiyatro sayesinde ya\u015fad\u0131m. S\u0131ra sizde!<\/p>\n<p>Ve Ertu \u00dczmez&#8217;den gelen karikat\u00fcr:<\/p>\n<p><a href=\"https:\/\/baraka.cc\/wp-content\/uploads\/2019\/05\/g\u00f6nderen-ERTU-\u00dcZMEZ.png\"><img decoding=\"async\" loading=\"lazy\" class=\"alignnone size-medium wp-image-6850\" alt=\"g\u00f6nderen ERTU \u00dcZMEZ\" src=\"https:\/\/baraka.cc\/wp-content\/uploads\/2019\/05\/g\u00f6nderen-ERTU-\u00dcZMEZ-300x183.png\" width=\"300\" height=\"183\" srcset=\"https:\/\/baraka.cc\/wp-content\/uploads\/2019\/05\/g\u00f6nderen-ERTU-\u00dcZMEZ-300x183.png 300w, https:\/\/baraka.cc\/wp-content\/uploads\/2019\/05\/g\u00f6nderen-ERTU-\u00dcZMEZ-1024x626.png 1024w, https:\/\/baraka.cc\/wp-content\/uploads\/2019\/05\/g\u00f6nderen-ERTU-\u00dcZMEZ.png 1766w\" sizes=\"(max-width: 300px) 100vw, 300px\" \/><\/a><\/p>\n","protected":false},"excerpt":{"rendered":"<p>Gen\u00e7lerin hayata haz\u0131rlanmas\u0131nda \u00e7ok \u00f6nemli bir i\u015flevi olan meslek liseleri hakk\u0131ndaki fikirlerini Elif Delig\u00f6z anlatt\u0131: \u201cMeslek lisesinde okuyorsan\u0131z \u00e7ok \u015fansl\u0131 bir insans\u0131n\u0131zd\u0131r\u201d Meslek lisesinde okumak<\/p>\n","protected":false},"author":3,"featured_media":6845,"comment_status":"open","ping_status":"open","sticky":false,"template":"","format":"standard","meta":{"jetpack_post_was_ever_published":false,"_jetpack_newsletter_access":"","_jetpack_newsletter_tier_id":0,"jetpack_publicize_message":"","jetpack_is_tweetstorm":false,"jetpack_publicize_feature_enabled":true,"jetpack_social_post_already_shared":true,"jetpack_social_options":{"image_generator_settings":{"template":"highway","enabled":false}}},"categories":[40,67,38,9,43,1,39],"tags":[],"jetpack_publicize_connections":[],"jetpack_featured_media_url":"https:\/\/baraka.cc\/wp-content\/uploads\/2019\/05\/liseli-gen\u00e7lik-foto.jpg","jetpack_shortlink":"https:\/\/wp.me\/p4eHWX-1Mo","jetpack_sharing_enabled":true,"_links":{"self":[{"href":"https:\/\/baraka.cc\/index.php?rest_route=\/wp\/v2\/posts\/6844"}],"collection":[{"href":"https:\/\/baraka.cc\/index.php?rest_route=\/wp\/v2\/posts"}],"about":[{"href":"https:\/\/baraka.cc\/index.php?rest_route=\/wp\/v2\/types\/post"}],"author":[{"embeddable":true,"href":"https:\/\/baraka.cc\/index.php?rest_route=\/wp\/v2\/users\/3"}],"replies":[{"embeddable":true,"href":"https:\/\/baraka.cc\/index.php?rest_route=%2Fwp%2Fv2%2Fcomments&post=6844"}],"version-history":[{"count":1,"href":"https:\/\/baraka.cc\/index.php?rest_route=\/wp\/v2\/posts\/6844\/revisions"}],"predecessor-version":[{"id":6851,"href":"https:\/\/baraka.cc\/index.php?rest_route=\/wp\/v2\/posts\/6844\/revisions\/6851"}],"wp:featuredmedia":[{"embeddable":true,"href":"https:\/\/baraka.cc\/index.php?rest_route=\/wp\/v2\/media\/6845"}],"wp:attachment":[{"href":"https:\/\/baraka.cc\/index.php?rest_route=%2Fwp%2Fv2%2Fmedia&parent=6844"}],"wp:term":[{"taxonomy":"category","embeddable":true,"href":"https:\/\/baraka.cc\/index.php?rest_route=%2Fwp%2Fv2%2Fcategories&post=6844"},{"taxonomy":"post_tag","embeddable":true,"href":"https:\/\/baraka.cc\/index.php?rest_route=%2Fwp%2Fv2%2Ftags&post=6844"}],"curies":[{"name":"wp","href":"https:\/\/api.w.org\/{rel}","templated":true}]}}