{"id":6852,"date":"2019-05-14T17:58:32","date_gmt":"2019-05-14T15:58:32","guid":{"rendered":"https:\/\/baraka.cc\/?p=6852"},"modified":"2019-05-14T17:58:32","modified_gmt":"2019-05-14T15:58:32","slug":"remzi-altunpolat-ile-lgbti-ve-sinif-mucadelesi-konusuldu","status":"publish","type":"post","link":"https:\/\/baraka.cc\/?p=6852","title":{"rendered":"REMZ\u0130 ALTUNPOLAT \u0130LE LGBTI+ VE SINIF M\u00dcCADELES\u0130 KONU\u015eULDU"},"content":{"rendered":"<p>REMZ\u0130 ALTUNPOLAT \u0130LE LGBTI+ VE SINIF M\u00dcCADELES\u0130 KONU\u015eULDU<\/p>\n<p><a href=\"https:\/\/baraka.cc\/wp-content\/uploads\/2019\/05\/IMG_0496.jpeg\"><img decoding=\"async\" loading=\"lazy\" class=\"alignnone size-medium wp-image-6853\" alt=\"IMG_0496\" src=\"https:\/\/baraka.cc\/wp-content\/uploads\/2019\/05\/IMG_0496-300x225.jpeg\" width=\"300\" height=\"225\" srcset=\"https:\/\/baraka.cc\/wp-content\/uploads\/2019\/05\/IMG_0496-300x225.jpeg 300w, https:\/\/baraka.cc\/wp-content\/uploads\/2019\/05\/IMG_0496-1024x768.jpeg 1024w\" sizes=\"(max-width: 300px) 100vw, 300px\" \/><\/a>17 May\u0131s Uluslararas\u0131 Homofobi, Transfobi ve Bifobi Kar\u015f\u0131tl\u0131\u011f\u0131 Haftas\u0131 etkinlikleri kapsam\u0131nda Baraka K\u00fclt\u00fcr Merkezi taraf\u0131ndan d\u00fczenlenen LGBTI+ VE SINIF M\u00dcCADELES\u0130N\u0130 KONU\u015eUYORUZ s\u00f6yle\u015fisi 9 May\u0131s ak\u015fam\u0131 Arabahmet K\u00fclt\u00fcr Evi\u2019nde ger\u00e7ekle\u015ftirildi.<\/p>\n<p>KAOS GL aktivisti ve PRAKS\u0130S Dergisi Yay\u0131n Kurulu \u00fcyesi REMZ\u0130 ALTUNPOLAT\u2019\u0131n konu\u015fmac\u0131 olarak kat\u0131ld\u0131\u011f\u0131 s\u00f6yle\u015fide LGBTI+ hareketinin olu\u015fumu, tarihsel s\u00fcre\u00e7te k\u00fclt\u00fcrler aras\u0131 farkl\u0131l\u0131klarla hangi a\u015famalardan ge\u00e7ti\u011fi konu\u015fuldu.<\/p>\n<p><a href=\"https:\/\/baraka.cc\/wp-content\/uploads\/2019\/05\/IMG_0504.jpeg\"><img decoding=\"async\" loading=\"lazy\" class=\"alignnone size-medium wp-image-6854\" alt=\"IMG_0504\" src=\"https:\/\/baraka.cc\/wp-content\/uploads\/2019\/05\/IMG_0504-300x225.jpeg\" width=\"300\" height=\"225\" srcset=\"https:\/\/baraka.cc\/wp-content\/uploads\/2019\/05\/IMG_0504-300x225.jpeg 300w, https:\/\/baraka.cc\/wp-content\/uploads\/2019\/05\/IMG_0504-1024x768.jpeg 1024w, https:\/\/baraka.cc\/wp-content\/uploads\/2019\/05\/IMG_0504.jpeg 2048w\" sizes=\"(max-width: 300px) 100vw, 300px\" \/><\/a>LGBTI+ ve s\u0131n\u0131f m\u00fccadelesinin kesi\u015fti\u011fi ve ayr\u0131\u015ft\u0131\u011f\u0131 noktalara de\u011finilen konu\u015fmada, farkl\u0131l\u0131klardan dolay\u0131 olu\u015fan m\u00fccadele ve hak aray\u0131\u015f\u0131 y\u00f6ntemlerinin her zaman birebir \u00f6rt\u00fc\u015femeyece\u011fi de belirtildi. Ancak kapitalist d\u00fczen toplumun her bir bireyini olumsuz etkilerken, her alanda hak araman\u0131n yan\u0131 s\u0131ra bu m\u00fccadelenin ancak hep birlikte \u00f6r\u00fcl\u00fcrse ba\u015far\u0131ya ula\u015fabilece\u011fi de \u00f6rneklerle a\u00e7\u0131kland\u0131. Farkl\u0131 yollardan y\u00fcr\u00fcnerek gerekli kesi\u015fimlerde birle\u015fmenin daha g\u00fc\u00e7l\u00fc bir m\u00fccadele y\u00f6ntemi oldu\u011fu fikri ortaya koyuldu.<\/p>\n<p>Konu\u015fmas\u0131nda, LGBTI+ ve s\u0131n\u0131f m\u00fccadelesinin birbirine etki alanlar\u0131n\u0131n \u00f6nemini vurgulayan Remzi Altunpolat, her hangi bir hak kazan\u0131m\u0131 i\u00e7in \u00e7al\u0131\u015fma y\u00fcr\u00fct\u00fcrken ki\u015filer ve belirli gruplar\u0131n g\u00f6r\u00fc\u015f ve \u00f6nceliklerine g\u00f6re de\u011fil, o hareketin ge\u00e7mi\u015fi ve gelece\u011fi de d\u00fc\u015f\u00fcn\u00fclerek gerekli ad\u0131mlar\u0131n at\u0131lmas\u0131n\u0131n \u00e7ok daha anlaml\u0131 ve gerekli\u00a0 oldu\u011funa de\u011findi.<\/p>\n<p><a href=\"https:\/\/baraka.cc\/wp-content\/uploads\/2019\/05\/IMG_0485.jpeg\"><img decoding=\"async\" loading=\"lazy\" class=\"alignnone size-medium wp-image-6856\" alt=\"IMG_0485\" src=\"https:\/\/baraka.cc\/wp-content\/uploads\/2019\/05\/IMG_0485-300x225.jpeg\" width=\"300\" height=\"225\" srcset=\"https:\/\/baraka.cc\/wp-content\/uploads\/2019\/05\/IMG_0485-300x225.jpeg 300w, https:\/\/baraka.cc\/wp-content\/uploads\/2019\/05\/IMG_0485-1024x768.jpeg 1024w\" sizes=\"(max-width: 300px) 100vw, 300px\" \/><\/a>Kat\u0131l\u0131mc\u0131lar\u0131n soru ve katk\u0131lar\u0131 ile \u00e7e\u015fitlenen s\u00f6yle\u015fi, 18 May\u0131s Cumartesi 17:00\u2019de Dereboyu\u2019nda ger\u00e7ekle\u015fecek A\u00c7IK VE ONURLU temal\u0131 y\u00fcr\u00fcy\u00fc\u015fe \u00e7a\u011fr\u0131 ile son buldu. \u00a0<a href=\"https:\/\/baraka.cc\/wp-content\/uploads\/2019\/05\/IMG_9416.jpeg\"><img decoding=\"async\" loading=\"lazy\" class=\"alignnone size-medium wp-image-6855\" alt=\"IMG_9416\" src=\"https:\/\/baraka.cc\/wp-content\/uploads\/2019\/05\/IMG_9416-300x225.jpeg\" width=\"300\" height=\"225\" srcset=\"https:\/\/baraka.cc\/wp-content\/uploads\/2019\/05\/IMG_9416-300x225.jpeg 300w, https:\/\/baraka.cc\/wp-content\/uploads\/2019\/05\/IMG_9416-1024x768.jpeg 1024w\" sizes=\"(max-width: 300px) 100vw, 300px\" \/><\/a><\/p>\n","protected":false},"excerpt":{"rendered":"<p>REMZ\u0130 ALTUNPOLAT \u0130LE LGBTI+ VE SINIF M\u00dcCADELES\u0130 KONU\u015eULDU 17 May\u0131s Uluslararas\u0131 Homofobi, Transfobi ve Bifobi Kar\u015f\u0131tl\u0131\u011f\u0131 Haftas\u0131 etkinlikleri kapsam\u0131nda Baraka K\u00fclt\u00fcr Merkezi taraf\u0131ndan d\u00fczenlenen LGBTI+<\/p>\n","protected":false},"author":8,"featured_media":6855,"comment_status":"open","ping_status":"open","sticky":false,"template":"","format":"standard","meta":{"jetpack_post_was_ever_published":false,"_jetpack_newsletter_access":"","_jetpack_newsletter_tier_id":0,"jetpack_publicize_message":"","jetpack_is_tweetstorm":false,"jetpack_publicize_feature_enabled":true,"jetpack_social_post_already_shared":true,"jetpack_social_options":{"image_generator_settings":{"template":"highway","enabled":false}}},"categories":[45,9,56,1],"tags":[],"jetpack_publicize_connections":[],"jetpack_featured_media_url":"https:\/\/baraka.cc\/wp-content\/uploads\/2019\/05\/IMG_9416.jpeg","jetpack_shortlink":"https:\/\/wp.me\/p4eHWX-1Mw","jetpack_sharing_enabled":true,"_links":{"self":[{"href":"https:\/\/baraka.cc\/index.php?rest_route=\/wp\/v2\/posts\/6852"}],"collection":[{"href":"https:\/\/baraka.cc\/index.php?rest_route=\/wp\/v2\/posts"}],"about":[{"href":"https:\/\/baraka.cc\/index.php?rest_route=\/wp\/v2\/types\/post"}],"author":[{"embeddable":true,"href":"https:\/\/baraka.cc\/index.php?rest_route=\/wp\/v2\/users\/8"}],"replies":[{"embeddable":true,"href":"https:\/\/baraka.cc\/index.php?rest_route=%2Fwp%2Fv2%2Fcomments&post=6852"}],"version-history":[{"count":1,"href":"https:\/\/baraka.cc\/index.php?rest_route=\/wp\/v2\/posts\/6852\/revisions"}],"predecessor-version":[{"id":6857,"href":"https:\/\/baraka.cc\/index.php?rest_route=\/wp\/v2\/posts\/6852\/revisions\/6857"}],"wp:featuredmedia":[{"embeddable":true,"href":"https:\/\/baraka.cc\/index.php?rest_route=\/wp\/v2\/media\/6855"}],"wp:attachment":[{"href":"https:\/\/baraka.cc\/index.php?rest_route=%2Fwp%2Fv2%2Fmedia&parent=6852"}],"wp:term":[{"taxonomy":"category","embeddable":true,"href":"https:\/\/baraka.cc\/index.php?rest_route=%2Fwp%2Fv2%2Fcategories&post=6852"},{"taxonomy":"post_tag","embeddable":true,"href":"https:\/\/baraka.cc\/index.php?rest_route=%2Fwp%2Fv2%2Ftags&post=6852"}],"curies":[{"name":"wp","href":"https:\/\/api.w.org\/{rel}","templated":true}]}}