{"id":6862,"date":"2019-05-18T20:38:55","date_gmt":"2019-05-18T18:38:55","guid":{"rendered":"https:\/\/baraka.cc\/?p=6862"},"modified":"2019-05-18T20:38:55","modified_gmt":"2019-05-18T18:38:55","slug":"acik-ve-onurlu-bir-yuruyus","status":"publish","type":"post","link":"https:\/\/baraka.cc\/?p=6862","title":{"rendered":"A\u00c7IK VE ONURLU Bir Y\u00fcr\u00fcy\u00fc\u015f"},"content":{"rendered":"<p>E\u015fcinselli\u011fin, D\u00fcnya Sa\u011fl\u0131k \u00d6rg\u00fct\u00fc taraf\u0131ndan ak\u0131l hastal\u0131\u011f\u0131ndan \u00e7\u0131kar\u0131ld\u0131\u011f\u0131 g\u00fcn olan 17 May\u0131s, Uluslararas\u0131 Homofobi, Bifobi ve Transfobi Kar\u015f\u0131tl\u0131\u011f\u0131 G\u00fcn\u00fc olarak kutlanmaktad\u0131r. Baraka K\u00fclt\u00fcr Merkezi olarak bizler de her y\u0131l biraraya gelip \u00e7e\u015fitli etkinlikler d\u00fczenleyen 17 May\u0131s organizasyon komitesinde yer almakta, hem bir etkinlik d\u00fczenlemekte hem de onur y\u00fcr\u00fcy\u00fc\u015f\u00fcne kat\u0131lmaktay\u0131z.<\/p>\n<p><a href=\"https:\/\/baraka.cc\/wp-content\/uploads\/2019\/05\/IMG_0631.jpg\"><img decoding=\"async\" loading=\"lazy\" class=\"alignnone size-medium wp-image-6863\" alt=\"IMG_0631\" src=\"https:\/\/baraka.cc\/wp-content\/uploads\/2019\/05\/IMG_0631-300x225.jpg\" width=\"300\" height=\"225\" srcset=\"https:\/\/baraka.cc\/wp-content\/uploads\/2019\/05\/IMG_0631-300x225.jpg 300w, https:\/\/baraka.cc\/wp-content\/uploads\/2019\/05\/IMG_0631-1024x768.jpg 1024w\" sizes=\"(max-width: 300px) 100vw, 300px\" \/><\/a>Cinsiyet kimli\u011fi ve cinsel y\u00f6nelimlere kar\u015f\u0131 her t\u00fcrl\u00fc ayr\u0131mc\u0131l\u0131\u011fa ve \u015fiddete kar\u015f\u0131 ses \u00e7\u0131karmak i\u00e7in olu\u015fan komitenin bu y\u0131lki slogan\u0131 A\u00c7IK VE ONURLU olarak belirlendi ve bu \u00e7er\u00e7evede 15 g\u00fcne yay\u0131lan \u00e7e\u015fitli etinlikler d\u00fczenlendi.<\/p>\n<p>Bizler de Baraka olarak i\u00e7inde olmaktan onur duydu\u011fumuz bu etkinlikler haftas\u0131nda, LGBTI+ VE SINIF M\u00dcCADELES\u0130N\u0130 KONU\u015eUYORUZ isimli bir s\u00f6yle\u015fi ger\u00e7ekle\u015ftirip, KASO GL aktivisti ve PRAKS\u0130S dergisi yay\u0131n kurulu \u00fcyesi sevgili REMZ\u0130 ALTUNPOLAT&#8217;\u0131 da de\u011ferli d\u00fc\u015f\u00fcncelerini ve deneyimlerini aktarmas\u0131 i\u00e7in s\u00f6yle\u015fide konu\u015fmac\u0131 olmak \u00fczere a\u011f\u0131rlad\u0131k.<\/p>\n<p><a href=\"https:\/\/baraka.cc\/wp-content\/uploads\/2019\/05\/IMG_0637.jpg\"><img decoding=\"async\" loading=\"lazy\" class=\"alignnone size-medium wp-image-6864\" alt=\"IMG_0637\" src=\"https:\/\/baraka.cc\/wp-content\/uploads\/2019\/05\/IMG_0637-300x225.jpg\" width=\"300\" height=\"225\" srcset=\"https:\/\/baraka.cc\/wp-content\/uploads\/2019\/05\/IMG_0637-300x225.jpg 300w, https:\/\/baraka.cc\/wp-content\/uploads\/2019\/05\/IMG_0637-1024x768.jpg 1024w\" sizes=\"(max-width: 300px) 100vw, 300px\" \/><\/a>Kat\u0131l\u0131mc\u0131 t\u00fcm \u00f6rg\u00fctlerin etkinliklerinin tamamlanmas\u0131n\u0131n ard\u0131ndan da 18 May\u0131s ak\u015fam\u0131 A\u00c7IK VE ONURLU temas\u0131yla onur y\u00fcr\u00fcy\u00fc\u015f\u00fc ger\u00e7ekle\u015ftirildi. T\u00fcm renklerin biraraya geldi\u011fi yo\u011fun kat\u0131l\u0131ml\u0131 y\u00fcr\u00fcy\u00fc\u015f Lefkeliler Han\u0131nda d\u00fczenlenen parti ile son buldu.<\/p>\n","protected":false},"excerpt":{"rendered":"<p>E\u015fcinselli\u011fin, D\u00fcnya Sa\u011fl\u0131k \u00d6rg\u00fct\u00fc taraf\u0131ndan ak\u0131l hastal\u0131\u011f\u0131ndan \u00e7\u0131kar\u0131ld\u0131\u011f\u0131 g\u00fcn olan 17 May\u0131s, Uluslararas\u0131 Homofobi, Bifobi ve Transfobi Kar\u015f\u0131tl\u0131\u011f\u0131 G\u00fcn\u00fc olarak kutlanmaktad\u0131r. Baraka K\u00fclt\u00fcr Merkezi olarak<\/p>\n","protected":false},"author":8,"featured_media":6864,"comment_status":"open","ping_status":"open","sticky":false,"template":"","format":"standard","meta":{"jetpack_post_was_ever_published":false,"_jetpack_newsletter_access":"","_jetpack_newsletter_tier_id":0,"jetpack_publicize_message":"","jetpack_is_tweetstorm":false,"jetpack_publicize_feature_enabled":true,"jetpack_social_post_already_shared":true,"jetpack_social_options":{"image_generator_settings":{"template":"highway","enabled":false}}},"categories":[66,45,47,9,1],"tags":[],"jetpack_publicize_connections":[],"jetpack_featured_media_url":"https:\/\/baraka.cc\/wp-content\/uploads\/2019\/05\/IMG_0637.jpg","jetpack_shortlink":"https:\/\/wp.me\/p4eHWX-1MG","jetpack_sharing_enabled":true,"_links":{"self":[{"href":"https:\/\/baraka.cc\/index.php?rest_route=\/wp\/v2\/posts\/6862"}],"collection":[{"href":"https:\/\/baraka.cc\/index.php?rest_route=\/wp\/v2\/posts"}],"about":[{"href":"https:\/\/baraka.cc\/index.php?rest_route=\/wp\/v2\/types\/post"}],"author":[{"embeddable":true,"href":"https:\/\/baraka.cc\/index.php?rest_route=\/wp\/v2\/users\/8"}],"replies":[{"embeddable":true,"href":"https:\/\/baraka.cc\/index.php?rest_route=%2Fwp%2Fv2%2Fcomments&post=6862"}],"version-history":[{"count":2,"href":"https:\/\/baraka.cc\/index.php?rest_route=\/wp\/v2\/posts\/6862\/revisions"}],"predecessor-version":[{"id":6866,"href":"https:\/\/baraka.cc\/index.php?rest_route=\/wp\/v2\/posts\/6862\/revisions\/6866"}],"wp:featuredmedia":[{"embeddable":true,"href":"https:\/\/baraka.cc\/index.php?rest_route=\/wp\/v2\/media\/6864"}],"wp:attachment":[{"href":"https:\/\/baraka.cc\/index.php?rest_route=%2Fwp%2Fv2%2Fmedia&parent=6862"}],"wp:term":[{"taxonomy":"category","embeddable":true,"href":"https:\/\/baraka.cc\/index.php?rest_route=%2Fwp%2Fv2%2Fcategories&post=6862"},{"taxonomy":"post_tag","embeddable":true,"href":"https:\/\/baraka.cc\/index.php?rest_route=%2Fwp%2Fv2%2Ftags&post=6862"}],"curies":[{"name":"wp","href":"https:\/\/api.w.org\/{rel}","templated":true}]}}