{"id":6871,"date":"2019-05-25T08:35:38","date_gmt":"2019-05-25T06:35:38","guid":{"rendered":"https:\/\/baraka.cc\/?p=6871"},"modified":"2019-05-25T08:35:38","modified_gmt":"2019-05-25T06:35:38","slug":"vakiflar-kendini-var-eden-kibrisli-turk-halkini-yok-sayiyor","status":"publish","type":"post","link":"https:\/\/baraka.cc\/?p=6871","title":{"rendered":"Vak\u0131flar, Kendini Var Eden K\u0131br\u0131sl\u0131 T\u00fcrk Halk\u0131n\u0131 Yok Say\u0131yor"},"content":{"rendered":"<p><b>Baraka K\u00fclt\u00fcr Merkezi\u2019nden Bas\u0131n Bildirisi:<\/b><\/p>\n<p><b>Vak\u0131flar, Kendini Var Eden K\u0131br\u0131sl\u0131 T\u00fcrk Halk\u0131n\u0131 Yok Say\u0131yor<\/b><\/p>\n<p><b>\u00a0<\/b><\/p>\n<p>Vak\u0131flar \u0130daresi, \u201ciyilik\u201d projelerinden sonra bu kez de \u201ckitap\u201d ve \u201cokumak\u201d gibi de\u011ferli kavramlar\u0131 kullanarak, son y\u0131llarda ince ince yapt\u0131\u011f\u0131 dini propaganda ve sadaka k\u00fclt\u00fcr\u00fcn\u00fc me\u015frula\u015ft\u0131rmaya \u00e7al\u0131\u015f\u0131yor. T\u00fcrk Tarih Kurumu ve Yunus Emre Enstit\u00fcs\u00fc\u2019n\u00fcn ortak organizasyonu ile \u201cHala Sultan Kitap G\u00fcnleri\u201d ad\u0131 alt\u0131nda T\u00fcrkiye\u2019den onlarca yay\u0131nevi ve binlerce kitap \u00fclkemize gelecek ve gen\u00e7lerle bulu\u015facakm\u0131\u015f. \u0130lk bak\u0131\u015fta masum ve iyi niyetli gibi g\u00f6r\u00fcnen bu etkinlik, pek \u00e7ok a\u00e7\u0131dan ciddi sak\u0131ncalar bar\u0131nd\u0131r\u0131yor.<\/p>\n<p>\u00d6ncelikle y\u00fczy\u0131llard\u0131r var olan ve K\u0131br\u0131sl\u0131 T\u00fcrk halk\u0131na ait bir kurum olan Vak\u0131flar\u0131n, her \u015feyden \u00f6nce kendi \u00fclkesinin kitabevlerine, yay\u0131nc\u0131lar\u0131na, \u00fcreten ve birbirinden de\u011ferli eserler veren sanat\u00e7\u0131 ve yazarlar\u0131na kap\u0131lar\u0131n\u0131 a\u00e7mas\u0131 gerekir. \u00dclkemiz kitabevlerinin davet edilmedi\u011fi hatta bilgi payla\u015f\u0131m\u0131 bile yap\u0131lmad\u0131\u011f\u0131 etkinlikte tek bir K\u0131br\u0131sl\u0131 yazara dahi yer verilmemi\u015ftir. Vak\u0131flar\u0131n gen\u00e7lere okuma al\u0131\u015fkanl\u0131\u011f\u0131 kazand\u0131rmak gibi bir gayesi varsa, bu ama\u00e7la bu topraklarda y\u0131llard\u0131r inatla ve \u0131srarla \u00fcreten ki\u015fi ve kurumlarla i\u015fbirli\u011fine gitmesi gerekirdi. Oysa tercih edilen yol, t\u0131pk\u0131 y\u0131llard\u0131r ekonomik ve k\u00fclt\u00fcrel alanda yap\u0131lmaya \u00e7al\u0131\u015f\u0131ld\u0131\u011f\u0131 gibi son y\u0131llarda Vak\u0131flar arac\u0131l\u0131\u011f\u0131yla da ithal edilen dinsel gericilik ve asimilasyon politikalar\u0131na hizmet etmektedir.Vak\u0131flar\u0131n, dayan\u0131\u015fma ve yard\u0131mla\u015fman\u0131n erdemine inanan g\u00fczel insanlar\u0131m\u0131z\u0131 da inand\u0131rarak yapt\u0131\u011f\u0131 \u201ciyilik\u201d projeleri de g\u00fcn\u00fcn sonunda sadaka k\u00fclt\u00fcr\u00fcn\u00fc beslemekte ve insanlar iyili\u011fe muhta\u00e7 b\u0131rak\u0131lmaktad\u0131r.<\/p>\n<p>Bir halk ancak \u00fcreterek var olabilir, var kalabilir. D\u00fc\u015f\u00fcnsel, bilimsel ve sanatsal \u00fcretimlerin de K\u0131br\u0131sl\u0131 T\u00fcrk halk\u0131n\u0131n var olu\u015f m\u00fccadelesinde \u00f6nemi b\u00fcy\u00fckt\u00fcr. Bu halk\u0131n bir de\u011feri olan Vak\u0131flar\u0131n, kendi halk\u0131n\u0131n edebi ve d\u00fc\u015f\u00fcnsel geli\u015fimine katk\u0131 sa\u011flamas\u0131 gerekirken, \u00fclkemiz kitabevlerini maddi anlamda da haks\u0131zl\u0131\u011fa u\u011fratacak b\u00f6ylesi bir etkinlik d\u00fczenlemesi bu halk\u0131n de\u011ferlerini g\u00f6rmezden gelmek, \u00fcreterek var olma m\u00fccadelesine ket vurmakt\u0131r. Bu etkinli\u011fe onay veren ve \u00e7e\u015fitli kolayl\u0131klar sa\u011flayan h\u00fck\u00fcmet de ayn\u0131 haks\u0131zl\u0131\u011f\u0131n orta\u011f\u0131 olmu\u015ftur.<\/p>\n<p>\u201c\u0130yilik\u201d yapmakla \u00f6v\u00fcnen ama bu topraklardaki d\u00fc\u015f\u00fcnsel \u00fcretime de\u011fer vermeden \u201ckitap\u201d ve \u201cokumak\u201d gibi kavramlar\u0131n dahi i\u00e7ini bo\u015faltan Vak\u0131flar \u0130daresi\u2019ni ve bu etkinli\u011fe onay veren H\u00fck\u00fcmet yetkililerini k\u0131nar, BertoltBrecht\u2019in s\u00f6z\u00fcn\u00fc kendilerine hat\u0131rlat\u0131r\u0131z:<\/p>\n<p>\u0130yi insan olaca\u011f\u0131n\u0131za,<\/p>\n<p>\u00f6yle bir yere g\u00f6t\u00fcr\u00fcn ki d\u00fcnyay\u0131,<\/p>\n<p>iyilik beklenmesin!<\/p>\n<p>&nbsp;<\/p>\n<p><b>Baraka K\u00fclt\u00fcr Merkezi<\/b><\/p>\n<p>&nbsp;<\/p>\n","protected":false},"excerpt":{"rendered":"<p>Baraka K\u00fclt\u00fcr Merkezi\u2019nden Bas\u0131n Bildirisi: Vak\u0131flar, Kendini Var Eden K\u0131br\u0131sl\u0131 T\u00fcrk Halk\u0131n\u0131 Yok Say\u0131yor \u00a0 Vak\u0131flar \u0130daresi, \u201ciyilik\u201d projelerinden sonra bu kez de \u201ckitap\u201d ve<\/p>\n","protected":false},"author":3,"featured_media":6872,"comment_status":"open","ping_status":"open","sticky":false,"template":"","format":"standard","meta":{"jetpack_post_was_ever_published":false,"_jetpack_newsletter_access":"","_jetpack_newsletter_tier_id":0,"jetpack_publicize_message":"","jetpack_is_tweetstorm":false,"jetpack_publicize_feature_enabled":true,"jetpack_social_post_already_shared":true,"jetpack_social_options":{"image_generator_settings":{"template":"highway","enabled":false}}},"categories":[41,38,9,1],"tags":[],"jetpack_publicize_connections":[],"jetpack_featured_media_url":"https:\/\/baraka.cc\/wp-content\/uploads\/2019\/05\/baraka.jpg","jetpack_shortlink":"https:\/\/wp.me\/p4eHWX-1MP","jetpack_sharing_enabled":true,"_links":{"self":[{"href":"https:\/\/baraka.cc\/index.php?rest_route=\/wp\/v2\/posts\/6871"}],"collection":[{"href":"https:\/\/baraka.cc\/index.php?rest_route=\/wp\/v2\/posts"}],"about":[{"href":"https:\/\/baraka.cc\/index.php?rest_route=\/wp\/v2\/types\/post"}],"author":[{"embeddable":true,"href":"https:\/\/baraka.cc\/index.php?rest_route=\/wp\/v2\/users\/3"}],"replies":[{"embeddable":true,"href":"https:\/\/baraka.cc\/index.php?rest_route=%2Fwp%2Fv2%2Fcomments&post=6871"}],"version-history":[{"count":1,"href":"https:\/\/baraka.cc\/index.php?rest_route=\/wp\/v2\/posts\/6871\/revisions"}],"predecessor-version":[{"id":6873,"href":"https:\/\/baraka.cc\/index.php?rest_route=\/wp\/v2\/posts\/6871\/revisions\/6873"}],"wp:featuredmedia":[{"embeddable":true,"href":"https:\/\/baraka.cc\/index.php?rest_route=\/wp\/v2\/media\/6872"}],"wp:attachment":[{"href":"https:\/\/baraka.cc\/index.php?rest_route=%2Fwp%2Fv2%2Fmedia&parent=6871"}],"wp:term":[{"taxonomy":"category","embeddable":true,"href":"https:\/\/baraka.cc\/index.php?rest_route=%2Fwp%2Fv2%2Fcategories&post=6871"},{"taxonomy":"post_tag","embeddable":true,"href":"https:\/\/baraka.cc\/index.php?rest_route=%2Fwp%2Fv2%2Ftags&post=6871"}],"curies":[{"name":"wp","href":"https:\/\/api.w.org\/{rel}","templated":true}]}}