{"id":6906,"date":"2019-06-13T09:20:37","date_gmt":"2019-06-13T07:20:37","guid":{"rendered":"https:\/\/baraka.cc\/?p=6906"},"modified":"2019-06-13T09:20:37","modified_gmt":"2019-06-13T07:20:37","slug":"7-baraka-yaz-kurslari-basliyor","status":"publish","type":"post","link":"https:\/\/baraka.cc\/?p=6906","title":{"rendered":"7. Baraka Yaz Kurslar\u0131 Ba\u015fl\u0131yor"},"content":{"rendered":"<p>Baraka K\u00fclt\u00fcr Merkezi, her y\u0131l oldu\u011fu gibi bu y\u0131l da yaz aylar\u0131nda ilkokul \u00e7ocuklar\u0131na (7-11 ya\u015f) y\u00f6nelik yaz kurslar\u0131 d\u00fczenliyor. Yedincisi ger\u00e7ekle\u015ftirilecek yaz kurslar\u0131 yine \u00fccretsiz olarak, g\u00f6n\u00fcll\u00fc bir \u00e7abayla ve kolektif bir emekle haz\u0131rl\u0131klar\u0131na ba\u015flad\u0131.Kurslar\u0131n bu y\u0131lki temas\u0131 ise: \u2018Ka\u011f\u0131da Kaleme Sar\u0131l\u0131n\u2019.<\/p>\n<p>Alan\u0131nda deneyimli \u00f6\u011fretmenler e\u015fli\u011finde \u00e7ocuklarla bulu\u015fulacak kurslarda; e\u011fitsel spor oyunlar\u0131, seramik, m\u00fczik, \u0130ngilizce, Yunanca, yoga, g\u00f6rsel sanatlar, halk danslar\u0131, modern dans, satran\u00e7 ve daha bir\u00e7ok farkl\u0131 etkinlik yer alacak. Bu sene iki farkl\u0131 etaptan olu\u015facak olan yaz kursunun ilk etab\u0131nda \u00e7ocuklar, 19 Haziran\u2019dan ay sonuna kadar her Pazartesi, \u00c7ar\u015famba ve Cuma g\u00fcnleri Kapal\u0131 spor salonunda e\u011fitsel spor oyunlar\u0131 aktivitesi yapacak. Ard\u0131ndan 1 Temmuz itibari ile Baraka K\u00fclt\u00fcr Merkezi Lokalinde bilimsel ve sanatsal faaliyetler ile bulu\u015facak. Kurslar, 20 Temmuz Cumartesi g\u00fcn\u00fc ise renkli bir \u015f\u00f6len ile son bulacak.<\/p>\n<p>\u00dclkede ya\u015fanan muhafazakarla\u015fman\u0131n ve yoksullu\u011fun artarak devam etti\u011fi bu s\u00fcre\u00e7te en \u00f6nemli varl\u0131\u011f\u0131n \u00e7ocuklar\u0131m\u0131z oldu\u011funu biliyoruz. Ve herkese de bunlar\u0131n kar\u015f\u0131s\u0131nda Ka\u011f\u0131da Kaleme Sar\u0131l\u0131n diyor, \u00fclkemizde \u00e7ocuklar\u0131m\u0131z\u0131 bilimle, sanatla, sporla bulu\u015fturacak aktivitelerin artmas\u0131n\u0131 diliyoruz.<\/p>\n","protected":false},"excerpt":{"rendered":"<p>Baraka K\u00fclt\u00fcr Merkezi, her y\u0131l oldu\u011fu gibi bu y\u0131l da yaz aylar\u0131nda ilkokul \u00e7ocuklar\u0131na (7-11 ya\u015f) y\u00f6nelik yaz kurslar\u0131 d\u00fczenliyor. Yedincisi ger\u00e7ekle\u015ftirilecek yaz kurslar\u0131 yine<\/p>\n","protected":false},"author":12,"featured_media":6907,"comment_status":"open","ping_status":"open","sticky":false,"template":"","format":"standard","meta":{"jetpack_post_was_ever_published":false,"_jetpack_newsletter_access":"","_jetpack_newsletter_tier_id":0,"jetpack_publicize_message":"Baraka K\u00fclt\u00fcr Merkezi, her y\u0131l oldu\u011fu gibi bu y\u0131l da yaz aylar\u0131nda ilkokul \u00e7ocuklar\u0131na (7-11 ya\u015f) y\u00f6nelik yaz kurslar\u0131 d\u00fczenliyor. Yedincisi ger\u00e7ekle\u015ftirilecek yaz kurslar\u0131 yine \u00fccretsiz olarak, g\u00f6n\u00fcll\u00fc bir \u00e7abayla ve kolektif bir emekle haz\u0131rl\u0131klar\u0131na ba\u015flad\u0131. Kurslar\u0131n bu y\u0131lki temas\u0131 ise: \u2018Ka\u011f\u0131da Kaleme Sar\u0131l\u0131n\u2019","jetpack_is_tweetstorm":false,"jetpack_publicize_feature_enabled":true,"jetpack_social_post_already_shared":true,"jetpack_social_options":{"image_generator_settings":{"template":"highway","enabled":false}}},"categories":[63,46,45,9],"tags":[],"jetpack_publicize_connections":[],"jetpack_featured_media_url":"https:\/\/baraka.cc\/wp-content\/uploads\/2019\/06\/62505324_2406890386040960_512635717218729984_n.jpg","jetpack_shortlink":"https:\/\/wp.me\/p4eHWX-1No","jetpack_sharing_enabled":true,"_links":{"self":[{"href":"https:\/\/baraka.cc\/index.php?rest_route=\/wp\/v2\/posts\/6906"}],"collection":[{"href":"https:\/\/baraka.cc\/index.php?rest_route=\/wp\/v2\/posts"}],"about":[{"href":"https:\/\/baraka.cc\/index.php?rest_route=\/wp\/v2\/types\/post"}],"author":[{"embeddable":true,"href":"https:\/\/baraka.cc\/index.php?rest_route=\/wp\/v2\/users\/12"}],"replies":[{"embeddable":true,"href":"https:\/\/baraka.cc\/index.php?rest_route=%2Fwp%2Fv2%2Fcomments&post=6906"}],"version-history":[{"count":1,"href":"https:\/\/baraka.cc\/index.php?rest_route=\/wp\/v2\/posts\/6906\/revisions"}],"predecessor-version":[{"id":6908,"href":"https:\/\/baraka.cc\/index.php?rest_route=\/wp\/v2\/posts\/6906\/revisions\/6908"}],"wp:featuredmedia":[{"embeddable":true,"href":"https:\/\/baraka.cc\/index.php?rest_route=\/wp\/v2\/media\/6907"}],"wp:attachment":[{"href":"https:\/\/baraka.cc\/index.php?rest_route=%2Fwp%2Fv2%2Fmedia&parent=6906"}],"wp:term":[{"taxonomy":"category","embeddable":true,"href":"https:\/\/baraka.cc\/index.php?rest_route=%2Fwp%2Fv2%2Fcategories&post=6906"},{"taxonomy":"post_tag","embeddable":true,"href":"https:\/\/baraka.cc\/index.php?rest_route=%2Fwp%2Fv2%2Ftags&post=6906"}],"curies":[{"name":"wp","href":"https:\/\/api.w.org\/{rel}","templated":true}]}}