{"id":6909,"date":"2019-06-14T09:09:58","date_gmt":"2019-06-14T07:09:58","guid":{"rendered":"https:\/\/baraka.cc\/?p=6909"},"modified":"2019-06-14T09:09:58","modified_gmt":"2019-06-14T07:09:58","slug":"nenemin-deyisiynan-kibris-kulturu-uzerine-yazilar-kitabi-lefkosa-kitap-paylasim-kutularinda","status":"publish","type":"post","link":"https:\/\/baraka.cc\/?p=6909","title":{"rendered":"Nenemin Deyi\u015fiynan (K\u0131br\u0131s K\u00fclt\u00fcr\u00fc \u00dczerine Yaz\u0131lar) Kitab\u0131 Lefko\u015fa Kitap Payla\u015f\u0131m Kutular\u0131nda"},"content":{"rendered":"<p style=\"text-align: center;\"><a href=\"https:\/\/baraka.cc\/wp-content\/uploads\/2019\/06\/1.jpg\"><img decoding=\"async\" loading=\"lazy\" class=\"alignnone size-medium wp-image-6910\" alt=\"1\" src=\"https:\/\/baraka.cc\/wp-content\/uploads\/2019\/06\/1-283x300.jpg\" width=\"283\" height=\"300\" srcset=\"https:\/\/baraka.cc\/wp-content\/uploads\/2019\/06\/1-283x300.jpg 283w, https:\/\/baraka.cc\/wp-content\/uploads\/2019\/06\/1-968x1024.jpg 968w, https:\/\/baraka.cc\/wp-content\/uploads\/2019\/06\/1.jpg 1821w\" sizes=\"(max-width: 283px) 100vw, 283px\" \/><\/a><\/p>\n<p>Baraka aktivisti \u015eifa Al\u00e7\u0131c\u0131o\u011flu\u2019nun yazd\u0131\u011f\u0131 ve Argasdi kitapl\u0131\u011f\u0131ndan \u00e7\u0131kan Nenemin Deyi\u015fiynan (K\u0131br\u0131s K\u00fclt\u00fcr\u00fc \u00dczerine Yaz\u0131lar), Lefko\u015fa\u2019n\u0131n \u00e7e\u015fitli yerlerindeki kitap payla\u015f\u0131m kutular\u0131na b\u0131rak\u0131ld\u0131. Dileyen okurun \u00fccretsiz olarak ula\u015fmas\u0131 hedefiyle payla\u015f\u0131lan kitap, her ya\u015ftan okuyucuya hitap ediyor. Baraka K\u00fclt\u00fcr Merkezi\u2019nin K\u00fclt\u00fcr Dairesi\u2019nin katk\u0131lar\u0131yla bast\u0131\u011f\u0131 kitab\u0131n i\u00e7eri\u011finde \u00e7ocuk oyunlar\u0131m\u0131zdan ovalar\u0131m\u0131zda yeti\u015fen yabani bitkilere, \u00f6zg\u00fcr K\u0131br\u0131s e\u015feklerinin tarihinden goncoloz hikayelerine, de\u011fi\u015fen \u00f6l\u00e7\u00fc birimlerinden kaybolan mesleklere kadar \u00e7ok \u00e7e\u015fitli temalarda ara\u015ft\u0131rma yaz\u0131lar\u0131 yer al\u0131yor. Ayr\u0131ca kitapta Mehmet Altuner ve Mustafa Korkut\u2019un ar\u015fivinden eski K\u0131br\u0131s foto\u011fraflar\u0131 da bulunmakta.<\/p>\n<p>Kitab\u0131n b\u0131rak\u0131ld\u0131\u011f\u0131 payla\u015f\u0131m kutular\u0131: Arabahmet K\u00fclt\u00fcr Evi kar\u015f\u0131s\u0131, Bar\u0131\u015f Man\u00e7o Park\u0131, Dr. Faz\u0131l K\u00fc\u00e7\u00fck Park\u0131, Kermiya Park\u0131 ve Lefko\u015fa Belediyesi vezne \u00f6n\u00fc.<\/p>\n<p><a href=\"https:\/\/baraka.cc\/wp-content\/uploads\/2019\/06\/2.jpg\"><img decoding=\"async\" loading=\"lazy\" class=\"alignnone size-medium wp-image-6911\" alt=\"2\" src=\"https:\/\/baraka.cc\/wp-content\/uploads\/2019\/06\/2-300x168.jpg\" width=\"300\" height=\"168\" srcset=\"https:\/\/baraka.cc\/wp-content\/uploads\/2019\/06\/2-300x168.jpg 300w, https:\/\/baraka.cc\/wp-content\/uploads\/2019\/06\/2-1024x576.jpg 1024w, https:\/\/baraka.cc\/wp-content\/uploads\/2019\/06\/2.jpg 1224w\" sizes=\"(max-width: 300px) 100vw, 300px\" \/><\/a>\u00a0\u00a0<a href=\"https:\/\/baraka.cc\/wp-content\/uploads\/2019\/06\/4.jpg\"><img decoding=\"async\" loading=\"lazy\" class=\"alignnone size-medium wp-image-6912\" alt=\"4\" src=\"https:\/\/baraka.cc\/wp-content\/uploads\/2019\/06\/4-300x225.jpg\" width=\"300\" height=\"225\" srcset=\"https:\/\/baraka.cc\/wp-content\/uploads\/2019\/06\/4-300x225.jpg 300w, https:\/\/baraka.cc\/wp-content\/uploads\/2019\/06\/4-1024x768.jpg 1024w, https:\/\/baraka.cc\/wp-content\/uploads\/2019\/06\/4.jpg 1365w\" sizes=\"(max-width: 300px) 100vw, 300px\" \/><\/a><\/p>\n","protected":false},"excerpt":{"rendered":"<p>Baraka aktivisti \u015eifa Al\u00e7\u0131c\u0131o\u011flu\u2019nun yazd\u0131\u011f\u0131 ve Argasdi kitapl\u0131\u011f\u0131ndan \u00e7\u0131kan Nenemin Deyi\u015fiynan (K\u0131br\u0131s K\u00fclt\u00fcr\u00fc \u00dczerine Yaz\u0131lar), Lefko\u015fa\u2019n\u0131n \u00e7e\u015fitli yerlerindeki kitap payla\u015f\u0131m kutular\u0131na b\u0131rak\u0131ld\u0131. Dileyen okurun \u00fccretsiz<\/p>\n","protected":false},"author":3,"featured_media":6910,"comment_status":"open","ping_status":"open","sticky":false,"template":"","format":"standard","meta":{"jetpack_post_was_ever_published":false,"_jetpack_newsletter_access":"","_jetpack_newsletter_tier_id":0,"jetpack_publicize_message":"","jetpack_is_tweetstorm":false,"jetpack_publicize_feature_enabled":true,"jetpack_social_post_already_shared":true,"jetpack_social_options":{"image_generator_settings":{"template":"highway","enabled":false}}},"categories":[40,9,1,39],"tags":[],"jetpack_publicize_connections":[],"jetpack_featured_media_url":"https:\/\/baraka.cc\/wp-content\/uploads\/2019\/06\/1.jpg","jetpack_shortlink":"https:\/\/wp.me\/p4eHWX-1Nr","jetpack_sharing_enabled":true,"_links":{"self":[{"href":"https:\/\/baraka.cc\/index.php?rest_route=\/wp\/v2\/posts\/6909"}],"collection":[{"href":"https:\/\/baraka.cc\/index.php?rest_route=\/wp\/v2\/posts"}],"about":[{"href":"https:\/\/baraka.cc\/index.php?rest_route=\/wp\/v2\/types\/post"}],"author":[{"embeddable":true,"href":"https:\/\/baraka.cc\/index.php?rest_route=\/wp\/v2\/users\/3"}],"replies":[{"embeddable":true,"href":"https:\/\/baraka.cc\/index.php?rest_route=%2Fwp%2Fv2%2Fcomments&post=6909"}],"version-history":[{"count":1,"href":"https:\/\/baraka.cc\/index.php?rest_route=\/wp\/v2\/posts\/6909\/revisions"}],"predecessor-version":[{"id":6913,"href":"https:\/\/baraka.cc\/index.php?rest_route=\/wp\/v2\/posts\/6909\/revisions\/6913"}],"wp:featuredmedia":[{"embeddable":true,"href":"https:\/\/baraka.cc\/index.php?rest_route=\/wp\/v2\/media\/6910"}],"wp:attachment":[{"href":"https:\/\/baraka.cc\/index.php?rest_route=%2Fwp%2Fv2%2Fmedia&parent=6909"}],"wp:term":[{"taxonomy":"category","embeddable":true,"href":"https:\/\/baraka.cc\/index.php?rest_route=%2Fwp%2Fv2%2Fcategories&post=6909"},{"taxonomy":"post_tag","embeddable":true,"href":"https:\/\/baraka.cc\/index.php?rest_route=%2Fwp%2Fv2%2Ftags&post=6909"}],"curies":[{"name":"wp","href":"https:\/\/api.w.org\/{rel}","templated":true}]}}