{"id":693,"date":"2010-02-12T12:50:43","date_gmt":"2010-02-12T09:50:43","guid":{"rendered":"https:\/\/baraka.cc\/?p=693"},"modified":"2014-01-02T12:51:13","modified_gmt":"2014-01-02T09:51:13","slug":"bu-abluka-daitilacak","status":"publish","type":"post","link":"https:\/\/baraka.cc\/?p=693","title":{"rendered":"BU ABLUKA DA?ITILACAK!"},"content":{"rendered":"<p><span style=\"font-size: 11pt; line-height: 150%; font-family: Verdana;\">\u00a0<\/span><\/p>\n<p class=\"MsoNormal\" style=\"margin: 0cm 0cm 0pt; line-height: 150%; text-align: justify;\"><span style=\"font-size: 11pt; line-height: 150%; font-family: Verdana;\"><strong>BU ABLUKA DA?ITILACAK!<\/strong><\/span><\/p>\n<p><span style=\"font-size: 11pt; line-height: 150%; font-family: Verdana;\"><strong>\u00a0\u00a0\u00a0 <\/strong><\/span><\/p>\n<p class=\"MsoNormal\" style=\"margin: 0cm 0cm 0pt; line-height: 150%; text-align: justify;\"><a href=\"https:\/\/www.baraka.cc\/images\/stories\/bad1.jpg\" target=\"_blank\"><img decoding=\"async\" loading=\"lazy\" alt=\" \" src=\"https:\/\/www.baraka.cc\/images\/stories\/bad1.jpg\" width=\"200\" height=\"150\" align=\"left\" border=\"2\" \/><\/a>Baraka Aktivistleri 09\/02\/2010 Ba?bakanlyk I?yklarynda &#8220;UMUTLARIN KU?ATILMASIN BU ABLUKA DA?ITILACAK&#8221; yazyly bir pankart ve Baraka bayraklary e?li?inde a?a?ydaki bildiriyi da?ytmy?lardyr.<\/p>\n<p class=\"MsoNormal\" style=\"margin: 0cm 0cm 0pt; line-height: 150%; text-align: justify;\">\n<p class=\"MsoNormal\" style=\"margin: 0cm 0cm 0pt; line-height: 150%; text-align: justify;\">\n<p><span style=\"font-size: 11pt; line-height: 150%; font-family: Verdana;\">\u00a0\u00a0\u00a0\u00a0<\/span><span style=\"font-size: 11pt; line-height: 150%; font-family: Verdana;\"><span>\u00a0\u00a0\u00a0\u00a0\u00a0\u00a0\u00a0\u00a0\u00a0 <\/span><\/span><\/p>\n<p><strong>BU ABLUKA DA?ITILACAK!<\/strong><\/p>\n<p class=\"MsoNormal\" style=\"margin: 0cm 0cm 0pt; line-height: 150%; text-align: justify;\"><span style=\"font-size: 11pt; line-height: 150%; font-family: Verdana;\"><span>\u00a0\u00a0\u00a0\u00a0\u00a0\u00a0\u00a0 <\/span><br \/>\nFa?ist UBP H\u00fck\u00fcmeti; toplumsal duyarlyly?y, kendi verdi?i s\u00f6zleri ve her t\u00fcrl\u00fc demokratik team\u00fcl\u00fc hi\u00e7e sayarak G\u00d6\u00c7 YASASI\u2019ny Meclis\u2019ten ge\u00e7ireli yakla?yk 2 ay oluyor. <\/span><\/p>\n<p><span style=\"font-size: 11pt; line-height: 150%; font-family: Verdana;\">\u00a0\u00a0\u00a0<\/span><span style=\"font-size: 11pt; line-height: 150%; font-family: Verdana;\"><span>\u00a0\u00a0\u00a0\u00a0\u00a0\u00a0\u00a0\u00a0\u00a0\u00a0 <\/span><\/span><\/p>\n<p class=\"MsoNormal\" style=\"margin: 0cm 0cm 0pt; line-height: 150%; text-align: justify;\"><span style=\"font-size: 11pt; line-height: 150%; font-family: Verdana;\">Bildi?iniz gibi s\u00f6z konusu yasa, \u00e7aly?anlaryn \u00f6rg\u00fctl\u00fc bir ?ekilde hak aramasynyn \u00f6n\u00fcne ge\u00e7mekte, emek\u00e7ilerin \u00e7aly?ma ya?amyndaki haklaryny ilerletmesini \u00f6rg\u00fctl\u00fc m\u00fccadeleye de?il h\u00fck\u00fcmetlerin insafyna terk etmektedir. Bunun yanynda kamu g\u00f6revine giri?te alynacak \u00fccretleri dramatik bir bi\u00e7imde d\u00fc?\u00fcr\u00fcrken; \u00f6zel sekt\u00f6rde de \u00fccretlerin d\u00fc?\u00fcr\u00fclmesinin \u00f6n\u00fcn\u00fc a\u00e7maktadyr. Bu yetmezmi? gibi S\u00d6ZDE \u201charcayacak parasy olmayan\u201d h\u00fck\u00fcmet, artyk \u00f6zel sekt\u00f6r patronlary adyna \u00e7aly?anlaryn yatyrym sorumlulu?unu da \u00fcstlenece?ini a\u00e7yklamy?tyr. Yani her fa?ist h\u00fck\u00fcmet gibi, \u00e7aly?anlaryn haklaryny geriletirken patronlaryn ceplerini koruyan UBP h\u00fck\u00fcmeti, \u00fcstelik se\u00e7im d\u00f6neminde bu yaptyklarynyn tam tersini de s\u00f6ylemi? olan YALANCI bir h\u00fck\u00fcmettir. Bu sebeple UBP\u2019nin hi\u00e7bir s\u00f6z\u00fcne g\u00fcvenilemeyece?i kendi pratikleri ile ispatlanmy?tyr.<\/span><\/p>\n<p><span style=\"font-size: 11pt; line-height: 150%; font-family: Verdana;\">\u00a0\u00a0\u00a0<\/span><span style=\"font-size: 11pt; line-height: 150%; font-family: Verdana;\"><span>\u00a0\u00a0\u00a0\u00a0\u00a0\u00a0\u00a0\u00a0\u00a0\u00a0 <\/span><\/span><\/p>\n<p class=\"MsoNormal\" style=\"margin: 0cm 0cm 0pt; line-height: 150%; text-align: justify;\"><span style=\"font-size: 11pt; line-height: 150%; font-family: Verdana;\"><a href=\"https:\/\/www.baraka.cc\/images\/stories\/bad2.jpg\" target=\"_blank\"><img decoding=\"async\" loading=\"lazy\" alt=\" \" src=\"https:\/\/www.baraka.cc\/images\/stories\/bad2.jpg\" width=\"200\" height=\"150\" align=\"left\" border=\"2\" \/><\/a>G\u00f6\u00e7 Yasasy, Meclis\u2019ten ge\u00e7irilirken emek\u00e7ilerin Meclis kapysy \u00f6n\u00fcnde nasyl bir muameleye maruz byrakyldy?yny hepimiz biliyoruz. Coplar, gaz bombalary, tutuklamalar ve a\u00e7yk polis ?iddeti; emek\u00e7ilerin kararlyly?yny azaltmamy? aksine arttyrmy?tyr. ?imdi \u00f6n\u00fcm\u00fcze tutuklanan emek\u00e7ilerin davalar yolu ile taciz edilmesi s\u00fcreci \u00e7ykarylmy?tyr. Bizler hi\u00e7bir baskynyn bizi yolumuzdan d\u00f6nd\u00fcremeyece?ini, mahkeme s\u00fcrecini G\u00d6\u00c7 YASASI\u2019nyn ve polis ?iddetinin yargylandy?y bir arenaya \u00e7evirmeye kararly oldu?umuzu, bu yasanyn y\u00fcr\u00fcrl\u00fc?e girmemesi e?er y\u00fcr\u00fcrl\u00fc?e girerse de geri alynmasy i\u00e7in her t\u00fcrl\u00fc m\u00fccadeleyi devam ettirece?imizi ilan ediyoruz. Baraka\u2019nyn asli m\u00fccadele \u00e7izgisi halen G\u00d6\u00c7 YASASI\u2019na kar?y bir m\u00fccadeledir. Mahkeme s\u00fcreci veya \u201cdavalaryn geri \u00e7ektirilmesi m\u00fccadelesi\u201d diye bir sorunumuz yoktur!<\/span><\/p>\n<p class=\"MsoNormal\" style=\"margin: 0cm 0cm 0pt; line-height: 150%; text-align: justify;\"><span style=\"font-size: 11pt; line-height: 150%; font-family: Verdana;\">\u00a0\u00a0\u00a0<\/span><span style=\"font-size: 11pt; line-height: 150%; font-family: Verdana;\"><span>\u00a0\u00a0 <\/span><br \/>\nBu sebeple G\u00f6\u00e7 Yasasy\u2019na kar?y olan t\u00fcm halkymyzy, hedef saptyrmaya \u00e7aly?an Egemen Blok\u2019un kar?ysynda birlik olmaya, t\u00fcm g\u00fcc\u00fcm\u00fczle bizi bu adadan s\u00f6k\u00fcp atmaya \u00e7aly?anlara kar?y direnmeye \u00e7a?yryyoruz. Emek\u00e7i d\u00fc?many, sermaye dostu, fa?ist\/i?birlik\u00e7i UBP ve onun kopyasy niteli?indeki s\u00f6zde muhalefet kar?ysynda; y\u00fcr\u00fct\u00fclen eylemlere ve imza kampanyasyna katylalym! Kendi gelece?imizi kendi ellerimize alabilece?imizi g\u00f6sterelim!<\/span><\/p>\n<p class=\"MsoNormal\" style=\"margin: 0cm 0cm 0pt; line-height: 150%; text-align: justify;\"><span style=\"font-size: 11pt; line-height: 150%; font-family: Verdana;\"><br \/>\nBU ABLUKAYI DA?ITALIM!<\/span><\/p>\n<p><span style=\"font-size: 11pt; line-height: 150%; font-family: Verdana;\">\u00a0\u00a0\u00a0 <\/span><span style=\"font-size: 11pt; line-height: 150%; font-family: Verdana;\">\u00a0<\/span><span style=\"font-size: 11pt; line-height: 150%; font-family: Verdana;\">\u00a0<\/span><\/p>\n","protected":false},"excerpt":{"rendered":"<p>\u00a0 BU ABLUKA DA?ITILACAK! \u00a0\u00a0\u00a0 Baraka Aktivistleri 09\/02\/2010 Ba?bakanlyk I?yklarynda &#8220;UMUTLARIN KU?ATILMASIN BU ABLUKA DA?ITILACAK&#8221; yazyly bir pankart ve Baraka bayraklary e?li?inde a?a?ydaki bildiriyi da?ytmy?lardyr.<\/p>\n","protected":false},"author":1,"featured_media":0,"comment_status":"open","ping_status":"open","sticky":false,"template":"","format":"standard","meta":{"jetpack_post_was_ever_published":false,"_jetpack_newsletter_access":"","_jetpack_newsletter_tier_id":0,"jetpack_publicize_message":"","jetpack_is_tweetstorm":false,"jetpack_publicize_feature_enabled":true,"jetpack_social_post_already_shared":false,"jetpack_social_options":{"image_generator_settings":{"template":"highway","enabled":false}}},"categories":[66],"tags":[],"jetpack_publicize_connections":[],"jetpack_featured_media_url":"","jetpack_shortlink":"https:\/\/wp.me\/p4eHWX-bb","jetpack_sharing_enabled":true,"_links":{"self":[{"href":"https:\/\/baraka.cc\/index.php?rest_route=\/wp\/v2\/posts\/693"}],"collection":[{"href":"https:\/\/baraka.cc\/index.php?rest_route=\/wp\/v2\/posts"}],"about":[{"href":"https:\/\/baraka.cc\/index.php?rest_route=\/wp\/v2\/types\/post"}],"author":[{"embeddable":true,"href":"https:\/\/baraka.cc\/index.php?rest_route=\/wp\/v2\/users\/1"}],"replies":[{"embeddable":true,"href":"https:\/\/baraka.cc\/index.php?rest_route=%2Fwp%2Fv2%2Fcomments&post=693"}],"version-history":[{"count":0,"href":"https:\/\/baraka.cc\/index.php?rest_route=\/wp\/v2\/posts\/693\/revisions"}],"wp:attachment":[{"href":"https:\/\/baraka.cc\/index.php?rest_route=%2Fwp%2Fv2%2Fmedia&parent=693"}],"wp:term":[{"taxonomy":"category","embeddable":true,"href":"https:\/\/baraka.cc\/index.php?rest_route=%2Fwp%2Fv2%2Fcategories&post=693"},{"taxonomy":"post_tag","embeddable":true,"href":"https:\/\/baraka.cc\/index.php?rest_route=%2Fwp%2Fv2%2Ftags&post=693"}],"curies":[{"name":"wp","href":"https:\/\/api.w.org\/{rel}","templated":true}]}}