{"id":6937,"date":"2019-07-03T09:15:15","date_gmt":"2019-07-03T07:15:15","guid":{"rendered":"https:\/\/baraka.cc\/?p=6937"},"modified":"2019-07-03T09:15:15","modified_gmt":"2019-07-03T07:15:15","slug":"baraka-yaz-kampi-sizi-cagiriyor-3","status":"publish","type":"post","link":"https:\/\/baraka.cc\/?p=6937","title":{"rendered":"Baraka Yaz Kamp\u0131 Sizi \u00c7a\u011f\u0131r\u0131yor"},"content":{"rendered":"<p><b>Baraka Yaz Kamp\u0131 Sizi \u00c7a\u011f\u0131r\u0131yor<\/b><\/p>\n<p>&nbsp;<\/p>\n<p>T\u00fcm y\u0131l boyunca ya\u015fanan yo\u011funluk ve yorgunluklar\u0131n ard\u0131ndan birlikte dinlenmek, e\u011flenmek, \u00fcretmek ve tart\u0131\u015fmak i\u00e7in, dostluklar\u0131m\u0131z\u0131 peki\u015ftirmek, yeni bir \u00fcretim ve m\u00fccadele s\u00fcrecine haz\u0131rlanmak i\u00e7in ger\u00e7ekle\u015ftirece\u011fimiz yaz kamp\u0131m\u0131za sizleri de bekliyoruz.<\/p>\n<p>2-4 A\u011fustos tarihleri aras\u0131nda, Akatu (Tatl\u0131su) belediye tesislerinde ger\u00e7ekle\u015ftirece\u011fimiz kamp\u0131m\u0131z \u00e7ad\u0131r kamp\u0131 \u015feklinde olacakt\u0131r. Kamp program\u0131m\u0131zda her zaman oldu\u011fu gibi tiyatro at\u00f6lyesi, kat\u0131l\u0131ml\u0131 m\u00fczik etkinli\u011fi, satran\u00e7, tavla, andrez turnuvalar\u0131, plaj sporlar\u0131 gibi etkinliklerin yan\u0131 s\u0131ra, \u201cK\u00fclt\u00fcrel alan ara\u00e7lar\u0131n\u0131n politik m\u00fccadeleye katk\u0131s\u0131 ve aralar\u0131ndaki diyalektik ili\u015fki\u201d\u00a0 konulu bir de forum (s\u00f6yle\u015fi) ger\u00e7ekle\u015ftirilecektir.<\/p>\n<p>Ki\u015fi ba\u015f\u0131 g\u00fcnl\u00fck konaklama 100 TL olup, bu fiyata sabah kahvalt\u0131s\u0131 ve ak\u015fam yeme\u011fi dahildir. \u00c7ad\u0131rlar, kat\u0131l\u0131mc\u0131lar taraf\u0131ndan temin edilecektir.<\/p>\n<p><a href=\"https:\/\/baraka.cc\/wp-content\/uploads\/2019\/07\/Baraka-Yaz-Kamp\u0131-G\u00f6rsel1.jpg\"><img decoding=\"async\" loading=\"lazy\" class=\"alignnone size-medium wp-image-6939\" alt=\"Baraka Yaz Kamp\u0131 G\u00f6rsel\" src=\"https:\/\/baraka.cc\/wp-content\/uploads\/2019\/07\/Baraka-Yaz-Kamp\u0131-G\u00f6rsel1-214x300.jpg\" width=\"214\" height=\"300\" srcset=\"https:\/\/baraka.cc\/wp-content\/uploads\/2019\/07\/Baraka-Yaz-Kamp\u0131-G\u00f6rsel1-214x300.jpg 214w, https:\/\/baraka.cc\/wp-content\/uploads\/2019\/07\/Baraka-Yaz-Kamp\u0131-G\u00f6rsel1-731x1024.jpg 731w\" sizes=\"(max-width: 214px) 100vw, 214px\" \/><\/a><\/p>\n<p><b>\u00d6NEML\u0130 NOT: Kamp\u0131m\u0131za kat\u0131l\u0131m s\u0131n\u0131rl\u0131 say\u0131da olup, kat\u0131l\u0131mc\u0131lar\u0131n en ge\u00e7 12 Temmuz 2019 tarihi saat 17:30\u2019a kadar a\u015fa\u011f\u0131daki ileti\u015fim numaralar\u0131ndan kay\u0131t yapt\u0131rmalar\u0131 gerekmektedir.\u00a0<\/b><\/p>\n<p><b>\u00a0<\/b><\/p>\n<p><b>\u0130leti\u015fim: 0542 853 79 69 ve 0542 851 48 20<\/b><\/p>\n","protected":false},"excerpt":{"rendered":"<p>Baraka Yaz Kamp\u0131 Sizi \u00c7a\u011f\u0131r\u0131yor &nbsp; T\u00fcm y\u0131l boyunca ya\u015fanan yo\u011funluk ve yorgunluklar\u0131n ard\u0131ndan birlikte dinlenmek, e\u011flenmek, \u00fcretmek ve tart\u0131\u015fmak i\u00e7in, dostluklar\u0131m\u0131z\u0131 peki\u015ftirmek, yeni bir<\/p>\n","protected":false},"author":13,"featured_media":6938,"comment_status":"open","ping_status":"open","sticky":false,"template":"","format":"standard","meta":{"jetpack_post_was_ever_published":false,"_jetpack_newsletter_access":"","_jetpack_newsletter_tier_id":0,"jetpack_publicize_message":"Baraka Yaz Kamp\u0131 Sizi \u00c7a\u011f\u0131r\u0131yor","jetpack_is_tweetstorm":false,"jetpack_publicize_feature_enabled":true,"jetpack_social_post_already_shared":true,"jetpack_social_options":{"image_generator_settings":{"template":"highway","enabled":false}}},"categories":[45,55],"tags":[],"jetpack_publicize_connections":[],"jetpack_featured_media_url":"https:\/\/baraka.cc\/wp-content\/uploads\/2019\/07\/kamp-2.jpg","jetpack_shortlink":"https:\/\/wp.me\/p4eHWX-1NT","jetpack_sharing_enabled":true,"_links":{"self":[{"href":"https:\/\/baraka.cc\/index.php?rest_route=\/wp\/v2\/posts\/6937"}],"collection":[{"href":"https:\/\/baraka.cc\/index.php?rest_route=\/wp\/v2\/posts"}],"about":[{"href":"https:\/\/baraka.cc\/index.php?rest_route=\/wp\/v2\/types\/post"}],"author":[{"embeddable":true,"href":"https:\/\/baraka.cc\/index.php?rest_route=\/wp\/v2\/users\/13"}],"replies":[{"embeddable":true,"href":"https:\/\/baraka.cc\/index.php?rest_route=%2Fwp%2Fv2%2Fcomments&post=6937"}],"version-history":[{"count":1,"href":"https:\/\/baraka.cc\/index.php?rest_route=\/wp\/v2\/posts\/6937\/revisions"}],"predecessor-version":[{"id":6940,"href":"https:\/\/baraka.cc\/index.php?rest_route=\/wp\/v2\/posts\/6937\/revisions\/6940"}],"wp:featuredmedia":[{"embeddable":true,"href":"https:\/\/baraka.cc\/index.php?rest_route=\/wp\/v2\/media\/6938"}],"wp:attachment":[{"href":"https:\/\/baraka.cc\/index.php?rest_route=%2Fwp%2Fv2%2Fmedia&parent=6937"}],"wp:term":[{"taxonomy":"category","embeddable":true,"href":"https:\/\/baraka.cc\/index.php?rest_route=%2Fwp%2Fv2%2Fcategories&post=6937"},{"taxonomy":"post_tag","embeddable":true,"href":"https:\/\/baraka.cc\/index.php?rest_route=%2Fwp%2Fv2%2Ftags&post=6937"}],"curies":[{"name":"wp","href":"https:\/\/api.w.org\/{rel}","templated":true}]}}