{"id":6956,"date":"2019-07-19T09:31:29","date_gmt":"2019-07-19T07:31:29","guid":{"rendered":"https:\/\/baraka.cc\/?p=6956"},"modified":"2019-07-19T09:31:29","modified_gmt":"2019-07-19T07:31:29","slug":"bagimsiz-kibris-eylemine-cagri","status":"publish","type":"post","link":"https:\/\/baraka.cc\/?p=6956","title":{"rendered":"Ba\u011f\u0131ms\u0131z K\u0131br\u0131s Eylemine \u00c7a\u011fr\u0131;"},"content":{"rendered":"<p><b>Ba\u011f\u0131ms\u0131z K\u0131br\u0131s Eylemine \u00c7a\u011fr\u0131;<br \/>\n<\/b>Her y\u0131l oldu\u011fu gibi bu y\u0131l da \u00fclkemizdeki t\u00fcm i\u015fgallere kar\u015f\u0131 \u00e7\u0131kmak, TC\u2019nin K\u0131br\u0131s\u2019\u0131n kuzeyinde yer alan ta\u015feron i\u015fgali protesto etmek amac\u0131yla 14 A\u011fustos\u2019ta sokaktay\u0131z&#8230;<br \/>\n\u201cBa\u011f\u0131ms\u0131z K\u0131br\u0131s\u201d eyleminin bu y\u0131lki organizasyonu i\u00e7in duyarl\u0131 t\u00fcm \u00f6rg\u00fctleri 23 Temmuz Sal\u0131 g\u00fcn\u00fc saat 19.00\u2019da Baraka K\u00fclt\u00fcr Merkezi lokalinde ger\u00e7ekle\u015ftirece\u011fimiz ilk toplant\u0131ya \u00e7a\u011f\u0131r\u0131r\u0131z&#8230;<\/p>\n<p>Ba\u011f\u0131ms\u0131z K\u0131br\u0131s B\u00fct\u00fcn Halklar Karde\u015ftir&#8230;<\/p>\n","protected":false},"excerpt":{"rendered":"<p>Ba\u011f\u0131ms\u0131z K\u0131br\u0131s Eylemine \u00c7a\u011fr\u0131; Her y\u0131l oldu\u011fu gibi bu y\u0131l da \u00fclkemizdeki t\u00fcm i\u015fgallere kar\u015f\u0131 \u00e7\u0131kmak, TC\u2019nin K\u0131br\u0131s\u2019\u0131n kuzeyinde yer alan ta\u015feron i\u015fgali protesto etmek<\/p>\n","protected":false},"author":13,"featured_media":6958,"comment_status":"open","ping_status":"open","sticky":false,"template":"","format":"standard","meta":{"jetpack_post_was_ever_published":false,"_jetpack_newsletter_access":"","_jetpack_newsletter_tier_id":0,"jetpack_publicize_message":"Ba\u011f\u0131ms\u0131z K\u0131br\u0131s Eylemine \u00c7a\u011fr\u0131;","jetpack_is_tweetstorm":false,"jetpack_publicize_feature_enabled":true,"jetpack_social_post_already_shared":true,"jetpack_social_options":{"image_generator_settings":{"template":"highway","enabled":false}}},"categories":[54],"tags":[],"jetpack_publicize_connections":[],"jetpack_featured_media_url":"https:\/\/baraka.cc\/wp-content\/uploads\/2019\/07\/ba\u011f\u0131ms\u0131z-k\u0131br\u0131s.jpeg","jetpack_shortlink":"https:\/\/wp.me\/p4eHWX-1Oc","jetpack_sharing_enabled":true,"_links":{"self":[{"href":"https:\/\/baraka.cc\/index.php?rest_route=\/wp\/v2\/posts\/6956"}],"collection":[{"href":"https:\/\/baraka.cc\/index.php?rest_route=\/wp\/v2\/posts"}],"about":[{"href":"https:\/\/baraka.cc\/index.php?rest_route=\/wp\/v2\/types\/post"}],"author":[{"embeddable":true,"href":"https:\/\/baraka.cc\/index.php?rest_route=\/wp\/v2\/users\/13"}],"replies":[{"embeddable":true,"href":"https:\/\/baraka.cc\/index.php?rest_route=%2Fwp%2Fv2%2Fcomments&post=6956"}],"version-history":[{"count":1,"href":"https:\/\/baraka.cc\/index.php?rest_route=\/wp\/v2\/posts\/6956\/revisions"}],"predecessor-version":[{"id":6959,"href":"https:\/\/baraka.cc\/index.php?rest_route=\/wp\/v2\/posts\/6956\/revisions\/6959"}],"wp:featuredmedia":[{"embeddable":true,"href":"https:\/\/baraka.cc\/index.php?rest_route=\/wp\/v2\/media\/6958"}],"wp:attachment":[{"href":"https:\/\/baraka.cc\/index.php?rest_route=%2Fwp%2Fv2%2Fmedia&parent=6956"}],"wp:term":[{"taxonomy":"category","embeddable":true,"href":"https:\/\/baraka.cc\/index.php?rest_route=%2Fwp%2Fv2%2Fcategories&post=6956"},{"taxonomy":"post_tag","embeddable":true,"href":"https:\/\/baraka.cc\/index.php?rest_route=%2Fwp%2Fv2%2Ftags&post=6956"}],"curies":[{"name":"wp","href":"https:\/\/api.w.org\/{rel}","templated":true}]}}