{"id":696,"date":"2010-03-26T12:52:28","date_gmt":"2010-03-26T09:52:28","guid":{"rendered":"https:\/\/baraka.cc\/?p=696"},"modified":"2014-01-02T12:53:08","modified_gmt":"2014-01-02T09:53:08","slug":"ataturk-oretmen-akademisi-orencileri-direniyor","status":"publish","type":"post","link":"https:\/\/baraka.cc\/?p=696","title":{"rendered":"Atat\u00fcrk \u00d6?retmen Akademisi \u00d6?rencileri Direniyor!"},"content":{"rendered":"<p class=\"MsoNormal\" style=\"text-align: justify; line-height: 200%; margin: 0cm 0cm 0pt;\"><strong><span style=\"font-family: Verdana;\"><span style=\"font-size: medium;\">Atat\u00fcrk \u00d6?retmen Akademisi \u00d6?rencileri Direniyor!<\/span><\/span><\/strong><\/p>\n<p><strong><span style=\"font-family: Verdana;\"><span style=\"font-size: medium;\">\u00a0\u00a0\u00a0 <\/span><\/span><\/strong><\/p>\n<p class=\"MsoNormal\" style=\"text-align: justify; line-height: 200%; margin: 0cm 0cm 0pt;\"><span style=\"font-family: Verdana;\"><span style=\"font-size: medium;\"><a href=\"https:\/\/www.baraka.cc\/images\/stories\/aoa1.jpg\" target=\"_blank\"><img decoding=\"async\" loading=\"lazy\" alt=\" \" src=\"https:\/\/www.baraka.cc\/images\/stories\/aoa1.jpg\" width=\"200\" height=\"97\" align=\"left\" border=\"2\" \/><\/a>Atat\u00fcrk \u00d6?retmen Akademisi (A\u00d6A) \u00d6?renci Konseyi, Milli E?itim Gen\u00e7lik ve Spor Bakanly?y \u00f6n\u00fcnde eylem yaparak, bakanly?yn YD\u00dc Okul \u00d6ncesi \u00d6?retmenli?i lisans programy a\u00e7ma ba?vurusuna onay veren iznini geri almasyny istedi. Bu iznin A\u00d6A\u2019yy kapatmaya kadar g\u00f6t\u00fcrebilece?ini savunan Akademi \u00f6?rencileri, bakanlyk imzayy geri alana kadar eylemleri s\u00fcrd\u00fcreceklerini bildirdiler. Son 3 g\u00fcnden beri eylemlerini kesintisiz s\u00fcrd\u00fcren ve derslere girmeyen \u00f6?renciler, 25 Mart 2010 tarihinde de siyah elbiseleriyle Lefko?a Otob\u00fcs Terminali\u2019nden y\u00fcr\u00fcyerek bakanlyk \u00f6n\u00fcne gittiler. Milli E?itim, Gen\u00e7lik ve Spor Bakanly?y \u00f6n\u00fcndeki eyleme Baraka K\u00fclt\u00fcr Merkezi, KT\u00d6S, KTAMS, Dev-Y?, T\u00fcrk-Sen,\u00a0Typ-Y? ve bazy milletvekilleri de destek verdi. <\/span><\/span><\/p>\n<p class=\"MsoNormal\" style=\"text-align: justify; line-height: 200%; margin: 0cm 0cm 0pt;\"><span style=\"font-family: Verdana;\"><span style=\"font-size: medium;\">\u00a0\u00a0 <\/span><\/span><\/p>\n<p class=\"MsoNormal\" style=\"text-align: justify; line-height: 200%; margin: 0cm 0cm 0pt;\"><span style=\"font-family: Verdana;\"><span style=\"font-size: medium;\">\u201cA\u00d6A\u2019yy kapattyrmayyz\u201d, \u201cYmzany Geri Al, A\u00d6A Direni?e Devam Edecek\u201d,<a href=\"https:\/\/www.baraka.cc\/images\/stories\/aoa2.jpg\" target=\"_blank\"><img decoding=\"async\" loading=\"lazy\" alt=\" \" src=\"https:\/\/www.baraka.cc\/images\/stories\/aoa2.jpg\" width=\"200\" height=\"131\" align=\"right\" border=\"2\" \/><\/a> \u201cG\u00f6\u00e7 \u00d6n Yzni Onaylandy\u201d, \u201cA\u00d6A Halkyndyr\u201d, \u201cDaha Fazla \u00d6?retmen Y?siz Kalmasyn\u201d yazyly pankartlar ta?yyan \u00f6?renciler, \u201cParasyz e?itim, demokratik e?itim\u201d, \u201cimzany geri \u00e7ek\u201d ve \u201cD\u00fcr\u00fcst\u00e7e satyldyk\u201d sloganlary attylar.\u00a0 \u00d6?renciler, alky?larla, d\u00fcd\u00fck ve trompet \u00e7alarak seslerini duyurmaya \u00e7aly?tylar. <\/span><\/span><\/p>\n<p class=\"MsoNormal\" style=\"text-align: justify; line-height: 200%; margin: 0cm 0cm 0pt;\"><span style=\"font-family: Verdana;\"><span style=\"font-size: medium;\">\u00a0\u00a0\u00a0 <\/span><\/span><\/p>\n<p><span style=\"font-family: Verdana;\"><span style=\"font-size: medium;\">\u00a0\u00a0\u00a0\u00a0<\/span><\/span><span style=\"font-family: Verdana;\"><span style=\"font-size: medium;\">\u00a0<\/span><\/span><\/p>\n<p class=\"MsoNormal\" style=\"text-align: justify; line-height: 200%; margin: 0cm 0cm 0pt;\"><span style=\"font-family: Verdana;\"><span style=\"font-size: medium;\"><a href=\"https:\/\/www.baraka.cc\/images\/stories\/aoa3.jpg\" target=\"_blank\"><img decoding=\"async\" loading=\"lazy\" alt=\" \" src=\"https:\/\/www.baraka.cc\/images\/stories\/aoa3.jpg\" width=\"200\" height=\"133\" align=\"left\" border=\"2\" \/><\/a>A\u00d6A \u00d6?renci Konseyi adyna basyn a\u00e7yklamasyny yapan Ysmail \u00d6zu\u00e7ar ise, konu?masyny sembolik olarak duvara yapty. \u00d6zu\u00e7ar, e?itimin temel bir hak oldu?unu ve satylamayaca?yny belirterek, devletin tek \u00f6?retmen yeti?tiren kurumu \u00f6zelle?tirmeye veya kapatmaya sebep olacak giri?imlerde bulunmasynyn\u00a0 acy verici oldu?unu s\u00f6yledi. \u00d6zu\u00e7ar, YD\u00dc\u2019ye verilen iznin A\u00d6A\u2019yy kapatmaya kadar g\u00f6t\u00fcrebilece?ini belirterek, bakanlyk s\u00f6z konusu imzayy geri alana kadar t\u00fcm A\u00d6A \u00f6?rencileri olarak eylemleri s\u00fcrd\u00fcreceklerini bildirdi. S\u00f6z konusu imzayla A\u00d6A\u2019ya derin bir darbe vuruldu?unu s\u00f6yleyen \u00d6zu\u00e7ar, bakanly?y imzasyny geri almasy i\u00e7in herkesten destek istedi.<\/span><\/span><\/p>\n<p><span style=\"font-family: Verdana;\"><span style=\"font-size: medium;\">\u00a0\u00a0\u00a0\u00a0<\/span><\/span><span style=\"font-family: Verdana;\"><span style=\"font-size: medium;\">\u00a0<\/span><\/span><\/p>\n<p class=\"msonospacing\" style=\"text-align: justify; line-height: 200%; margin: 0cm 0cm 0pt;\"><span style=\"line-height: 200%; font-family: Verdana; font-size: 11pt;\">\u00d6?renci Konseyi Ba?kany Hazal Eren, 2 ?ubat\u2019ta Milli E?itim ve Spor Bakany Kemal D\u00fcr\u00fcst\u2019\u00fcn Yakyn Do?u \u00dcniversitesi\u2019nin okul \u00f6ncesi \u00f6?retmenli?i lisans programy a\u00e7ma ba?vurusuna onay verdi?ini i\u00e7eren yazyyy imzalady?yny, A\u00d6A \u00f6?rencileri olarak, okullaryny kapatmaya kadar g\u00f6t\u00fcrece?ini ileri s\u00fcrd\u00fckleri bu \u00f6n izne tepki koymak i\u00e7in toplandyklaryny s\u00f6yledi. E?itim Bakany\u2019nyn atty?y bu imzayla, devletin tek \u00f6?retmen yeti?tiren kurumu olan A\u00d6A\u2019ya son ve en derin darbeyi de vurmaya hazyrlandy?yny s\u00f6yleyen Eren, \u201cE?itimde fyrsat e?itli?i ady altynda yapylan se\u00e7im politikasy ve oy kaygysy g\u00fcden bu zihniyetle, kapaly kapylar ardynda, halktan saklanarak atylan imzalarla typky daha \u00f6nce Hem?irelik Y\u00fcksek Okulu\u2019na yapyldy?y gibi A\u00d6A\u2019nyn da kapatylmasynyn hedeflendi?i a\u00e7yk\u00e7a g\u00f6r\u00fclmektedir\u201d dedi.\u00a0Eren, A\u00d6A\u2019nyn 1937\u2019den beri devletin, e?itimin ama\u00e7laryna uygun bir bi\u00e7imde vermi? oldu?u planly \u00f6?retmen yeti?tirme programyny yyllardyr devam ettirdi?ini belirterek, \u201csermayeye ho? g\u00f6r\u00fcnme adyna atylan bu imzanyn\u201d, toplumun bu de?erini yitirmesine sebep olaca?yny savundu. Bu imzanyn, \u00fclkede \u00f6?retmen yeti?tiren yegane kurumu \u00f6zelle?tirerek, \u201csermayenin, e?itimi kendi \u00e7ykarlaryna g\u00f6re ?ekillendirmesine sebep olaca?yny\u201d iddia eden Eren, \u201cSa?ly?yn \u00f6zelle?tirilmesinin en \u00e7arpycy ve acymasyz \u00f6rneklerinin ya?andy?y bu g\u00fcnlerde, devletin tek \u00f6?retmen yeti?tiren kurumuna da el atyp \u00f6zelle?tirilmesine veya kapatylmasyna sebep olunacak giri?imlerde bulunulmasy acy verici bir noktadyr\u201d diye konu?tu.<\/span><\/p>\n<p class=\"msonospacing\" style=\"text-align: justify; line-height: 200%; margin: 0cm 0cm 0pt;\">\n<p class=\"msonospacing\" style=\"text-align: justify; line-height: 200%; margin: 0cm 0cm 0pt;\"><span style=\"line-height: 200%; font-family: Verdana; font-size: 11pt;\">A\u00d6A \u00d6?rencisi Erdo?an Emiro?ullary; \u201cB\u00f6yle bir izin verilmeyecekti. Atat\u00fcrk \u00d6?retmen Akademisi neden var? A\u00e7ylan synavla \u00f6?retmen ihtiyacyna g\u00f6re en ba?aryly 50 ki?i alynyyor ve \u00fcst d\u00fczey e?itim g\u00f6r\u00fcyor bu nitelikteki bir sistem bozulmamaly. \u00d6zel okulda her girenin diploma aldy?y bir sistemde ?imdiki nitelikte \u00f6?retmenler yeti?tirilemeyecek. Bu yapylan bizlere haksyzlyktyr. Verilen izin, A\u00d6A\u2019nyn kapatylmasyna ve nitelikli \u00f6?retmen yeti?memesine yol a\u00e7acak.\u201d<\/span><\/p>\n<p><span style=\"line-height: 200%; font-family: Verdana; font-size: 11pt;\">\u00a0\u00a0\u00a0<\/span><span style=\"line-height: 200%; font-family: Verdana; font-size: 11pt;\">\u00a0<\/span><\/p>\n<p class=\"msonospacing\" style=\"text-align: justify; line-height: 200%; margin: 0cm 0cm 0pt;\"><span style=\"line-height: 200%; font-family: Verdana; font-size: 11pt;\">A\u00d6A \u00d6?rencisi \u00dclk\u00fc Beyo?lu: \u201cDevlet eliyle devletin sistemi \u00e7\u00fcr\u00fct\u00fcl\u00fcyor, s\u00f6z konusu sorun paraly e?itim ve verilecek nitelikli e?itimin de \u00f6tesindedir. Bilin\u00e7li ve eksi?e g\u00f6re yeti?tirilen \u00f6?retmen sisteminin dy?yna \u00e7ykyldy?y zaman, \u00fclkede ya?anan i?sizlik sorunu iki katyna \u00e7ykacak\u201d\u00a0<\/span><\/p>\n<p class=\"msonospacing\" style=\"text-align: justify; line-height: 200%; margin: 0cm 0cm 0pt;\">\n<p class=\"msonospacing\" style=\"text-align: justify; line-height: 200%; margin: 0cm 0cm 0pt;\"><span style=\"line-height: 200%; font-family: Verdana; font-size: 11pt;\"><a href=\"https:\/\/www.baraka.cc\/images\/stories\/aoa4.jpg\" target=\"_blank\"><img decoding=\"async\" loading=\"lazy\" alt=\" \" src=\"https:\/\/www.baraka.cc\/images\/stories\/aoa4.jpg\" width=\"200\" height=\"99\" align=\"left\" border=\"2\" \/><\/a>25 Mart 2010 ak?amy ise KT\u00d6S yetkililerinin giri?imi ile A\u00d6A \u00f6?rencilerinin aileleri ile bir bilgilendirme toplantysy yapyldy ve ailelerden olu?an bir komite kuruldu.<\/span><\/p>\n<p class=\"msonospacing\" style=\"text-align: justify; line-height: 200%; margin: 0cm 0cm 0pt;\"><span style=\"line-height: 200%; font-family: Verdana; font-size: 11pt;\">\u00a0\u00a0\u00a0 <\/span><\/p>\n<p><span style=\"line-height: 200%; font-family: Verdana; font-size: 11pt;\">\u00a0\u00a0\u00a0\u00a0<\/span><span style=\"font-family: Verdana;\"><span style=\"font-size: medium;\">\u00a0<\/span><\/span><\/p>\n<p class=\"MsoNormal\" style=\"text-align: justify; line-height: 200%; margin: 0cm 0cm 0pt;\"><span style=\"font-family: Verdana;\"><span style=\"font-size: medium;\">A\u00d6A \u00d6?rencilerinin Bildirisi:<\/span><\/span><\/p>\n<p><span style=\"font-family: Verdana;\"><span style=\"font-size: medium;\">\u00a0\u00a0 <\/span><\/span><\/p>\n<p class=\"MsoNormal\" style=\"text-align: justify; line-height: 200%; margin: 0cm 0cm 0pt;\"><span style=\"font-family: Verdana;\"><span style=\"font-size: medium;\">2 ?ubat 2010\u2019da Milli E?itim ve Spor Bakany Sayyn Kemal D\u00fcr\u00fcst\u2019\u00fcn \u00f6zel bir \u00fcniversitenin \u201cOkul \u00d6ncesi \u00d6?retmenli?i\u201d lisans programy a\u00e7ma ba?vurusuna onay verdi?ini i\u00e7eren yazyyy imzalayyp, gereken \u201ca\u00e7ma \u00f6n izni\u201d vermesi \u00fczerine bug\u00fcn burada A\u00d6A \u00d6?rencileri olarak okulumuzu kapatmaya kadar g\u00f6t\u00fcrecek olan bu izne kar?yyyz.<\/span><\/span><\/p>\n<p class=\"MsoNormal\" style=\"text-align: justify; line-height: 200%; margin: 0cm 0cm 0pt;\"><span style=\"font-family: Verdana;\"><span style=\"font-size: medium;\">\u00a0\u00a0 <\/span><\/span><span style=\"font-family: Verdana;\"><br \/>\n<span style=\"font-size: medium;\">Son zamanlarda devam eden, ardy kesilmeyen ve i?\u00e7i \u2013 emek\u00e7ilere kar?y yapylan saldyrylara bir yenisi daha eklendi. \u201c?effaf\u201d e?itim sistemi kaygysyyla yeni d\u00f6neme ba?layan e?itim bakany atty?y \u00f6n izin imzasyyla devletin tek \u00f6?retmen yeti?tiren kurumu olan A\u00d6A\u2019ya son ve en derin darbeyi de vurmaya hazyrlanyyor. S\u00f6zde e?itimde fyrsat e?itli?i ady altynda yapylan se\u00e7im politikasy ve oy kaygysy g\u00fcden bu zihniyetle, kapaly kapylar ardynda, halktan saklanarak atylan imzalarla typky daha \u00f6nce Hem?irelik Y\u00fcksek Okulu\u2019na yapyldy?y gibi A\u00d6A\u2019nyn da kapatylmasynyn hedeflendi?i a\u00e7yk\u00e7a g\u00f6r\u00fclmektedir.<\/span><\/span><\/p>\n<p><span style=\"font-family: Verdana;\"><span style=\"font-size: medium;\">\u00a0\u00a0\u00a0<\/span><\/span><span style=\"font-family: Verdana;\"><span style=\"font-size: medium;\">\u00a0<\/span><\/span><\/p>\n<p class=\"MsoNormal\" style=\"text-align: justify; line-height: 200%; margin: 0cm 0cm 0pt;\"><span style=\"font-family: Verdana;\"><span style=\"font-size: medium;\">A\u00d6A\u2019nyn 1937\u2019den beri devletin, e?itimin ama\u00e7laryna uygun bir bi\u00e7imde vermi? oldu?u planly \u00f6?retmen yeti?tirme programy yyllardyr devam etmektedir. Fakat sermayeye ho? g\u00f6r\u00fcnme adyna atylan bu imza toplumun bu de?erini tamamen yitirmesine sebep olacaktyr.<\/span><\/span><\/p>\n<p class=\"MsoNormal\" style=\"text-align: justify; line-height: 200%; margin: 0cm 0cm 0pt;\"><span style=\"font-family: Verdana;\"><span style=\"font-size: medium;\">\u00a0\u00a0 <\/span><\/span><span style=\"font-family: Verdana;\"><br \/>\n<span style=\"font-size: medium;\">Bu imza, \u00fclkemizde \u00f6?retmen yeti?tiren \u201cyegane\u201d kurumu \u00f6zelle?tirerek; sermayenin, e?itimi kendi \u00e7ykarlaryna g\u00f6re ?ekillendirmesine sebep olacaktyr. Sa?lyk ve e?itim insanlaryn en temel haklarydyr. Sa?ly?yn \u00f6zelle?tirilmesinin en \u00e7arpycy ve acymasyz \u00f6rneklerini ya?ady?ymyz bug\u00fcnlerde, devletin tek \u00f6?retmen yeti?tiren kurumuna da el atylyp, \u00f6zelle?tirilmesine veya kapatylmasyna sebep olunacak giri?imlerde bulunulmasy acy verici di?er bir noktadyr. E?itim temel bir haktyr, SATILAMAZ!<\/span><\/span><\/p>\n<p class=\"MsoNormal\" style=\"text-align: justify; line-height: 200%; margin: 0cm 0cm 0pt;\"><span style=\"font-family: Verdana;\"><span style=\"font-size: medium;\">\u00a0\u00a0 <\/span><\/span><span style=\"font-family: Verdana;\"><br \/>\n<span style=\"font-size: medium;\">Bu y\u00f6nde yapylacak t\u00fcm giri?imlerin kar?ysynda olaca?ymyzy ve bu giri?imin geri \u00e7ekilmemesi halinde her t\u00fcrl\u00fc eylemi en sert ?ekilde yapaca?ymyzy kamuoyuna saygy ile duyuruyoruz.<\/span><\/span><\/p>\n<p><span style=\"font-family: Verdana;\"><span style=\"font-size: medium;\">\u00a0\u00a0\u00a0 <\/span><\/span><\/p>\n<p>&nbsp;<\/p>\n","protected":false},"excerpt":{"rendered":"<p>Atat\u00fcrk \u00d6?retmen Akademisi \u00d6?rencileri Direniyor! \u00a0\u00a0\u00a0 Atat\u00fcrk \u00d6?retmen Akademisi (A\u00d6A) \u00d6?renci Konseyi, Milli E?itim Gen\u00e7lik ve Spor Bakanly?y \u00f6n\u00fcnde eylem yaparak, bakanly?yn YD\u00dc Okul \u00d6ncesi<\/p>\n","protected":false},"author":1,"featured_media":0,"comment_status":"open","ping_status":"open","sticky":false,"template":"","format":"standard","meta":{"jetpack_post_was_ever_published":false,"_jetpack_newsletter_access":"","_jetpack_newsletter_tier_id":0,"jetpack_publicize_message":"","jetpack_is_tweetstorm":false,"jetpack_publicize_feature_enabled":true,"jetpack_social_post_already_shared":false,"jetpack_social_options":{"image_generator_settings":{"template":"highway","enabled":false}}},"categories":[66],"tags":[],"jetpack_publicize_connections":[],"jetpack_featured_media_url":"","jetpack_shortlink":"https:\/\/wp.me\/p4eHWX-be","jetpack_sharing_enabled":true,"_links":{"self":[{"href":"https:\/\/baraka.cc\/index.php?rest_route=\/wp\/v2\/posts\/696"}],"collection":[{"href":"https:\/\/baraka.cc\/index.php?rest_route=\/wp\/v2\/posts"}],"about":[{"href":"https:\/\/baraka.cc\/index.php?rest_route=\/wp\/v2\/types\/post"}],"author":[{"embeddable":true,"href":"https:\/\/baraka.cc\/index.php?rest_route=\/wp\/v2\/users\/1"}],"replies":[{"embeddable":true,"href":"https:\/\/baraka.cc\/index.php?rest_route=%2Fwp%2Fv2%2Fcomments&post=696"}],"version-history":[{"count":1,"href":"https:\/\/baraka.cc\/index.php?rest_route=\/wp\/v2\/posts\/696\/revisions"}],"predecessor-version":[{"id":697,"href":"https:\/\/baraka.cc\/index.php?rest_route=\/wp\/v2\/posts\/696\/revisions\/697"}],"wp:attachment":[{"href":"https:\/\/baraka.cc\/index.php?rest_route=%2Fwp%2Fv2%2Fmedia&parent=696"}],"wp:term":[{"taxonomy":"category","embeddable":true,"href":"https:\/\/baraka.cc\/index.php?rest_route=%2Fwp%2Fv2%2Fcategories&post=696"},{"taxonomy":"post_tag","embeddable":true,"href":"https:\/\/baraka.cc\/index.php?rest_route=%2Fwp%2Fv2%2Ftags&post=696"}],"curies":[{"name":"wp","href":"https:\/\/api.w.org\/{rel}","templated":true}]}}