{"id":6960,"date":"2019-07-19T11:21:19","date_gmt":"2019-07-19T09:21:19","guid":{"rendered":"https:\/\/baraka.cc\/?p=6960"},"modified":"2019-07-19T11:21:19","modified_gmt":"2019-07-19T09:21:19","slug":"yaz-kurslari-solenle-sona-eriyor","status":"publish","type":"post","link":"https:\/\/baraka.cc\/?p=6960","title":{"rendered":"Yaz Kurslar\u0131 \u015e\u00f6lenle Sona Eriyor"},"content":{"rendered":"<p>Baraka K\u00fclt\u00fcr Merkezi\u2019nin bu y\u0131l 7.\u2019sini d\u00fczenledi\u011fi \u00e7ocuklar i\u00e7in \u00fccretsiz yaz kurslar\u0131 yar\u0131n (Cumartesi) saat 19.00\u2019da, K\u0131z\u0131lba\u015f\u2019taki Baraka lokalinde ger\u00e7ekle\u015ftirilecek \u015f\u00f6lenle son buluyor.<\/p>\n<p>Haziran ay\u0131ndaki \u201cE\u011fitsel Spor Aktiviteleri\u201d ile ba\u015flayan yaz kurslar\u0131nda g\u00f6rsel sanatlardan satranca, fen deneylerinden felsefeye, m\u00fczikten dansa, yogadan seramike, hayvan sevgisinden insan haklar\u0131na kadar bir \u00e7ok konu bilimsel bir m\u00fcfredatla \u00e7ocuklarla bulu\u015fturuldu. \u00c7evre bilinci dersinde sebze ekip can suyu vererek toprakla bulu\u015fan \u00e7ocuklar, Girne Kalesi\u2019ne d\u00fczenlenen gezi ile tarihe yolculuk yapt\u0131.<\/p>\n<p><b>\u015eenlikli Final<\/b><\/p>\n<p>Yaz kurslar\u0131n\u0131n finalinde, \u00e7ocuklar\u0131n kurslar boyunca yapt\u0131klar\u0131 \u00fcretimleri sergileme ve \u00f6\u011frendiklerini sahneleneme \u015fans\u0131 bulaca\u011f\u0131 bir \u015fenlik d\u00fczenleniyor. Bu renkli \u015fenlik, Cumartesi ak\u015fam\u0131 saat 19.00\u2019da, Baraka K\u00fclt\u00fcr Merkezi\u2019nde ger\u00e7ekle\u015fiyor.<\/p>\n<p>Baraka\u2019dan yap\u0131lan a\u00e7\u0131klamada \u015f\u00f6lene ba\u015fta \u00e7ocuklar\u0131n aileleri olmak \u00fczere t\u00fcm halk\u0131m\u0131z\u0131n davetli oldu\u011fu belirtildi.<\/p>\n","protected":false},"excerpt":{"rendered":"<p>Baraka K\u00fclt\u00fcr Merkezi\u2019nin bu y\u0131l 7.\u2019sini d\u00fczenledi\u011fi \u00e7ocuklar i\u00e7in \u00fccretsiz yaz kurslar\u0131 yar\u0131n (Cumartesi) saat 19.00\u2019da, K\u0131z\u0131lba\u015f\u2019taki Baraka lokalinde ger\u00e7ekle\u015ftirilecek \u015f\u00f6lenle son buluyor. Haziran ay\u0131ndaki<\/p>\n","protected":false},"author":12,"featured_media":6961,"comment_status":"open","ping_status":"open","sticky":false,"template":"","format":"standard","meta":{"jetpack_post_was_ever_published":false,"_jetpack_newsletter_access":"","_jetpack_newsletter_tier_id":0,"jetpack_publicize_message":"Yaz Kurslar\u0131 \u015e\u00f6lenle Sona Eriyor","jetpack_is_tweetstorm":false,"jetpack_publicize_feature_enabled":true,"jetpack_social_post_already_shared":true,"jetpack_social_options":{"image_generator_settings":{"template":"highway","enabled":false}}},"categories":[63,45],"tags":[],"jetpack_publicize_connections":[],"jetpack_featured_media_url":"https:\/\/baraka.cc\/wp-content\/uploads\/2019\/07\/yaz-kurslar\u0131-2016-haber-foto.jpg.jpg","jetpack_shortlink":"https:\/\/wp.me\/p4eHWX-1Og","jetpack_sharing_enabled":true,"_links":{"self":[{"href":"https:\/\/baraka.cc\/index.php?rest_route=\/wp\/v2\/posts\/6960"}],"collection":[{"href":"https:\/\/baraka.cc\/index.php?rest_route=\/wp\/v2\/posts"}],"about":[{"href":"https:\/\/baraka.cc\/index.php?rest_route=\/wp\/v2\/types\/post"}],"author":[{"embeddable":true,"href":"https:\/\/baraka.cc\/index.php?rest_route=\/wp\/v2\/users\/12"}],"replies":[{"embeddable":true,"href":"https:\/\/baraka.cc\/index.php?rest_route=%2Fwp%2Fv2%2Fcomments&post=6960"}],"version-history":[{"count":1,"href":"https:\/\/baraka.cc\/index.php?rest_route=\/wp\/v2\/posts\/6960\/revisions"}],"predecessor-version":[{"id":6962,"href":"https:\/\/baraka.cc\/index.php?rest_route=\/wp\/v2\/posts\/6960\/revisions\/6962"}],"wp:featuredmedia":[{"embeddable":true,"href":"https:\/\/baraka.cc\/index.php?rest_route=\/wp\/v2\/media\/6961"}],"wp:attachment":[{"href":"https:\/\/baraka.cc\/index.php?rest_route=%2Fwp%2Fv2%2Fmedia&parent=6960"}],"wp:term":[{"taxonomy":"category","embeddable":true,"href":"https:\/\/baraka.cc\/index.php?rest_route=%2Fwp%2Fv2%2Fcategories&post=6960"},{"taxonomy":"post_tag","embeddable":true,"href":"https:\/\/baraka.cc\/index.php?rest_route=%2Fwp%2Fv2%2Ftags&post=6960"}],"curies":[{"name":"wp","href":"https:\/\/api.w.org\/{rel}","templated":true}]}}