{"id":6963,"date":"2019-07-22T08:00:49","date_gmt":"2019-07-22T06:00:49","guid":{"rendered":"https:\/\/baraka.cc\/?p=6963"},"modified":"2019-07-21T20:17:52","modified_gmt":"2019-07-21T18:17:52","slug":"yaz-kurslarindan-rengarenk-final","status":"publish","type":"post","link":"https:\/\/baraka.cc\/?p=6963","title":{"rendered":"Yaz Kurslar\u0131ndan Rengarenk Final"},"content":{"rendered":"<p>Baraka K\u00fclt\u00fcr Merkezi\u2019nin \u00e7ocuklar i\u00e7in d\u00fczenledi\u011fi \u00fccretsiz yaz kurslar\u0131 Cumartesi ak\u015fam\u0131 Baraka lokalinde ger\u00e7ekle\u015ftirilen \u015f\u00f6lenle sona erdi. \u201cKa\u011f\u0131da kaleme sar\u0131l\u0131n\u201d slogan\u0131yla bu y\u0131l 7.\u2019si d\u00fczenlenen yaz kurslar\u0131nda \u00e7ocuklar \u00fcretimlerini sergileme ve \u00f6\u011frendiklerini sahneleme f\u0131rsat\u0131 buldu.<\/p>\n<p>Modern Dans ile ba\u015flayan \u015f\u00f6len program\u0131, halk danslar\u0131 ve koro performanslar\u0131 ile devam etti. \u00c7ocuklar\u0131n resim ve seramik gibi \u00fcretimleri de etkinlik boyunca Baraka lokalinde sergilendi.<\/p>\n<p>\u015e\u00f6len, yaz kurslar\u0131n\u0131n g\u00f6n\u00fcll\u00fc e\u011fitmenleri ile aileleri bir araya getirirken, sahneye davet edilerek te\u015fekk\u00fcr edilen e\u011fitmenlere Baraka K\u00fclt\u00fcr Merkezi\u2019nin \u00fcretimleri hediye edildi.<\/p>\n<p><b>\u00c7ocuklar \u0130\u00e7in Dopdolu Bir Ay<\/b><\/p>\n<p>Haziran ay\u0131ndaki \u201cE\u011fitsel Spor Aktiviteleri\u201d ile ba\u015flayan yaz kurslar\u0131nda, G\u00f6rsel Sanatlar, Satran\u00e7, Fen Deneyleri, Felsefe, M\u00fczik, Modern Dans, Halk Danslar\u0131, Yoga, Seramik, Hayvan Sevgisi, \u00c7evre Bilinci, \u0130\u015f G\u00fcvenli\u011fi, \u0130nsan Haklar\u0131 gibi bir \u00e7ok ders yer ald\u0131, Girne Kalesi\u2019ne gezi d\u00fczenlendi. Yaz kurslar\u0131n\u0131n final \u015f\u00f6lenine kat\u0131lan aileler ise, sahne performanslar\u0131yla keyifli vakit ge\u00e7irirken, \u00e7ocuklar\u0131n\u0131n yaz tatilinin bir ay\u0131n\u0131 bilimsel ve sanatsal bir program i\u00e7eri\u011fi ve bir \u00e7o\u011fu \u00f6\u011fretmen olan g\u00f6n\u00fcll\u00fc e\u011fitmenlerle ge\u00e7irmi\u015f olmas\u0131ndan duyduklar\u0131 mutlulu\u011fu dile getirdi.<\/p>\n<p><a href=\"https:\/\/baraka.cc\/wp-content\/uploads\/2019\/07\/yk-aileler-2.jpeg\"><img decoding=\"async\" loading=\"lazy\" class=\"alignnone size-medium wp-image-6965\" alt=\"yk aileler 2\" src=\"https:\/\/baraka.cc\/wp-content\/uploads\/2019\/07\/yk-aileler-2-300x225.jpeg\" width=\"300\" height=\"225\" srcset=\"https:\/\/baraka.cc\/wp-content\/uploads\/2019\/07\/yk-aileler-2-300x225.jpeg 300w, https:\/\/baraka.cc\/wp-content\/uploads\/2019\/07\/yk-aileler-2-1024x768.jpeg 1024w, https:\/\/baraka.cc\/wp-content\/uploads\/2019\/07\/yk-aileler-2.jpeg 1600w\" sizes=\"(max-width: 300px) 100vw, 300px\" \/><\/a><\/p>\n<p><a href=\"https:\/\/baraka.cc\/wp-content\/uploads\/2019\/07\/yk-c\u0327ocuklar-sahne.jpeg\"><img decoding=\"async\" loading=\"lazy\" class=\"alignnone size-medium wp-image-6966\" alt=\"yk c\u0327ocuklar sahne\" src=\"https:\/\/baraka.cc\/wp-content\/uploads\/2019\/07\/yk-c\u0327ocuklar-sahne-300x225.jpeg\" width=\"300\" height=\"225\" srcset=\"https:\/\/baraka.cc\/wp-content\/uploads\/2019\/07\/yk-c\u0327ocuklar-sahne-300x225.jpeg 300w, https:\/\/baraka.cc\/wp-content\/uploads\/2019\/07\/yk-c\u0327ocuklar-sahne-1024x768.jpeg 1024w, https:\/\/baraka.cc\/wp-content\/uploads\/2019\/07\/yk-c\u0327ocuklar-sahne.jpeg 1600w\" sizes=\"(max-width: 300px) 100vw, 300px\" \/><\/a><\/p>\n<p><a href=\"https:\/\/baraka.cc\/wp-content\/uploads\/2019\/07\/yk-sergi-u\u0308retimler.jpeg\"><img decoding=\"async\" loading=\"lazy\" class=\"alignnone size-medium wp-image-6967\" alt=\"yk sergi u\u0308retimler\" src=\"https:\/\/baraka.cc\/wp-content\/uploads\/2019\/07\/yk-sergi-u\u0308retimler-300x225.jpeg\" width=\"300\" height=\"225\" srcset=\"https:\/\/baraka.cc\/wp-content\/uploads\/2019\/07\/yk-sergi-u\u0308retimler-300x225.jpeg 300w, https:\/\/baraka.cc\/wp-content\/uploads\/2019\/07\/yk-sergi-u\u0308retimler-1024x768.jpeg 1024w, https:\/\/baraka.cc\/wp-content\/uploads\/2019\/07\/yk-sergi-u\u0308retimler.jpeg 1600w\" sizes=\"(max-width: 300px) 100vw, 300px\" \/><\/a><\/p>\n<p><a href=\"https:\/\/baraka.cc\/wp-content\/uploads\/2019\/07\/yk-sergi.jpeg\"><img decoding=\"async\" loading=\"lazy\" class=\"alignnone size-medium wp-image-6968\" alt=\"yk sergi\" src=\"https:\/\/baraka.cc\/wp-content\/uploads\/2019\/07\/yk-sergi-225x300.jpeg\" width=\"225\" height=\"300\" srcset=\"https:\/\/baraka.cc\/wp-content\/uploads\/2019\/07\/yk-sergi-225x300.jpeg 225w, https:\/\/baraka.cc\/wp-content\/uploads\/2019\/07\/yk-sergi-768x1024.jpeg 768w, https:\/\/baraka.cc\/wp-content\/uploads\/2019\/07\/yk-sergi.jpeg 1200w\" sizes=\"(max-width: 225px) 100vw, 225px\" \/><\/a><\/p>\n","protected":false},"excerpt":{"rendered":"<p>Baraka K\u00fclt\u00fcr Merkezi\u2019nin \u00e7ocuklar i\u00e7in d\u00fczenledi\u011fi \u00fccretsiz yaz kurslar\u0131 Cumartesi ak\u015fam\u0131 Baraka lokalinde ger\u00e7ekle\u015ftirilen \u015f\u00f6lenle sona erdi. \u201cKa\u011f\u0131da kaleme sar\u0131l\u0131n\u201d slogan\u0131yla bu y\u0131l 7.\u2019si d\u00fczenlenen<\/p>\n","protected":false},"author":12,"featured_media":6964,"comment_status":"open","ping_status":"open","sticky":false,"template":"","format":"standard","meta":{"jetpack_post_was_ever_published":false,"_jetpack_newsletter_access":"","_jetpack_newsletter_tier_id":0,"jetpack_publicize_message":"Yaz Kurslar\u0131ndan Rengarenk Final","jetpack_is_tweetstorm":false,"jetpack_publicize_feature_enabled":true,"jetpack_social_post_already_shared":true,"jetpack_social_options":{"image_generator_settings":{"template":"highway","enabled":false}}},"categories":[63,46,45,9],"tags":[],"jetpack_publicize_connections":[],"jetpack_featured_media_url":"https:\/\/baraka.cc\/wp-content\/uploads\/2019\/07\/yk-eg\u0306itmenler-c\u0327ocuklar.jpeg","jetpack_shortlink":"https:\/\/wp.me\/p4eHWX-1Oj","jetpack_sharing_enabled":true,"_links":{"self":[{"href":"https:\/\/baraka.cc\/index.php?rest_route=\/wp\/v2\/posts\/6963"}],"collection":[{"href":"https:\/\/baraka.cc\/index.php?rest_route=\/wp\/v2\/posts"}],"about":[{"href":"https:\/\/baraka.cc\/index.php?rest_route=\/wp\/v2\/types\/post"}],"author":[{"embeddable":true,"href":"https:\/\/baraka.cc\/index.php?rest_route=\/wp\/v2\/users\/12"}],"replies":[{"embeddable":true,"href":"https:\/\/baraka.cc\/index.php?rest_route=%2Fwp%2Fv2%2Fcomments&post=6963"}],"version-history":[{"count":2,"href":"https:\/\/baraka.cc\/index.php?rest_route=\/wp\/v2\/posts\/6963\/revisions"}],"predecessor-version":[{"id":6970,"href":"https:\/\/baraka.cc\/index.php?rest_route=\/wp\/v2\/posts\/6963\/revisions\/6970"}],"wp:featuredmedia":[{"embeddable":true,"href":"https:\/\/baraka.cc\/index.php?rest_route=\/wp\/v2\/media\/6964"}],"wp:attachment":[{"href":"https:\/\/baraka.cc\/index.php?rest_route=%2Fwp%2Fv2%2Fmedia&parent=6963"}],"wp:term":[{"taxonomy":"category","embeddable":true,"href":"https:\/\/baraka.cc\/index.php?rest_route=%2Fwp%2Fv2%2Fcategories&post=6963"},{"taxonomy":"post_tag","embeddable":true,"href":"https:\/\/baraka.cc\/index.php?rest_route=%2Fwp%2Fv2%2Ftags&post=6963"}],"curies":[{"name":"wp","href":"https:\/\/api.w.org\/{rel}","templated":true}]}}