{"id":6977,"date":"2019-07-24T09:15:54","date_gmt":"2019-07-24T07:15:54","guid":{"rendered":"https:\/\/baraka.cc\/?p=6977"},"modified":"2019-07-24T09:15:54","modified_gmt":"2019-07-24T07:15:54","slug":"belese-deniz-plajlar-halkindir-hareketinden-eylem-cagrisi","status":"publish","type":"post","link":"https:\/\/baraka.cc\/?p=6977","title":{"rendered":"Bele\u015fe Deniz- Plajlar Halk\u0131nd\u0131r Hareketi\u2019nden Eylem \u00c7a\u011fr\u0131s\u0131"},"content":{"rendered":"<p style=\"text-align: center;\"><a href=\"https:\/\/baraka.cc\/wp-content\/uploads\/2019\/07\/11701104_427064957465926_997126706766618001_n.jpg\"><img decoding=\"async\" loading=\"lazy\" class=\"alignnone size-medium wp-image-6978\" alt=\"11701104_427064957465926_997126706766618001_n\" src=\"https:\/\/baraka.cc\/wp-content\/uploads\/2019\/07\/11701104_427064957465926_997126706766618001_n-300x300.jpg\" width=\"300\" height=\"300\" srcset=\"https:\/\/baraka.cc\/wp-content\/uploads\/2019\/07\/11701104_427064957465926_997126706766618001_n-300x300.jpg 300w, https:\/\/baraka.cc\/wp-content\/uploads\/2019\/07\/11701104_427064957465926_997126706766618001_n-150x150.jpg 150w, https:\/\/baraka.cc\/wp-content\/uploads\/2019\/07\/11701104_427064957465926_997126706766618001_n-200x200.jpg 200w, https:\/\/baraka.cc\/wp-content\/uploads\/2019\/07\/11701104_427064957465926_997126706766618001_n.jpg 640w\" sizes=\"(max-width: 300px) 100vw, 300px\" \/><\/a><\/p>\n<p><b>Bu pazar haks\u0131zl\u0131\u011f\u0131 pazara \u00e7\u0131karal\u0131m; &#8220;Bele\u015fe deniz&#8221; i\u00e7in Acapulco&#8217;da bulu\u015fal\u0131m!<\/b><\/p>\n<p>Bu y\u0131l s\u0131caklar\u0131n her zamankinden fazla kendini g\u00f6sterdi\u011fi bir yaza merhaba dedik. Fakat bir ada \u00fclkesinde ya\u015faman\u0131n avantaj\u0131 olan d\u00f6rt bir yan\u0131m\u0131z\u0131n denizle \u00e7evrili olmas\u0131 bize bu y\u0131l maalesef keyiften \u00e7ok ac\u0131 getirdi.<br \/>\nOtellerin, gemilerin ve b\u00fcy\u00fck i\u015fletmelerin at\u0131klar\u0131ndan, d\u00fczensiz ve plans\u0131z kentle\u015fmeden dolay\u0131 bele\u015fe versen girilmeyecek duruma gelen Girne sahillerinde yine de &#8220;Bele\u015fe Deniz&#8221; hakk\u0131n\u0131 kullanmak isteyen vatanda\u015flardan fahi\u015f \u00fccretler istenmeye devam ediliyor. Denizlerdeki kirlilik oran\u0131, kirli denizlerde bulunan ve Caretta kaplumba\u011falar\u0131n\u0131n azalmas\u0131yla da \u00e7o\u011falan deniz anas\u0131 pop\u00fclasyonunun k\u0131y\u0131lar\u0131m\u0131zda artmas\u0131 ile kendini g\u00f6steriyor. Yani bizden ald\u0131klar\u0131 para yetmezmi\u015f gibi denizlerimizi kirletmeye ve denizdeki do\u011fal ya\u015fam\u0131 katletmeye devam ediyorlar.<br \/>\nBu da yetmezmi\u015f gibi deniz ile \u00e7evrelenmi\u015f bir \u00fclkede ya\u015farken insanlar\u0131n sahil g\u00fcvenli\u011fi ile alakal\u0131 yeterli bilgiye sahip olmamas\u0131, plajlarda e\u011fitimli cankurtaranlar\u0131n bulunmamas\u0131 ve yerel y\u00f6netimler ile devletin vatanda\u015flar\u0131 bilgilendirmemesi ve g\u00fcvenlik art\u0131r\u0131c\u0131 \u00f6nlemler almamas\u0131 maalesef can kay\u0131plar\u0131yla sonu\u00e7lan\u0131yor.<br \/>\nBunun yan\u0131 s\u0131ra, 10 y\u0131ld\u0131r s\u00fcrd\u00fcrd\u00fc\u011f\u00fcm\u00fcz m\u00fccadelede mahkeme huzurunda kazan\u0131lm\u0131\u015f haklar\u0131m\u0131z olmas\u0131na ra\u011fmen pek \u00e7ok otel ve i\u015fletme &#8220;Bele\u015fe Deniz&#8221; hakk\u0131m\u0131z\u0131 gaspetmeye, kanun tan\u0131mamaya ve kendi istedi\u011fi gibi davranmaya devam ediyor.<br \/>\nT\u00fcm bunlara kar\u015f\u0131 sesimizi y\u00fckseltmek, deniz facialar\u0131nda hayat\u0131n\u0131 kaybetmi\u015f vatanda\u015flar\u0131m\u0131z\u0131 anmak ve haklar\u0131m\u0131za sahip \u00e7\u0131kmak i\u00e7in <b>28<\/b> <b>Temmuz Pazar saat 16:00\u2019da Acapulco \u00f6n\u00fcnde bulu\u015farak \u00f6nce bas\u0131n a\u00e7\u0131klamam\u0131z\u0131 yap\u0131yor sonra da bele\u015fe denize giriyoruz.<\/b><b><br \/>\nT\u00fcm halk\u0131m\u0131z\u0131 davet eder;<br \/>\nbas\u0131n emek\u00e7ilerinin ilgisini rica eder;<br \/>\npolismizi de Anayasay\u0131 uygulamak ve Plajlar\u0131n Kullan\u0131m ve Denetimi Yasas\u0131&#8217;n\u0131n gere\u011fini yapmak \u00fczere g\u00f6reve \u00e7a\u011f\u0131r\u0131r\u0131z.\u00a0<\/b><\/p>\n<p><b> Bele\u015fe Deniz &#8211; Plajlar Halk\u0131nd\u0131r Hareketi<\/b><\/p>\n<p><a href=\"https:\/\/baraka.cc\/wp-content\/uploads\/2019\/07\/acapulco-eylemi.jpg\"><img decoding=\"async\" loading=\"lazy\" class=\"alignnone size-medium wp-image-6979\" alt=\"acapulco eylemi\" src=\"https:\/\/baraka.cc\/wp-content\/uploads\/2019\/07\/acapulco-eylemi-300x168.jpg\" width=\"300\" height=\"168\" srcset=\"https:\/\/baraka.cc\/wp-content\/uploads\/2019\/07\/acapulco-eylemi-300x168.jpg 300w, https:\/\/baraka.cc\/wp-content\/uploads\/2019\/07\/acapulco-eylemi.jpg 960w\" sizes=\"(max-width: 300px) 100vw, 300px\" \/><\/a><\/p>\n","protected":false},"excerpt":{"rendered":"<p>Bu pazar haks\u0131zl\u0131\u011f\u0131 pazara \u00e7\u0131karal\u0131m; &#8220;Bele\u015fe deniz&#8221; i\u00e7in Acapulco&#8217;da bulu\u015fal\u0131m! Bu y\u0131l s\u0131caklar\u0131n her zamankinden fazla kendini g\u00f6sterdi\u011fi bir yaza merhaba dedik. Fakat bir ada<\/p>\n","protected":false},"author":3,"featured_media":6979,"comment_status":"open","ping_status":"open","sticky":false,"template":"","format":"standard","meta":{"jetpack_post_was_ever_published":false,"_jetpack_newsletter_access":"","_jetpack_newsletter_tier_id":0,"jetpack_publicize_message":"","jetpack_is_tweetstorm":false,"jetpack_publicize_feature_enabled":true,"jetpack_social_post_already_shared":true,"jetpack_social_options":{"image_generator_settings":{"template":"highway","enabled":false}}},"categories":[66,47,9,1],"tags":[],"jetpack_publicize_connections":[],"jetpack_featured_media_url":"https:\/\/baraka.cc\/wp-content\/uploads\/2019\/07\/acapulco-eylemi.jpg","jetpack_shortlink":"https:\/\/wp.me\/p4eHWX-1Ox","jetpack_sharing_enabled":true,"_links":{"self":[{"href":"https:\/\/baraka.cc\/index.php?rest_route=\/wp\/v2\/posts\/6977"}],"collection":[{"href":"https:\/\/baraka.cc\/index.php?rest_route=\/wp\/v2\/posts"}],"about":[{"href":"https:\/\/baraka.cc\/index.php?rest_route=\/wp\/v2\/types\/post"}],"author":[{"embeddable":true,"href":"https:\/\/baraka.cc\/index.php?rest_route=\/wp\/v2\/users\/3"}],"replies":[{"embeddable":true,"href":"https:\/\/baraka.cc\/index.php?rest_route=%2Fwp%2Fv2%2Fcomments&post=6977"}],"version-history":[{"count":1,"href":"https:\/\/baraka.cc\/index.php?rest_route=\/wp\/v2\/posts\/6977\/revisions"}],"predecessor-version":[{"id":6980,"href":"https:\/\/baraka.cc\/index.php?rest_route=\/wp\/v2\/posts\/6977\/revisions\/6980"}],"wp:featuredmedia":[{"embeddable":true,"href":"https:\/\/baraka.cc\/index.php?rest_route=\/wp\/v2\/media\/6979"}],"wp:attachment":[{"href":"https:\/\/baraka.cc\/index.php?rest_route=%2Fwp%2Fv2%2Fmedia&parent=6977"}],"wp:term":[{"taxonomy":"category","embeddable":true,"href":"https:\/\/baraka.cc\/index.php?rest_route=%2Fwp%2Fv2%2Fcategories&post=6977"},{"taxonomy":"post_tag","embeddable":true,"href":"https:\/\/baraka.cc\/index.php?rest_route=%2Fwp%2Fv2%2Ftags&post=6977"}],"curies":[{"name":"wp","href":"https:\/\/api.w.org\/{rel}","templated":true}]}}