{"id":698,"date":"2010-05-12T12:53:14","date_gmt":"2010-05-12T09:53:14","guid":{"rendered":"https:\/\/baraka.cc\/?p=698"},"modified":"2014-01-02T12:54:04","modified_gmt":"2014-01-02T09:54:04","slug":"engelsiz-inisiyatifi-yuruyus-duzenledi","status":"publish","type":"post","link":"https:\/\/baraka.cc\/?p=698","title":{"rendered":"EngelS\u0130Z \u0130N\u0130S\u0130YAT\u0130F\u0130 Y\u00dcR\u00dcY\u00dc\u015e D\u00dcZENLED\u0130"},"content":{"rendered":"<p class=\"MsoNormal\" style=\"text-align: justify; line-height: 150%; margin: 0cm 0cm 0pt;\"><span style=\"line-height: 150%; font-family: Verdana; font-size: 11pt;\"><strong>EngelS\u0130Z<\/strong> <strong>\u0130N\u0130S\u0130YAT\u0130F\u0130 Y\u00dcR\u00dcY\u00dc\u015e D\u00dcZENLED\u0130<\/strong><\/span><\/p>\n<p class=\"MsoNormal\" style=\"text-align: justify; line-height: 150%; margin: 0cm 0cm 0pt;\">\n<p><span style=\"line-height: 150%; font-family: Verdana; font-size: 11pt;\"><a href=\"https:\/\/www.baraka.cc\/images\/stories\/engelsiz.GIF\" target=\"_blank\"><img decoding=\"async\" loading=\"lazy\" alt=\" \" src=\"https:\/\/www.baraka.cc\/images\/stories\/engelsiz.GIF\" width=\"200\" height=\"283\" align=\"left\" border=\"2\" \/><\/a><\/span><span style=\"line-height: 150%; font-family: Verdana; font-size: 11pt;\"><br \/>\n<\/span><\/p>\n<h1 style=\"text-align: justify; line-height: 150%; margin: 0cm 0cm 0pt;\"><span style=\"line-height: 150%; font-family: Verdana; font-size: 11pt;\">Engelsiz Ynisiyatifi: \u201cE?itli?in ger\u00e7ek anlamda var oldu?u bir \u00fclke i\u00e7in m\u00fccadelemiz s\u00fcrecek\u201d<\/span><\/h1>\n<p><span style=\"line-height: 150%; font-family: Verdana; font-size: 11pt;\">\u00a0<\/span><\/p>\n<p class=\"MsoNormal\" style=\"text-align: justify; line-height: 150%; margin: 0cm 0cm 0pt;\">Baraka K\u00fclt\u00fcr Merkezi\u2019nin de aralarynda oldu?u 50\u2019den fazla demoktarik kitle \u00f6rg\u00fct\u00fcn\u00fcn, siyasi partiler ile vatanda?lar\u0131n da destek verdi?i EngelSiz Ynisiyatifi 15 May\u0131s <span>\u00a0<\/span>2010 17:30\u2019da bir y\u00fcr\u00fcy\u00fc? d\u00fczenledi. Lefko?a\u2019da Yngiliz El\u00e7ili?i \u00f6n\u00fcnden ba?layarak Dereboyu\u2019na do?ru yap\u0131lan y\u00fcr\u00fcy\u00fc?te engellilerle ilgili fark\u0131ndal\u0131k yaratmak ad\u0131na, sorunlar\u0131n dile getirildi?i pankartlar da ta?\u0131nd\u0131.<\/p>\n<p><span style=\"line-height: 150%; font-family: Verdana; font-size: 11pt;\">\u00a0<\/span><\/p>\n<p>&nbsp;<\/p>\n<p class=\"MsoNormal\" style=\"text-align: justify; line-height: 150%; margin: 0cm 0cm 0pt;\"><span style=\"line-height: 150%; font-family: Verdana; font-size: 11pt;\">Dikkat \u00e7eken pankartlar\u0131n baz\u0131lar\u0131: &#8220;Soka?a \u00c7\u0131kmak Hakk\u0131m\u0131z&#8221;, &#8220;Mimari engel istemiyoruz&#8221;, &#8220;\u0130nsanca ya?amak bizim hakk\u0131m\u0131z&#8221;, &#8220;Her sa?lam, potansiyel bir &#8220;engel&#8221;lidir&#8221;, &#8220;Sakat sa?lam el ele \u00f6zg\u00fcr g\u00fcnlere&#8221;, &#8220;Hi\u00e7 ba?kalar\u0131ndan farkl\u0131 yanlar\u0131n\u0131z\u0131 d\u00fc?\u00fcnd\u00fcn\u00fcz m\u00fc?&#8221;, &#8220;Biz de var\u0131z fark\u0131nda m\u0131s\u0131n\u0131z?&#8221;, &#8220;Duyam\u0131yorum hissedebiliyor musunuz?&#8221;, &#8220;Farkl\u0131 olan birlikte ya?amak&#8221;, &#8220;Ba?ka bir d\u00fcnya m\u00fcmk\u00fcn!\u201d. <a href=\"https:\/\/www.baraka.cc\/images\/stories\/engelsiz3.jpg\" target=\"_blank\"><img decoding=\"async\" loading=\"lazy\" alt=\" \" src=\"https:\/\/www.baraka.cc\/images\/stories\/engelsiz3.jpg\" width=\"200\" height=\"133\" align=\"right\" border=\"2\" \/><\/a><\/span><\/p>\n<p class=\"MsoNormal\" style=\"text-align: justify; line-height: 150%; margin: 0cm 0cm 0pt;\"><span style=\"line-height: 150%; font-family: Verdana; font-size: 11pt;\">\u00a0\u00a0\u00a0<\/span><\/p>\n<p class=\"MsoNormal\" style=\"text-align: justify; line-height: 150%; margin: 0cm 0cm 0pt;\"><span style=\"line-height: 150%; font-family: Verdana; font-size: 11pt;\">\u00a0\u00a0<\/span><span style=\"line-height: 150%; font-family: Verdana; font-size: 11pt;\">\u00a0\u00a0 <\/span><\/p>\n<p><span style=\"line-height: 150%; font-family: Verdana; font-size: 11pt;\">\u00a0\u00a0\u00a0\u00a0\u00a0\u00a0\u00a0\u00a0 <\/span><span style=\"font-family: Verdana; font-size: 11pt;\"><\/p>\n<p><\/span><\/p>\n<p class=\"MsoNormal\" style=\"text-align: justify; line-height: 150%; margin: 0cm 0cm 0pt;\"><span style=\"line-height: 150%; font-family: Verdana; font-size: 11pt;\">Y\u00fcr\u00fcy\u00fc?\u00fcn amac\u0131; engelli ki?ilerin ya?ad\u0131?\u0131 sorunlara dair fark\u0131ndal\u0131?\u0131 art\u0131rmak, engelli ki?ilerin hayatlar\u0131n\u0131 kolayla?t\u0131r\u0131c\u0131 d\u00fczenlemeler talep etmek ve engelli ki?ilerin ya?ad\u0131klar\u0131 sorunlarla ilgili \u201csessizli?i k\u0131rmak\u201d olarak ortaya konurken; engellilerin, do?u?tan veya sonradan olu?an geli?im farkl\u0131l\u0131klar\u0131ndan de?il, toplumsal ve \u00e7evresel yetersizlik ve k\u0131s\u0131tlamalardan kaynakland\u0131?\u0131na dikkat \u00e7ekilerek, toplumdaki yapay engelli ve engelsiz ayr\u0131m\u0131n\u0131 ortadan kald\u0131rmak i\u00e7in \u201cengellenenler ve engelleyiciler olarak\u201d bir araya gelindi?i kaydedildi.<\/span><span style=\"line-height: 150%; font-family: Verdana; font-size: 11pt;\"> <a href=\"https:\/\/www.baraka.cc\/images\/stories\/engelsiz1.jpg\" target=\"_blank\"><img decoding=\"async\" loading=\"lazy\" alt=\" \" src=\"https:\/\/www.baraka.cc\/images\/stories\/engelsiz1.jpg\" width=\"200\" height=\"133\" align=\"right\" border=\"2\" \/><\/a><\/span><\/p>\n<p><span style=\"line-height: 150%; font-family: Verdana; font-size: 11pt;\"><br \/>\n<\/span><\/p>\n<p class=\"MsoNormal\" style=\"text-align: justify; line-height: 150%; margin: 0cm 0cm 0pt;\"><span style=\"line-height: 150%; font-family: Verdana; font-size: 11pt;\"><span>\u00a0\u00a0 <\/span><br \/>\n<\/span><span style=\"line-height: 150%; font-family: Verdana; font-size: 11pt;\">EngelSiz Ynisiyatifi, etkinlik syrasynda bir de basyn bildirisi okudu:<\/span><\/p>\n<p><span style=\"line-height: 150%; font-family: Verdana; font-size: 11pt;\">\u00a0\u00a0\u00a0\u00a0\u00a0\u00a0\u00a0\u00a0\u00a0\u00a0\u00a0\u00a0\u00a0\u00a0\u00a0\u00a0\u00a0\u00a0\u00a0\u00a0 <\/span><\/p>\n<p class=\"MsoNormal\" style=\"text-align: justify; line-height: 150%; margin: 0cm 0cm 0pt;\"><span style=\"line-height: 150%; font-family: Verdana; font-size: 11pt;\"><span>\u00a0\u00a0\u00a0\u00a0\u00a0\u00a0\u00a0\u00a0\u00a0\u00a0\u00a0 <\/span><span>\u00a0<\/span><br \/>\n<em>De?erli basyn emek\u00e7ileri,<\/em><\/span><\/p>\n<p><span style=\"line-height: 150%; font-family: Verdana; font-size: 11pt;\"><em>\u00a0\u00a0\u00a0\u00a0\u00a0\u00a0\u00a0\u00a0\u00a0\u00a0\u00a0 <\/em><\/span><\/p>\n<p class=\"MsoNormal\" style=\"text-align: justify; line-height: 150%; margin: 0cm 0cm 0pt;\"><em><span style=\"line-height: 150%; font-family: Verdana; font-size: 11pt;\">Bug\u00fcn Sivil Toplum \u00d6rg\u00fctleri, siyasi partiler ve duyarly ba?ymsyz ki?iler bir araya gelerek, toplumumuzda \u201cengelli\u201d ki?ilerin ya?ady?y sorunlara dair farkyndaly?y artyrmak, \u201cengelli\u201d ki?ilerin hayatlaryny kolayla?tyrycy d\u00fczenlemeler talep etmek, ve \u201cengelli\u201d ki?ilerin ya?adyklary sorunlarla ilgili sessizli?i kyrmak i\u00e7in toplandyk.<\/span><\/em><\/p>\n<p><em><span style=\"line-height: 150%; font-family: Verdana; font-size: 11pt;\">\u00a0\u00a0 <\/span><\/em><\/p>\n<p class=\"MsoNormal\" style=\"text-align: justify; line-height: 150%; margin: 0cm 0cm 0pt;\"><em><span style=\"line-height: 150%; font-family: Verdana; font-size: 11pt;\">Engellerin, do?u?tan veya sonradan olu?an geli?im farklylyklaryndan de?il, toplumsal ve \u00e7evresel yetersizlik ve kysytlamalardan kaynaklandy?yny biliyoruz. Toplumumuzda yapay bir engelli ve engelsiz ki?i ayrymy s\u00fcregelmekte oldu?undan, Engelli Miyim? EngelSiz Misiniz? sloganyyla yola \u00e7yktyk. Dolayysyyla bug\u00fcn \u201cengelli\u201d ve engelsiz ki?iler olarak de?il, engellenenler ve engelleyicileri olarak bir aradayyz. <\/span><\/em><\/p>\n<p><em><span style=\"line-height: 150%; font-family: Verdana; font-size: 11pt;\">\u00a0\u00a0\u00a0\u00a0\u00a0\u00a0\u00a0\u00a0\u00a0\u00a0\u00a0\u00a0\u00a0\u00a0\u00a0 <\/span><\/em><\/p>\n<p class=\"MsoNormal\" style=\"text-align: justify; line-height: 150%; margin: 0cm 0cm 0pt;\"><em><span style=\"line-height: 150%; font-family: Verdana; font-size: 11pt;\">Bug\u00fcn \u00fclkemizde engellenen ki?ilere kar?y uygulanan toplumsal ?iddet artyk inkar edilemez boyuttadyr. Bir arkada?, akraba veya e? d\u00fc?\u00fcn\u00fcn ki, size s\u00f6zler verip tutmuyor, taleplerinizi duymuyor, varly?ynyzy g\u00f6rm\u00fcyor. Hem toplum hem de devlet olarak \u201cengelli\u201d ki?ileri yok sayyyor, verilen t\u00fcm s\u00f6zlere ra?men hi\u00e7bir alanda kolayla?tyrycy d\u00fczenlemeler sa?lamyyor ve temel ya?ama ko?ullary olu?turmuyoruz. <\/span><\/em><em><span style=\"line-height: 150%; font-family: Verdana; font-size: 11pt;\">Bu ayrymcylyk ve zul\u00fcme artyk dur demenin vakti geldi! <\/span><\/em><em><span style=\"line-height: 150%; font-family: Verdana; font-size: 11pt;\">Talebimiz, devletimizin bu konuya duyarlylyk g\u00f6stermesi ve ivedilikle Birle?mi? Milletler Engelli Haklary S\u00f6zle?mesini imzalayarak, uygulamaya ge\u00e7irmesidir. <\/span><\/em><em><span style=\"line-height: 150%; font-family: Verdana; font-size: 11pt;\">E?itli?in ger\u00e7ek anlamda var oldu?u, herkesin ayny fyrsat ve hizmetlere eri?ebildi?i bir \u00fclke i\u00e7in, m\u00fccadelemize devam edece?iz. Halkymyzy, bug\u00fcn bu eylem vesilesiyle ba?latty?ymyz \u00fclke \u00e7apyndaki imza kampanyasyna destek vermeye davet ediyoruz. <\/span><\/em><em><span style=\"line-height: 150%; font-family: Verdana; font-size: 11pt;\">Engelsiz Ynsiyatifi olarak ba?latty?ymyz bu harekete ?u ana kadar 50\u2019nin \u00fczerinde sivil toplum \u00f6rg\u00fct\u00fc ve siyasi parti destek vermi?tir.<\/span><\/em><\/p>\n<p><em><span style=\"line-height: 150%; font-family: Verdana; font-size: 11pt;\">\u00a0\u00a0\u00a0<\/span><\/em><em><span style=\"line-height: 150%; font-family: Verdana; font-size: 11pt;\">\u00a0<\/span><\/em><\/p>\n<p class=\"MsoNormal\" style=\"text-align: justify; line-height: 150%; margin: 0cm 0cm 0pt;\"><em><span style=\"line-height: 150%; font-family: Verdana; font-size: 11pt;\">\u2018SOKAKLARA \u00c7IKTIK EVE D\u00d6N\u00dc? YOK\u2019<\/span><\/em><\/p>\n<p><em><span style=\"line-height: 150%; font-family: Verdana; font-size: 11pt;\">\u00a0\u00a0 <\/span><\/em><\/p>\n<p><em><span style=\"font-family: Verdana; font-size: 11pt;\">\u00a0\u00a0\u00a0\u00a0\u00a0\u00a0\u00a0\u00a0\u00a0\u00a0\u00a0\u00a0\u00a0\u00a0\u00a0\u00a0\u00a0<\/span><\/em><span style=\"line-height: 150%; font-family: Verdana; font-size: 11pt;\">\u00a0<\/span><\/p>\n<p class=\"MsoNormal\" style=\"text-align: justify; line-height: 150%; margin: 0cm 0cm 0pt;\"><span style=\"line-height: 150%; font-family: Verdana; font-size: 11pt;\"><a href=\"https:\/\/www.baraka.cc\/images\/stories\/engelsiz2.jpg\" target=\"_blank\"><img decoding=\"async\" loading=\"lazy\" alt=\" \" src=\"https:\/\/www.baraka.cc\/images\/stories\/engelsiz2.jpg\" width=\"200\" height=\"133\" align=\"left\" border=\"2\" \/><\/a>Eylem syrasynda Birle?mi? Milletler Engelli Haklary S\u00f6zle?mesi\u2019nin ivedilikle imzalanarak hayata ge\u00e7irilmesi de talep eden imza kampanyasy da ba?latyldy. Eylem esnasynda e?itli?in ger\u00e7ek anlamda var oldu?u, herkesin ayny fyrsat ve hizmetlere eri?ebildi?i bir \u00fclke i\u00e7in m\u00fccadelenin s\u00fcrece?i vurgulandy. Ymza kampanyasy metnini bilgisayarynyza indirmek i\u00e7in <a href=\"https:\/\/www.baraka.cc\/down\/engelsiz_imza_metni.pdf\" target=\"_blank\">tyklayynyz<\/a><\/span><\/p>\n<p><span style=\"line-height: 150%; font-family: Verdana; font-size: 11pt;\">\u00a0\u00a0\u00a0\u00a0\u00a0\u00a0\u00a0\u00a0\u00a0\u00a0\u00a0\u00a0\u00a0\u00a0\u00a0\u00a0\u00a0\u00a0\u00a0\u00a0 <\/span><span style=\"line-height: 150%; font-family: Verdana; font-size: 11pt;\">\u00a0<\/span><\/p>\n<p class=\"MsoNormal\" style=\"margin: 0cm 0cm 0pt;\"><strong><span style=\"font-family: Verdana; font-size: 11pt;\">DESTEK VEREN \u00d6RG\u00dcTLER<\/span><\/strong><span style=\"font-family: Verdana; font-size: 11pt;\"><br \/>\nAKOVA Kadynlar Derne?i<br \/>\nAydynlyk Yarynlar Hareketi<br \/>\nBa?ymsyz Psikologlar Ynsiyatifi<br \/>\nBaraka K\u00fclt\u00fcr Merkezi<br \/>\nBedensel Engelliler Derne?i<br \/>\nBelediye Emek\u00e7ileri Sendikasy<br \/>\nBKP<br \/>\nCTP<br \/>\n\u00c7ADER (\u00c7atalk\u00f6y&#8217;\u00fc Geli?tirme ve K\u00fclt\u00fcr Derne?i)<br \/>\n\u00c7a?-Sen<br \/>\nDEV-Y?<br \/>\nDo?a Dostlary Kybrys<br \/>\nDP<br \/>\nEngelli Aileleri Dayany?ma Derne?i<br \/>\nEvrensel Hasta Haklary Derne?i<br \/>\nFEMA &#8211; Feminist At\u00f6lye<br \/>\nHASDER<br \/>\nKadynlar Birli?i<br \/>\nKAMU SEN<br \/>\nKAYAD<br \/>\nKemal Sara\u00e7o?lu L\u00f6semili \u00c7ocuklar ve Kanserle Sava? Vakfy<br \/>\nKybrys AB Derne?i<br \/>\nKybrys Havalary Derne?i<br \/>\nKybrys T\u00fcrk Diyetisyenler Birli?i<br \/>\nKybrysly T\u00fcrk Ynsan Haklary Vakfy<br \/>\nKybrys T\u00fcrk Ortopedik \u00d6z\u00fcrl\u00fcler Derne?i<br \/>\nKybrys T\u00fcrk \u00d6?retmenler Sendikasy<br \/>\nKybrys T\u00fcrk Psikologlar Derne?i<br \/>\nKybrys T\u00fcrk Psikolojik Dany?manlyk ve Rehberlik Derne?i<br \/>\nKybrys T\u00fcrk Y\u00f6neticiler Derne?i<br \/>\nKKTC Fizyoterapistler Birli?i<br \/>\nKTMMOB<br \/>\nKTOE\u00d6S<br \/>\nManagement Centre<br \/>\nPOST Ara?tyrma Enstit\u00fcs\u00fc<br \/>\nSosyal Riskleri \u00d6nleme Vakfy<br \/>\nSpastikler Derne?i<br \/>\nTDP<br \/>\nYKP<br \/>\nWomen into Action<br \/>\nZihinsel Engelliler Derne?i<\/span><\/p>\n<p class=\"MsoNormal\" style=\"margin: 0cm 0cm 0pt;\"><span style=\"font-family: Verdana; font-size: 11pt;\">\u00a0\u00a0\u00a0\u00a0\u00a0\u00a0\u00a0\u00a0\u00a0\u00a0\u00a0\u00a0\u00a0\u00a0\u00a0\u00a0\u00a0\u00a0\u00a0\u00a0\u00a0\u00a0\u00a0\u00a0\u00a0\u00a0 <\/span><\/p>\n<p><strong>EngelSiz Ynsiyatifi (9 \u00d6rg\u00fct)<br \/>\n<\/strong>Bedensel Engelliler Derne?i<br \/>\nEngelli Aileleri Dayany?ma Derne?i<br \/>\nKybrys T\u00fcrk Ortopedik \u00d6z\u00fcrl\u00fcler Derne?i<br \/>\nKybrys T\u00fcrk G\u00f6rmezler Derne?i<br \/>\nKybrysly T\u00fcrk Ynsan Haklary Vakfy<br \/>\nSosyal Riskleri \u00d6nleme Vakfy<br \/>\nSpastikler Derne?i<br \/>\nYurtsever Kadynlar Derne?i<br \/>\nZihinsel Engelliler Derne?i<\/p>\n<p><span style=\"font-family: Verdana; font-size: 11pt;\">\u00a0\u00a0\u00a0\u00a0\u00a0\u00a0\u00a0\u00a0\u00a0\u00a0\u00a0\u00a0\u00a0\u00a0\u00a0\u00a0\u00a0\u00a0\u00a0\u00a0\u00a0\u00a0 <\/span><\/p>\n<p><strong>Toplumsal Cinsiyet E?itli?i Platformu (18 \u00d6rg\u00fct)<br \/>\n<\/strong>AKOVA Kadynlar Derne?i<span style=\"font-family: Verdana; font-size: 11pt;\">CTP<br \/>\nDevlet \u00c7aly?anlary Sendikasy (\u00c7A?-SEN)<br \/>\nFeminist At\u00f6lye (FEMA)<br \/>\nHomofobiye Kar?y Ynsiyatif (HOKY)<br \/>\nKadyndan Ya?ama Destek Derne?i (KAYAD)<br \/>\nKybrysly T\u00fcrk Ynsan Haklary Vakfy (KTYHV)<br \/>\nKybrys T\u00fcrk Kadyn Dayany?ma Konseyi (KTKDK)<br \/>\nKybrys T\u00fcrk Kamu G\u00f6revlileri Sendikasy (KAMU-SEN)<br \/>\nKybrys T\u00fcrk Orta E?itim \u00d6?retmenler Sendikasy (KTOE\u00d6S)<br \/>\nKybrys T\u00fcrk Psikologlar Derne?i<br \/>\nKybrys T\u00fcrk Y\u00f6neticiler Derne?i<br \/>\nKyrlangy\u00e7 K\u00fclt\u00fcr Derne?i<br \/>\nManagement Centre<\/span><\/p>\n<p class=\"MsoNormal\" style=\"margin: 0cm 0cm 0pt;\"><span style=\"font-family: Verdana; font-size: 11pt;\">\u00d6RP<br \/>\nSOS<br \/>\nTDP<br \/>\nYeni Kybrys Partisi (YKP) <\/span><\/p>\n<p><span style=\"font-family: Verdana; font-size: 11pt;\">\u00a0\u00a0\u00a0\u00a0\u00a0\u00a0\u00a0\u00a0\u00a0\u00a0\u00a0\u00a0\u00a0\u00a0\u00a0\u00a0\u00a0\u00a0\u00a0\u00a0\u00a0\u00a0\u00a0\u00a0\u00a0\u00a0\u00a0\u00a0\u00a0\u00a0\u00a0\u00a0\u00a0\u00a0 <\/span><\/p>\n<p><strong>Sa?lyk Tematik \u00c7aly?ma Grubu (11 \u00d6rg\u00fct)<br \/>\n<\/strong>Kybrys T\u00fcrk Ortopedik \u00d6z\u00fcrl\u00fcler Derne?i<br \/>\nEsnaf ve Zanaatkarlar Odasy<br \/>\nDumansyz Hayat Derne?i<br \/>\nEvrensel Hasta Haklary Derne?i<br \/>\nKAYAD<br \/>\n\u00d6RP<br \/>\nBa?ymsyz Psikologlar Ynsiyatifi<br \/>\nKybrys T\u00fcrk Fizyoterapistler Birli?i<br \/>\nKybrys T\u00fcrk Diyetisyenler Derne?i<br \/>\nManagement Centre<span style=\"font-family: Verdana; font-size: 11pt;\">Thalassemia Derne?i<br \/>\nYKP<\/span><span style=\"line-height: 150%; font-family: Verdana; font-size: 11pt;\">\u00a0<\/span><\/p>\n","protected":false},"excerpt":{"rendered":"<p>EngelS\u0130Z \u0130N\u0130S\u0130YAT\u0130F\u0130 Y\u00dcR\u00dcY\u00dc\u015e D\u00dcZENLED\u0130 Engelsiz Ynisiyatifi: \u201cE?itli?in ger\u00e7ek anlamda var oldu?u bir \u00fclke i\u00e7in m\u00fccadelemiz s\u00fcrecek\u201d \u00a0 Baraka K\u00fclt\u00fcr Merkezi\u2019nin de aralarynda oldu?u 50\u2019den fazla<\/p>\n","protected":false},"author":1,"featured_media":0,"comment_status":"open","ping_status":"open","sticky":false,"template":"","format":"standard","meta":{"jetpack_post_was_ever_published":false,"_jetpack_newsletter_access":"","_jetpack_newsletter_tier_id":0,"jetpack_publicize_message":"","jetpack_is_tweetstorm":false,"jetpack_publicize_feature_enabled":true,"jetpack_social_post_already_shared":false,"jetpack_social_options":{"image_generator_settings":{"template":"highway","enabled":false}}},"categories":[1],"tags":[],"jetpack_publicize_connections":[],"jetpack_featured_media_url":"","jetpack_shortlink":"https:\/\/wp.me\/p4eHWX-bg","jetpack_sharing_enabled":true,"_links":{"self":[{"href":"https:\/\/baraka.cc\/index.php?rest_route=\/wp\/v2\/posts\/698"}],"collection":[{"href":"https:\/\/baraka.cc\/index.php?rest_route=\/wp\/v2\/posts"}],"about":[{"href":"https:\/\/baraka.cc\/index.php?rest_route=\/wp\/v2\/types\/post"}],"author":[{"embeddable":true,"href":"https:\/\/baraka.cc\/index.php?rest_route=\/wp\/v2\/users\/1"}],"replies":[{"embeddable":true,"href":"https:\/\/baraka.cc\/index.php?rest_route=%2Fwp%2Fv2%2Fcomments&post=698"}],"version-history":[{"count":0,"href":"https:\/\/baraka.cc\/index.php?rest_route=\/wp\/v2\/posts\/698\/revisions"}],"wp:attachment":[{"href":"https:\/\/baraka.cc\/index.php?rest_route=%2Fwp%2Fv2%2Fmedia&parent=698"}],"wp:term":[{"taxonomy":"category","embeddable":true,"href":"https:\/\/baraka.cc\/index.php?rest_route=%2Fwp%2Fv2%2Fcategories&post=698"},{"taxonomy":"post_tag","embeddable":true,"href":"https:\/\/baraka.cc\/index.php?rest_route=%2Fwp%2Fv2%2Ftags&post=698"}],"curies":[{"name":"wp","href":"https:\/\/api.w.org\/{rel}","templated":true}]}}