{"id":699,"date":"2010-05-14T12:54:38","date_gmt":"2010-05-14T09:54:38","guid":{"rendered":"https:\/\/baraka.cc\/?p=699"},"modified":"2017-10-17T10:54:43","modified_gmt":"2017-10-17T08:54:43","slug":"baraka-kultur-merkezi-ykpyi-ziyaret-etti","status":"publish","type":"post","link":"https:\/\/baraka.cc\/?p=699","title":{"rendered":"Baraka K\u00fclt\u00fcr Merkezi YKP\u2019yi ziyaret etti"},"content":{"rendered":"<p><strong><span style=\"font-size: 11pt; line-height: 150%; font-family: 'Verdana','sans-serif';\">Baraka K\u00fclt\u00fcr Merkezi YKP\u2019yi ziyaret etti<\/span><\/strong><span style=\"font-size: 11pt; line-height: 150%; font-family: 'Verdana','sans-serif';\">\u00a0<\/span><\/p>\n<p><span style=\"font-size: 11pt; line-height: 150%; font-family: 'Verdana','sans-serif';\"><a href=\"https:\/\/www.baraka.cc\/images\/stories\/ykp_baraka.jpg\" target=\"_blank\"><img decoding=\"async\" loading=\"lazy\" alt=\" \" src=\"https:\/\/www.baraka.cc\/images\/stories\/ykp_baraka.jpg\" width=\"200\" height=\"130\" align=\"left\" border=\"2\" \/><\/a><\/span><\/p>\n<p>2 May\u0131s 2010\u2032da\u00a0<b>Baraka K\u00fclt\u00fcr Merkezi\u00a0<\/b>son d\u00f6nemde YKP\u2019ye y\u00f6nelik s\u00f6zl\u00fc sal\u0131r\u0131lar konusunda dayan\u0131\u015fmalar\u0131n\u0131 iletmek ve g\u00f6r\u00fc\u015f al\u0131\u015f-veri\u015finde bulunmak i\u00e7in YKP\u2019yi ziyaret etti.<\/p>\n<p>&nbsp;<\/p>\n<p>YKP Genel Merkezinde ger\u00e7ekle\u015fen ziyarette Baraka K\u00fclt\u00fcr Merkezi aktivistleri M\u00fcn\u00fcr Rahvanc\u0131o\u011flu ile Merter Refiko\u011flu konu ile ilgili Baraka K\u00fclt\u00fcr Merkezinin d\u00fc\u015f\u00fcncelerini ve tutumlar\u0131n\u0131 ilettiler. Ziyaret s\u0131ras\u0131n YKP Y\u00fcr\u00fctme Kurulu \u00fcyeleri Murat Kanatl\u0131, Alpay Durduran ve Erdin\u00e7 Selasiye ile Parti Meclisi \u00fcyesi Celal Devrim \u00d6nen haz\u0131r bulundu.<\/p>\n<p>&nbsp;<\/p>\n<p>&nbsp;<\/p>\n<p>Ziyaret s\u0131ras\u0131nda Baraka aktivisti M\u00fcn\u00fcr Rahvanc\u0131o\u011flu yap\u0131lan sald\u0131r\u0131laru kabul edilemez bulduklar\u0131n\u0131, her eylemde herkesin istedi\u011fi pankart ve sloganlara y\u00fcr\u00fcme hakk\u0131n\u0131n oldu\u011funu, bunun her \u00f6rg\u00fct\u00fcn en do\u011fal hakk\u0131 oldu\u011funun alt\u0131n\u0131 \u00e7izdi, Baraka olarak YKP\u2019ye dayan\u0131\u015fmalar\u0131n\u0131 iletti.<\/p>\n<p>&nbsp;<\/p>\n<p>&nbsp;<\/p>\n<p>YKP Y\u00fcr\u00fctme Kurulu Sekreteri Murat Kanatl\u0131 da bu dayan\u0131\u015fma ziyaretinden dolay\u0131 Baraka K\u00fclt\u00fcr Merkezine te\u015fekk\u00fcr etti ve s\u00fcren sald\u0131r\u0131larla ilgili partinin iki a\u00e7\u0131klama ile pozisyonunu net olarak ortaya koydu\u011funu hat\u0131rlatt\u0131. Kanatl\u0131 s\u00fcren sald\u0131r\u0131lar\u0131n fiziki bir \u015fiddet i\u00e7in zemin haz\u0131rlamak amac\u0131yla da s\u00fcrd\u00fcr\u00fclmekte oldu\u011funu dile getirerek di\u011fer \u00f6rg\u00fctlerin de bu konuya duyarl\u0131 olmas\u0131 gerekti\u011fine i\u015faret etti. Kanatl\u0131, bunun ayr\u0131ca d\u00fc\u015f\u00fcnce \u00f6zg\u00fcrl\u00fc\u011f\u00fcne kar\u015f\u0131 da bir sald\u0131r\u0131ya d\u00f6n\u00fc\u015ft\u00fc\u011f\u00fcn\u00fc, pankart\u0131n t\u00fcm \u00f6rg\u00fctler taraf\u0131ndan sahiplenilmesini beklemediklerini ama en az\u0131ndan \u015fiddetle, s\u00f6zel lin\u00e7 kampanyas\u0131 ile ellerinden al\u0131nmaya \u00e7al\u0131\u015f\u0131lan d\u00fc\u015f\u00fcnceleri s\u00f6ylemelerinin haklar\u0131na di\u011fer \u00f6rg\u00fctler taraf\u0131ndan tepki g\u00f6sterilmesini beklediklerini ama \u015fu a\u015famaya kadar bu co\u011frafyadan Baraka ve KT\u00d6S d\u0131\u015f\u0131nda net tav\u0131r koyan\u0131n olmamas\u0131ndan \u00fcz\u00fcnt\u00fc duyduklar\u0131n\u0131n alt\u0131n\u0131 \u00e7izdi.<\/p>\n<p>&nbsp;<\/p>\n<p>&nbsp;<\/p>\n<p>Ziyarette ayr\u0131ca di\u011fer toplumsal hareketler ve \u00fclkenin i\u00e7inde bulundu\u011fu di\u011fer konularla da ilgili g\u00f6r\u00fc\u015f al\u0131\u015fveri\u015finde bulunuldu\u2026<\/p>\n<p>&nbsp;<\/p>\n<p class=\"MsoNormal\" style=\"margin: 0cm 0cm 0pt; line-height: 150%; text-align: justify;\"><span style=\"font-size: 11pt; line-height: 150%; font-family: 'Verdana','sans-serif';\">\u00a0\u00a0\u00a0\u00a0\u00a0\u00a0\u00a0\u00a0\u00a0\u00a0\u00a0\u00a0\u00a0\u00a0\u00a0\u00a0\u00a0<\/span><\/p>\n","protected":false},"excerpt":{"rendered":"<p>Baraka K\u00fclt\u00fcr Merkezi YKP\u2019yi ziyaret etti\u00a0 2 May\u0131s 2010\u2032da\u00a0Baraka K\u00fclt\u00fcr Merkezi\u00a0son d\u00f6nemde YKP\u2019ye y\u00f6nelik s\u00f6zl\u00fc sal\u0131r\u0131lar konusunda dayan\u0131\u015fmalar\u0131n\u0131 iletmek ve g\u00f6r\u00fc\u015f al\u0131\u015f-veri\u015finde bulunmak i\u00e7in YKP\u2019yi<\/p>\n","protected":false},"author":1,"featured_media":0,"comment_status":"open","ping_status":"open","sticky":false,"template":"","format":"standard","meta":{"jetpack_post_was_ever_published":false,"_jetpack_newsletter_access":"","_jetpack_newsletter_tier_id":0,"jetpack_publicize_message":"","jetpack_is_tweetstorm":false,"jetpack_publicize_feature_enabled":true,"jetpack_social_post_already_shared":false,"jetpack_social_options":{"image_generator_settings":{"template":"highway","enabled":false}}},"categories":[63],"tags":[],"jetpack_publicize_connections":[],"jetpack_featured_media_url":"","jetpack_shortlink":"https:\/\/wp.me\/p4eHWX-bh","jetpack_sharing_enabled":true,"_links":{"self":[{"href":"https:\/\/baraka.cc\/index.php?rest_route=\/wp\/v2\/posts\/699"}],"collection":[{"href":"https:\/\/baraka.cc\/index.php?rest_route=\/wp\/v2\/posts"}],"about":[{"href":"https:\/\/baraka.cc\/index.php?rest_route=\/wp\/v2\/types\/post"}],"author":[{"embeddable":true,"href":"https:\/\/baraka.cc\/index.php?rest_route=\/wp\/v2\/users\/1"}],"replies":[{"embeddable":true,"href":"https:\/\/baraka.cc\/index.php?rest_route=%2Fwp%2Fv2%2Fcomments&post=699"}],"version-history":[{"count":2,"href":"https:\/\/baraka.cc\/index.php?rest_route=\/wp\/v2\/posts\/699\/revisions"}],"predecessor-version":[{"id":5474,"href":"https:\/\/baraka.cc\/index.php?rest_route=\/wp\/v2\/posts\/699\/revisions\/5474"}],"wp:attachment":[{"href":"https:\/\/baraka.cc\/index.php?rest_route=%2Fwp%2Fv2%2Fmedia&parent=699"}],"wp:term":[{"taxonomy":"category","embeddable":true,"href":"https:\/\/baraka.cc\/index.php?rest_route=%2Fwp%2Fv2%2Fcategories&post=699"},{"taxonomy":"post_tag","embeddable":true,"href":"https:\/\/baraka.cc\/index.php?rest_route=%2Fwp%2Fv2%2Ftags&post=699"}],"curies":[{"name":"wp","href":"https:\/\/api.w.org\/{rel}","templated":true}]}}