{"id":7000,"date":"2019-08-15T13:08:46","date_gmt":"2019-08-15T11:08:46","guid":{"rendered":"https:\/\/baraka.cc\/?p=7000"},"modified":"2019-08-15T13:08:46","modified_gmt":"2019-08-15T11:08:46","slug":"bagimsiz-kibris-yuruyusu-gerceklesti","status":"publish","type":"post","link":"https:\/\/baraka.cc\/?p=7000","title":{"rendered":"Ba\u011f\u0131ms\u0131z K\u0131br\u0131s Y\u00fcr\u00fcy\u00fc\u015f\u00fc Ger\u00e7ekle\u015fti"},"content":{"rendered":"<p>Adam\u0131z\u0131n b\u00f6l\u00fcnm\u00fc\u015fl\u00fc\u011f\u00fcn\u00fcn 45. y\u0131l\u0131nda; halklar\u0131 karde\u015f ba\u015fka bir K\u0131br\u0131s yaratma m\u00fccadelesi\u00a0 devam ediyor. K\u0131br\u0131s\u2019\u0131n kuzeyinde yer alan devrimci yap\u0131lar Ba\u011f\u0131ms\u0131z K\u0131br\u0131s i\u00e7in d\u00fcn ak\u015fam Lefko\u015fa sokaklar\u0131ndayd\u0131.<\/p>\n<p><a href=\"https:\/\/baraka.cc\/wp-content\/uploads\/2019\/08\/Y\u00fcr\u00fcy\u00fc\u015f-1.jpg\"><img decoding=\"async\" loading=\"lazy\" class=\"alignnone size-medium wp-image-7002\" alt=\"Y\u00fcr\u00fcy\u00fc\u015f 1\" src=\"https:\/\/baraka.cc\/wp-content\/uploads\/2019\/08\/Y\u00fcr\u00fcy\u00fc\u015f-1-300x168.jpg\" width=\"300\" height=\"168\" srcset=\"https:\/\/baraka.cc\/wp-content\/uploads\/2019\/08\/Y\u00fcr\u00fcy\u00fc\u015f-1-300x168.jpg 300w, https:\/\/baraka.cc\/wp-content\/uploads\/2019\/08\/Y\u00fcr\u00fcy\u00fc\u015f-1-1024x576.jpg 1024w, https:\/\/baraka.cc\/wp-content\/uploads\/2019\/08\/Y\u00fcr\u00fcy\u00fc\u015f-1.jpg 1743w\" sizes=\"(max-width: 300px) 100vw, 300px\" \/><\/a>\u00a0 \u00a0<a href=\"https:\/\/baraka.cc\/wp-content\/uploads\/2019\/08\/Y\u00fcr\u00fcy\u00fc\u015f-3.jpg\"><img decoding=\"async\" loading=\"lazy\" class=\"alignnone size-medium wp-image-7003\" alt=\"Y\u00fcr\u00fcy\u00fc\u015f 3\" src=\"https:\/\/baraka.cc\/wp-content\/uploads\/2019\/08\/Y\u00fcr\u00fcy\u00fc\u015f-3-167x300.jpg\" width=\"167\" height=\"300\" \/><\/a><\/p>\n<p>Ba\u011f\u0131ms\u0131z K\u0131br\u0131s eylemlilikleri \u00e7er\u00e7evesinde ilk olarak, Baraka ve Ba\u011f\u0131ms\u0131zl\u0131k Yolu taraf\u0131ndan 10 A\u011fustos Cumartesi g\u00fcn\u00fc saat 19:00\u2019da Baraka K\u00fclt\u00fcr Merkezi lokalinde \u201cD\u00fcnden Bug\u00fcne K\u0131br\u0131s Sorunu: Beklemekten \u00d6te Bir Bar\u0131\u015f M\u00fccadelesi \u0130\u00e7in Neler Yap\u0131labilir?\u201d konulu panel ger\u00e7ekle\u015ftirildi; daha sonra ise halklar\u0131 karde\u015f Ba\u011f\u0131ms\u0131z ve Birle\u015fik K\u0131br\u0131s i\u00e7in, \u00fclkemizde son d\u00f6nemde artarak yay\u0131lan gericili\u011fi, ayr\u0131l\u0131k\u00e7\u0131 politikalar\u0131 ve adam\u0131z \u00fczerindeki t\u00fcm i\u015fgalleri protesto etmek amac\u0131yla soka\u011fa \u00e7\u0131k\u0131ld\u0131.<\/p>\n<p><a href=\"https:\/\/baraka.cc\/wp-content\/uploads\/2019\/08\/Y\u00fcr\u00fcy\u00fc\u015f-4.jpg\"><img decoding=\"async\" loading=\"lazy\" class=\"alignnone size-medium wp-image-7004\" alt=\"Y\u00fcr\u00fcy\u00fc\u015f 4\" src=\"https:\/\/baraka.cc\/wp-content\/uploads\/2019\/08\/Y\u00fcr\u00fcy\u00fc\u015f-4-300x168.jpg\" width=\"300\" height=\"168\" srcset=\"https:\/\/baraka.cc\/wp-content\/uploads\/2019\/08\/Y\u00fcr\u00fcy\u00fc\u015f-4-300x168.jpg 300w, https:\/\/baraka.cc\/wp-content\/uploads\/2019\/08\/Y\u00fcr\u00fcy\u00fc\u015f-4-1024x576.jpg 1024w, https:\/\/baraka.cc\/wp-content\/uploads\/2019\/08\/Y\u00fcr\u00fcy\u00fc\u015f-4.jpg 1743w\" sizes=\"(max-width: 300px) 100vw, 300px\" \/><\/a> <a href=\"https:\/\/baraka.cc\/wp-content\/uploads\/2019\/08\/Y\u00fcr\u00fcy\u00fc\u015f-5.jpg\"><img decoding=\"async\" loading=\"lazy\" class=\"alignnone size-medium wp-image-7005\" alt=\"Y\u00fcr\u00fcy\u00fc\u015f 5\" src=\"https:\/\/baraka.cc\/wp-content\/uploads\/2019\/08\/Y\u00fcr\u00fcy\u00fc\u015f-5-167x300.jpg\" width=\"167\" height=\"300\" \/><\/a><\/p>\n<p>14 A\u011fustos \u00c7ar\u015famba ak\u015fam\u0131 (d\u00fcn ak\u015fam) saat 19:00\u2019da y\u0131llard\u0131r \u201cBa\u011f\u0131ms\u0131z K\u0131br\u0131s\u201d y\u00fcr\u00fcy\u00fc\u015f\u00fc olarak an\u0131lan eylem \u0130ngiliz El\u00e7ili\u011fi \u00f6n\u00fcnde Baraka M\u00fczik Toplulu\u011fu Sol Anahtar\u0131\u2019n\u0131n \u00f6zg\u00fcrl\u00fck temal\u0131 \u015fark\u0131lar\u0131yla ba\u015flad\u0131. M\u00fczi\u011fin yan\u0131s\u0131ra okunan \u015fiirlerin ve yap\u0131lan konu\u015fmalar\u0131n ard\u0131ndan \u0130ngiliz El\u00e7ili\u011fi\u2019ne siyah \u00e7elenk b\u0131rakan kitle, ikinci durak olarak Amerikan Temsilcili\u011fi\u2019ne y\u00fcr\u00fcyerek oraya da bir siyah \u00e7elenk b\u0131rakt\u0131. Kalabal\u0131k ve co\u015fkulu ger\u00e7ekle\u015fen y\u00fcr\u00fcy\u00fc\u015f\u00fcn son dura\u011f\u0131 ise TC El\u00e7ili\u011fi\u2019ydi.<\/p>\n<p><a href=\"https:\/\/baraka.cc\/wp-content\/uploads\/2019\/08\/Amerikan-Temsilci\u011fi.jpg\"><img decoding=\"async\" loading=\"lazy\" class=\"alignnone size-medium wp-image-7006\" alt=\"Amerikan Temsilci\u011fi\" src=\"https:\/\/baraka.cc\/wp-content\/uploads\/2019\/08\/Amerikan-Temsilci\u011fi-300x168.jpg\" width=\"300\" height=\"168\" srcset=\"https:\/\/baraka.cc\/wp-content\/uploads\/2019\/08\/Amerikan-Temsilci\u011fi-300x168.jpg 300w, https:\/\/baraka.cc\/wp-content\/uploads\/2019\/08\/Amerikan-Temsilci\u011fi-1024x576.jpg 1024w, https:\/\/baraka.cc\/wp-content\/uploads\/2019\/08\/Amerikan-Temsilci\u011fi.jpg 1743w\" sizes=\"(max-width: 300px) 100vw, 300px\" \/><\/a> <a href=\"https:\/\/baraka.cc\/wp-content\/uploads\/2019\/08\/\u0130ngiliz-El\u00e7ili\u011fi.jpg\"><img decoding=\"async\" loading=\"lazy\" class=\"alignnone size-medium wp-image-7007\" alt=\"\u0130ngiliz El\u00e7ili\u011fi\" src=\"https:\/\/baraka.cc\/wp-content\/uploads\/2019\/08\/\u0130ngiliz-El\u00e7ili\u011fi-300x168.jpg\" width=\"300\" height=\"168\" srcset=\"https:\/\/baraka.cc\/wp-content\/uploads\/2019\/08\/\u0130ngiliz-El\u00e7ili\u011fi-300x168.jpg 300w, https:\/\/baraka.cc\/wp-content\/uploads\/2019\/08\/\u0130ngiliz-El\u00e7ili\u011fi-1024x576.jpg 1024w, https:\/\/baraka.cc\/wp-content\/uploads\/2019\/08\/\u0130ngiliz-El\u00e7ili\u011fi.jpg 1743w\" sizes=\"(max-width: 300px) 100vw, 300px\" \/><\/a><\/p>\n<p>Toplumsal muhalefetimiz a\u00e7\u0131s\u0131ndan \u201chalklar\u0131 karde\u015f ba\u015fka bir K\u0131br\u0131s yaratma m\u00fccadelesi\u201d olarak kabul edilen bu g\u00fcnde; fa\u015fizme, gericili\u011fe ve \u00fclkemizde t\u00fcm i\u015fgallere kar\u015f\u0131 co\u015fkulu kitlenin hep birlikte att\u0131\u011f\u0131 sloganlar\u0131n ard\u0131ndan son olarak organizasyon komitesi taraf\u0131ndan haz\u0131rlanan ortak bas\u0131n a\u00e7\u0131klamas\u0131 okunarak eylem sona erdi.<\/p>\n<p><a href=\"https:\/\/baraka.cc\/wp-content\/uploads\/2019\/08\/Eli\u00e7ilik-\u00d6n\u00fc-1.jpg\"><img decoding=\"async\" loading=\"lazy\" class=\"alignnone size-medium wp-image-7008\" alt=\"Eli\u00e7ilik \u00d6n\u00fc 1\" src=\"https:\/\/baraka.cc\/wp-content\/uploads\/2019\/08\/Eli\u00e7ilik-\u00d6n\u00fc-1-300x168.jpg\" width=\"300\" height=\"168\" srcset=\"https:\/\/baraka.cc\/wp-content\/uploads\/2019\/08\/Eli\u00e7ilik-\u00d6n\u00fc-1-300x168.jpg 300w, https:\/\/baraka.cc\/wp-content\/uploads\/2019\/08\/Eli\u00e7ilik-\u00d6n\u00fc-1-1024x576.jpg 1024w, https:\/\/baraka.cc\/wp-content\/uploads\/2019\/08\/Eli\u00e7ilik-\u00d6n\u00fc-1.jpg 1743w\" sizes=\"(max-width: 300px) 100vw, 300px\" \/><\/a> <a href=\"https:\/\/baraka.cc\/wp-content\/uploads\/2019\/08\/Eli\u00e7ilik-\u00d6n\u00fc-2.jpg\"><img decoding=\"async\" loading=\"lazy\" class=\"alignnone size-medium wp-image-7009\" alt=\"Eli\u00e7ilik \u00d6n\u00fc 2\" src=\"https:\/\/baraka.cc\/wp-content\/uploads\/2019\/08\/Eli\u00e7ilik-\u00d6n\u00fc-2-300x168.jpg\" width=\"300\" height=\"168\" srcset=\"https:\/\/baraka.cc\/wp-content\/uploads\/2019\/08\/Eli\u00e7ilik-\u00d6n\u00fc-2-300x168.jpg 300w, https:\/\/baraka.cc\/wp-content\/uploads\/2019\/08\/Eli\u00e7ilik-\u00d6n\u00fc-2-1024x576.jpg 1024w, https:\/\/baraka.cc\/wp-content\/uploads\/2019\/08\/Eli\u00e7ilik-\u00d6n\u00fc-2.jpg 1743w\" sizes=\"(max-width: 300px) 100vw, 300px\" \/><\/a> <a href=\"https:\/\/baraka.cc\/wp-content\/uploads\/2019\/08\/Y\u00fcr\u00fcy\u00fc\u015f-8.jpg\"><img decoding=\"async\" loading=\"lazy\" class=\"alignnone size-medium wp-image-7010\" alt=\"Y\u00fcr\u00fcy\u00fc\u015f 8\" src=\"https:\/\/baraka.cc\/wp-content\/uploads\/2019\/08\/Y\u00fcr\u00fcy\u00fc\u015f-8-300x168.jpg\" width=\"300\" height=\"168\" srcset=\"https:\/\/baraka.cc\/wp-content\/uploads\/2019\/08\/Y\u00fcr\u00fcy\u00fc\u015f-8-300x168.jpg 300w, https:\/\/baraka.cc\/wp-content\/uploads\/2019\/08\/Y\u00fcr\u00fcy\u00fc\u015f-8-1024x576.jpg 1024w, https:\/\/baraka.cc\/wp-content\/uploads\/2019\/08\/Y\u00fcr\u00fcy\u00fc\u015f-8.jpg 1743w\" sizes=\"(max-width: 300px) 100vw, 300px\" \/><\/a><\/p>\n<p><i>Organizasyon komitesinin ortak bas\u0131n a\u00e7\u0131klamas\u0131nda \u015fu ifadelere yer verildi:<\/i><\/p>\n<p>Yurdumuzun b\u00f6l\u00fcnmesin 45. y\u0131l\u0131nda, bir 14 A\u011fustos\u2019ta yine sokaktay\u0131z. Ayr\u0131l\u0131k\u00e7\u0131 seslerin yeniden y\u00fckseldi\u011fi, liberal akl\u0131n ise bar\u0131\u015f ad\u0131na beklemek ve ummak d\u0131\u015f\u0131nda bir \u015fey yapmad\u0131\u011f\u0131 bir ortamda y\u0131llard\u0131r oldu\u011fu gibi Ba\u011f\u0131ms\u0131z K\u0131br\u0131s demeye devam ediyoruz.<br \/>\nK\u0131br\u0131s sorununun \u00e7\u00f6z\u00fcm\u00fc i\u00e7in yegane y\u00f6ntem olan iki halk\u0131n e\u015fitli\u011fine dayal\u0131 bir federasyon anlay\u0131\u015f\u0131n\u0131n g\u00fcndem d\u0131\u015f\u0131 b\u0131rak\u0131lmaya \u00e7al\u0131\u015f\u0131ld\u0131\u011f\u0131 bir s\u00fcre\u00e7ten ge\u00e7iyoruz. Bu sald\u0131r\u0131 dalgas\u0131na ra\u011fmen bar\u0131\u015f ve federasyonu savundu\u011funu ifade eden \u00e7ok say\u0131da kesim ise \u201cbar\u0131\u015f dilencili\u011finden\u201d \u00f6teye gidemeyen bir anlay\u0131\u015f\u0131 halklara se\u00e7enek olarak sunuyorlar. Etnik \u00e7at\u0131\u015fmalarla ge\u00e7en d\u00f6nem ve b\u00f6l\u00fcnm\u00fc\u015f bir K\u0131br\u0131s\u2019ta ge\u00e7irdi\u011fimiz onlarca y\u0131l g\u00f6stermi\u015ftir ki, ada halklar\u0131na dayanmayan bir m\u00fccadele K\u0131br\u0131s\u2019ta bar\u0131\u015fa hizmet edemez.<br \/>\nHer iki halk i\u00e7indeki milliyet\u00e7i ve fa\u015fist \u00e7evrelerin kar\u015f\u0131 taraf\u0131 su\u00e7layarak tan\u0131mlad\u0131\u011f\u0131, kimilerinin ise sadece hukuki bir sorun olarak g\u00f6rd\u00fc\u011f\u00fc K\u0131br\u0131s sorunu, bizler i\u00e7in K\u0131br\u0131s halklar\u0131n\u0131n yeniden karde\u015fle\u015fmesi ve yurtlar\u0131yla ilgili s\u00f6z, yetki, karar yani iktidar hakk\u0131n\u0131 kazanmalar\u0131 sorunudur. Dolay\u0131s\u0131yla bizler K\u0131br\u0131s sorununu sadece 1974 y\u0131l\u0131nda ya\u015fananlarla ilgili g\u00f6rm\u00fcyoruz. \u0130\u00e7 ve d\u0131\u015f etkenlerin y\u0131llar i\u00e7inde farkl\u0131 farkl\u0131 roller \u00fcstlendi\u011fi bir s\u00fcre\u00e7 ya\u015fanm\u0131\u015f ve bu s\u00fcre\u00e7le beraber 1974 y\u0131l\u0131nda b\u00f6l\u00fcnm\u00fc\u015f bir K\u0131br\u0131s yarat\u0131lm\u0131\u015ft\u0131r. \u00dclkemiz K\u0131br\u0131s, bir b\u00fct\u00fcn olarak emperyalizmin i\u015fgali alt\u0131ndand\u0131r. Her ne kadar bu i\u015fgal a\u011f\u0131rl\u0131kla emperyalizmin ta\u015feronlar\u0131 olarak adada bulunan T\u00fcrkiye ve Yunanistan \u00fczerinden s\u00fcrse de Amerikan ve \u0130ngiliz emperyalizmi K\u0131br\u0131s\u2019ta s\u00f6z sahibi olmaya devam ediyor. Dolay\u0131s\u0131yla yurdumuzun ba\u011f\u0131ms\u0131zl\u0131\u011f\u0131n\u0131 kazanmas\u0131 emperyalizmin ada \u00fczerindeki tahakk\u00fcm\u00fc silinmeden m\u00fcmk\u00fcn olamayacakt\u0131r. \u0130\u015fte bu y\u00fczden, Ba\u011f\u0131ms\u0131z K\u0131br\u0131s demek sadece hukuki anlamda bir birle\u015fme \u00e7a\u011fr\u0131s\u0131 de\u011fil, emperyalizme ve onlar\u0131n yerli i\u015fbirlik\u00e7ilerine kar\u015f\u0131 da bir m\u00fccadele \u00e7a\u011fr\u0131s\u0131d\u0131r.<br \/>\nYurdumuzu bir kara para aklama yeri olarak kullananlara, emek\u00e7ileri k\u00f6le gibi \u00e7al\u0131\u015ft\u0131racak bir b\u00f6lge gibi g\u00f6renlere, Ortado\u011fuda bir sava\u015f \u00fcss\u00fc yaratanlara kar\u015f\u0131 m\u00fccadele etmeden bar\u0131\u015f i\u00e7inde bir K\u0131br\u0131s kuramay\u0131z. Bu y\u00fczden kerhanelere ve kumarhanelere hay\u0131r derken, sendikas\u0131z \u00e7al\u0131\u015ft\u0131r\u0131lmak yasaklans\u0131n diye slogan atarken, T\u00fcrkiyeli-K\u0131br\u0131sl\u0131 ayr\u0131m\u0131na kar\u015f\u0131 m\u00fccadele ederken, K\u0131br\u0131sl\u0131 T\u00fcrkler ve K\u0131br\u0131sl\u0131 Elenler karde\u015ftir derken, da\u011flar\u0131m\u0131z oyulmas\u0131na kar\u015f\u0131 \u00e7\u0131karken asl\u0131nda Ba\u011f\u0131ms\u0131z K\u0131br\u0131s diyoruz. \u00c7\u00fcnk\u00fc Ba\u011f\u0131ms\u0131z K\u0131br\u0131s m\u00fccadelesi bunlar\u0131n olmad\u0131\u011f\u0131 bir \u00fclke yaratma \u00e7abas\u0131d\u0131r. Bu \u00e7abam\u0131z\u0131 bug\u00fcn oldu\u011fu gibi yar\u0131nda da s\u00fcrd\u00fcrmeye devam edece\u011fiz. Birileri b\u00f6l\u00fcnm\u00fc\u015fl\u00fc\u011f\u00fcn kal\u0131c\u0131la\u015fmas\u0131n\u0131 hayal etse de bizler bamba\u015fka bir K\u0131br\u0131s d\u00fc\u015fl\u00fcyoruz. Ba\u015fka bir K\u0131br\u0131s da bizlerin ellerindedir.<\/p>\n<p><b>Ba\u011f\u0131ms\u0131z K\u0131br\u0131s B\u00fct\u00fcn Halklar Karde\u015ftir<\/b><\/p>\n","protected":false},"excerpt":{"rendered":"<p>Adam\u0131z\u0131n b\u00f6l\u00fcnm\u00fc\u015fl\u00fc\u011f\u00fcn\u00fcn 45. y\u0131l\u0131nda; halklar\u0131 karde\u015f ba\u015fka bir K\u0131br\u0131s yaratma m\u00fccadelesi\u00a0 devam ediyor. K\u0131br\u0131s\u2019\u0131n kuzeyinde yer alan devrimci yap\u0131lar Ba\u011f\u0131ms\u0131z K\u0131br\u0131s i\u00e7in d\u00fcn ak\u015fam Lefko\u015fa<\/p>\n","protected":false},"author":13,"featured_media":7001,"comment_status":"open","ping_status":"open","sticky":false,"template":"","format":"standard","meta":{"jetpack_post_was_ever_published":false,"_jetpack_newsletter_access":"","_jetpack_newsletter_tier_id":0,"jetpack_publicize_message":"Ba\u011f\u0131ms\u0131z K\u0131br\u0131s Y\u00fcr\u00fcy\u00fc\u015f\u00fc Ger\u00e7ekle\u015fti","jetpack_is_tweetstorm":false,"jetpack_publicize_feature_enabled":true,"jetpack_social_post_already_shared":true,"jetpack_social_options":{"image_generator_settings":{"template":"highway","enabled":false}}},"categories":[54,47],"tags":[],"jetpack_publicize_connections":[],"jetpack_featured_media_url":"https:\/\/baraka.cc\/wp-content\/uploads\/2019\/08\/Y\u00fcr\u00fcy\u00fc\u015f-6.jpg","jetpack_shortlink":"https:\/\/wp.me\/p4eHWX-1OU","jetpack_sharing_enabled":true,"_links":{"self":[{"href":"https:\/\/baraka.cc\/index.php?rest_route=\/wp\/v2\/posts\/7000"}],"collection":[{"href":"https:\/\/baraka.cc\/index.php?rest_route=\/wp\/v2\/posts"}],"about":[{"href":"https:\/\/baraka.cc\/index.php?rest_route=\/wp\/v2\/types\/post"}],"author":[{"embeddable":true,"href":"https:\/\/baraka.cc\/index.php?rest_route=\/wp\/v2\/users\/13"}],"replies":[{"embeddable":true,"href":"https:\/\/baraka.cc\/index.php?rest_route=%2Fwp%2Fv2%2Fcomments&post=7000"}],"version-history":[{"count":1,"href":"https:\/\/baraka.cc\/index.php?rest_route=\/wp\/v2\/posts\/7000\/revisions"}],"predecessor-version":[{"id":7011,"href":"https:\/\/baraka.cc\/index.php?rest_route=\/wp\/v2\/posts\/7000\/revisions\/7011"}],"wp:featuredmedia":[{"embeddable":true,"href":"https:\/\/baraka.cc\/index.php?rest_route=\/wp\/v2\/media\/7001"}],"wp:attachment":[{"href":"https:\/\/baraka.cc\/index.php?rest_route=%2Fwp%2Fv2%2Fmedia&parent=7000"}],"wp:term":[{"taxonomy":"category","embeddable":true,"href":"https:\/\/baraka.cc\/index.php?rest_route=%2Fwp%2Fv2%2Fcategories&post=7000"},{"taxonomy":"post_tag","embeddable":true,"href":"https:\/\/baraka.cc\/index.php?rest_route=%2Fwp%2Fv2%2Ftags&post=7000"}],"curies":[{"name":"wp","href":"https:\/\/api.w.org\/{rel}","templated":true}]}}