{"id":701,"date":"2010-06-28T12:55:57","date_gmt":"2010-06-28T09:55:57","guid":{"rendered":"https:\/\/baraka.cc\/?p=701"},"modified":"2014-01-02T12:56:46","modified_gmt":"2014-01-02T09:56:46","slug":"fylystyn-yle-dayanima-toplantilari-duzenlendy","status":"publish","type":"post","link":"https:\/\/baraka.cc\/?p=701","title":{"rendered":"FYLYSTYN YLE DAYANI?MA TOPLANTILARI D\u00dcZENLENDY"},"content":{"rendered":"<p class=\"MsoNormal\" style=\"text-align: justify; line-height: 150%; margin: 0cm 0cm 0pt;\"><strong><span style=\"font-family: 'Verdana','sans-serif';\"><span style=\"font-size: medium;\">FYLYSTYN YLE DAYANI?MA TOPLANTILARI D\u00dcZENLENDY<\/span><\/span><\/strong><\/p>\n<p><strong><span style=\"font-family: 'Verdana','sans-serif';\"><span style=\"font-size: medium;\">\u00a0\u00a0\u00a0\u00a0\u00a0\u00a0\u00a0\u00a0\u00a0\u00a0\u00a0\u00a0\u00a0\u00a0\u00a0\u00a0\u00a0\u00a0\u00a0\u00a0\u00a0\u00a0\u00a0\u00a0\u00a0\u00a0\u00a0\u00a0\u00a0 <\/span><\/span><\/strong><\/p>\n<p class=\"MsoNormal\" style=\"text-align: justify; line-height: 150%; margin: 0cm 0cm 0pt;\"><strong><span style=\"font-family: 'Verdana','sans-serif';\"><span style=\"font-size: medium;\">GAZZE ABLUKASINI DURDURUN<\/span><\/span><\/strong><\/p>\n<p class=\"MsoNormal\" style=\"text-align: justify; line-height: 150%; margin: 0cm 0cm 0pt;\"><strong><span style=\"font-family: 'Verdana','sans-serif';\"><span style=\"font-size: medium;\">\u00a0\u00a0 <\/span><\/span><\/strong><\/p>\n<p class=\"MsoNormal\" style=\"text-align: justify; line-height: 150%; margin: 0cm 0cm 0pt;\"><strong><span style=\"font-family: 'Verdana','sans-serif';\"><a href=\"https:\/\/www.baraka.cc\/images\/stories\/shk_gaza1.jpg\" target=\"_blank\"><img decoding=\"async\" loading=\"lazy\" alt=\" \" src=\"https:\/\/www.baraka.cc\/images\/stories\/shk_gaza1.jpg\" width=\"200\" height=\"150\" border=\"2\" \/><\/a>\u00a0<\/span><\/strong><strong><span style=\"font-family: 'Verdana','sans-serif';\"> <a href=\"https:\/\/www.baraka.cc\/images\/stories\/shk_gaza2.jpg\" target=\"_blank\"><img decoding=\"async\" loading=\"lazy\" alt=\" \" src=\"https:\/\/www.baraka.cc\/images\/stories\/shk_gaza2.jpg\" width=\"200\" height=\"150\" border=\"2\" \/><\/a><\/span><\/strong><\/p>\n<p class=\"MsoNormal\" style=\"text-align: justify; line-height: 150%; margin: 0cm 0cm 0pt;\">\n<p class=\"MsoNormal\" style=\"text-align: justify; line-height: 150%; margin: 0cm 0cm 0pt;\">\n<p><strong><span style=\"font-family: 'Verdana','sans-serif';\"><span style=\"font-size: medium;\">\u00a0\u00a0\u00a0\u00a0\u00a0\u00a0\u00a0\u00a0\u00a0\u00a0\u00a0\u00a0\u00a0\u00a0\u00a0\u00a0\u00a0\u00a0\u00a0\u00a0\u00a0\u00a0\u00a0\u00a0\u00a0\u00a0\u00a0\u00a0\u00a0\u00a0\u00a0<\/span><\/span><\/strong><strong><span style=\"font-family: 'Verdana','sans-serif';\"><span style=\"font-size: medium;\">\u00a0<\/span><\/span><\/strong> <span style=\"font-family: 'Verdana','sans-serif';\"><span style=\"font-size: medium;\"><strong><span style=\"font-family: 'Verdana','sans-serif';\">\u00a0\u00a0 \u00a0<\/span><\/strong><br \/>\n<\/span><\/span><\/p>\n<p class=\"MsoNormal\" style=\"text-align: justify; line-height: 150%; margin: 0cm 0cm 0pt;\"><span style=\"font-family: 'Verdana','sans-serif';\">Siyonist Ysrail devletinin Gazze ?eridi\u2019ne uygulady?y barbar abluka be? yyldyr devam ediyor. En g\u00fc\u00e7l\u00fc sava? ara\u00e7lary, gezegenin en fakir b\u00f6lgesine bo?ucu bir basky uyguluyor. Bu abluka ile birlikte ufak bir ?erit bir bu\u00e7uk milyon insan i\u00e7in bir a\u00e7yk hava <span>\u00a0<\/span>hapishanesine d\u00f6nm\u00fc? durumdadyr.<\/span><\/p>\n<p><span style=\"font-family: 'Verdana','sans-serif';\">\u00a0\u00a0\u00a0\u00a0\u00a0\u00a0\u00a0\u00a0\u00a0\u00a0\u00a0\u00a0\u00a0\u00a0\u00a0\u00a0\u00a0\u00a0\u00a0\u00a0 <\/span><span style=\"font-family: 'Verdana','sans-serif';\">\u00a0<\/span><\/p>\n<p class=\"MsoNormal\" style=\"text-align: justify; line-height: 150%; margin: 0cm 0cm 0pt;\"><span style=\"font-family: 'Verdana','sans-serif';\">Yiyecek, su, elektrik, yakyt ve ila\u00e7 yoklu?u ile yoksulluk derinle?irken, Ysrail her g\u00fcn s\u00f6zde hedeflerini geli?ig\u00fczel bombalayarak masum insanlary \u00f6ld\u00fcrmeye devam etmektedir. Bu b\u00fct\u00fcn d\u00fcnyanyn g\u00f6zleri \u00f6n\u00fcnde ve ABD ile AB\u2019nin onayy ile ger\u00e7ekle?en bir su\u00e7tur.<\/span><\/p>\n<p><span style=\"font-family: 'Verdana','sans-serif';\">\u00a0\u00a0\u00a0\u00a0\u00a0\u00a0\u00a0\u00a0\u00a0\u00a0\u00a0\u00a0\u00a0\u00a0\u00a0\u00a0\u00a0\u00a0\u00a0\u00a0\u00a0\u00a0\u00a0\u00a0 <\/span><span style=\"font-family: 'Verdana','sans-serif';\">\u00a0<\/span><\/p>\n<p class=\"MsoNormal\" style=\"text-align: justify; line-height: 150%; margin: 0cm 0cm 0pt;\"><span style=\"font-family: 'Verdana','sans-serif';\">\u201c\u00d6zg\u00fcr Gazze\u201d hareketinin k\u00fc\u00e7\u00fck filosuna Ysrail tarafyndan ger\u00e7ekle?tirilen son korsanca saldyry, silahsyz aktivistlerin so?ukkanly bir ?ekilde \u00f6ld\u00fcr\u00fclmesi ile sonu\u00e7landy. Bu da k\u00fcresel dayany?ma hareketinin saldyrylary kynamasyna neden olmaktadyr.<\/span><\/p>\n<p><span style=\"font-family: 'Verdana','sans-serif';\">\u00a0\u00a0\u00a0\u00a0\u00a0\u00a0\u00a0\u00a0\u00a0\u00a0\u00a0\u00a0\u00a0\u00a0\u00a0\u00a0\u00a0\u00a0\u00a0\u00a0\u00a0\u00a0\u00a0\u00a0\u00a0\u00a0\u00a0\u00a0\u00a0\u00a0\u00a0\u00a0\u00a0 \u00a0<\/span><span style=\"font-family: 'Verdana','sans-serif';\">\u00a0<\/span><\/p>\n<p class=\"MsoNormal\" style=\"text-align: justify; line-height: 150%; margin: 0cm 0cm 0pt;\"><span style=\"font-family: 'Verdana','sans-serif';\">Biz de \u00fclkemiz Kybrys\u2019ta Filistin halky ile dayany?mamyzy y\u00fckseltmekteyiz. \u00d6zellikle Kybrysly Elen halkynyn Dimitris Hristofyas h\u00fck\u00fcmetinden Ysrail devleti ile her t\u00fcrl\u00fc i?birli?ini kesmesini ve Gazze\u2019ye ula?mak isteyen teknelere yardymcy olmasyny istemesi \u00e7ok \u00f6nemlidir. Kybrys h\u00fck\u00fcmetinin \u201c\u00d6zg\u00fcr Gazze\u201d filosuna uygulady?y kysytlamalar onu Ysrail su\u00e7laryna ortak yapmaktadyr.<\/span><\/p>\n<p><span style=\"font-family: 'Verdana','sans-serif';\">\u00a0\u00a0\u00a0\u00a0\u00a0\u00a0\u00a0\u00a0\u00a0\u00a0\u00a0\u00a0\u00a0\u00a0\u00a0\u00a0\u00a0\u00a0\u00a0\u00a0\u00a0\u00a0\u00a0\u00a0\u00a0\u00a0\u00a0 \u00a0<\/span><span style=\"font-family: 'Verdana','sans-serif';\">\u00a0<\/span><\/p>\n<p class=\"MsoNormal\" style=\"text-align: justify; line-height: 150%; margin: 0cm 0cm 0pt;\"><span style=\"font-family: 'Verdana','sans-serif';\">Yki toplumlu bir yapylanma olan \u201cSava?a Hayyr Kolisyonu \u2013 Kybrys\u201d; Ysrail tarafyndan uluslararasy sularda ger\u00e7ekle?tirilen son korsanlyk faaliyetini bizzat ya?ayan bir tany?y dinleyebilece?imiz ve Filistin halky ile dayany?mamyzy en iyi nasyl g\u00f6sterebilece?imizi tarty?ylabilece?i iki a\u00e7yk etkinlik d\u00fczenlendi. <a href=\"https:\/\/www.baraka.cc\/images\/stories\/shk_panel2.jpg\" target=\"_blank\"><img decoding=\"async\" loading=\"lazy\" alt=\" \" src=\"https:\/\/www.baraka.cc\/images\/stories\/shk_panel2.jpg\" width=\"200\" height=\"150\" align=\"left\" border=\"2\" \/><\/a><\/span><\/p>\n<p><span style=\"font-family: 'Verdana','sans-serif';\">\u00a0\u00a0\u00a0\u00a0\u00a0\u00a0\u00a0\u00a0\u00a0\u00a0\u00a0\u00a0\u00a0\u00a0\u00a0\u00a0\u00a0\u00a0\u00a0\u00a0\u00a0\u00a0\u00a0\u00a0\u00a0\u00a0\u00a0\u00a0\u00a0\u00a0\u00a0\u00a0\u00a0\u00a0\u00a0\u00a0 <\/span><span style=\"font-family: 'Verdana','sans-serif';\"><span>\u00a0\u00a0\u00a0 <\/span><\/span><\/p>\n<p class=\"MsoNormal\" style=\"text-align: justify; line-height: 150%; margin: 0cm 0cm 0pt;\"><span style=\"font-family: 'Verdana','sans-serif';\">Ylk etkinlik 29 Haziran Saly saat 19:30\u2019da Lefko?a Belediyesi\u2019nin Ledra Caddesi sonundaki Enformasyon Ofisi\u2019nde ger\u00e7ekle?ti. Konu?macylar;<\/span><\/p>\n<p><span style=\"font-family: 'Verdana','sans-serif';\">\u00a0\u00a0\u00a0\u00a0\u00a0\u00a0\u00a0\u00a0\u00a0\u00a0\u00a0\u00a0\u00a0\u00a0\u00a0\u00a0\u00a0\u00a0\u00a0\u00a0\u00a0\u00a0\u00a0 <\/span><\/p>\n<p class=\"MsoNormal\" style=\"text-align: justify; line-height: 150%; text-indent: 21.25pt; margin: 0cm 1cm 0pt 64.35pt;\"><span style=\"font-family: Symbol;\"><span>\u00b7<span style=\"font: 7pt 'Times New Roman';\">\u00a0\u00a0\u00a0\u00a0\u00a0\u00a0\u00a0\u00a0\u00a0 <\/span><\/span><\/span><strong><span style=\"font-family: 'Verdana','sans-serif';\">Demetra Kirillou<\/span><\/strong><span style=\"font-family: 'Verdana','sans-serif';\">&#8211; Sava?a Hayyr Koalisyonu\u2019nun Yunanly bir aktivisti. Kendisi ablukayy kyrmak i\u00e7in ger\u00e7ekle?tirilen son denemede Ysrail saldyrysyna u?rayan gemilerde bulunmaktaydy. Olaylary \u201cNeler Oldu \u2013 Mitler ve Ger\u00e7ekler\u201d ba?ly?y altynda bizimle payla?ty.<\/span><\/p>\n<p><span style=\"font-family: 'Verdana','sans-serif';\">\u00a0\u00a0\u00a0\u00a0\u00a0\u00a0\u00a0\u00a0\u00a0\u00a0\u00a0\u00a0\u00a0\u00a0\u00a0\u00a0\u00a0\u00a0\u00a0\u00a0 <\/span><\/p>\n<p class=\"MsoNormal\" style=\"text-align: justify; line-height: 150%; text-indent: 21.25pt; margin: 0cm 1cm 0pt 64.35pt;\"><span style=\"font-family: Symbol;\"><span>\u00b7<span style=\"font: 7pt 'Times New Roman';\">\u00a0\u00a0\u00a0\u00a0\u00a0\u00a0\u00a0\u00a0\u00a0 <\/span><\/span><\/span><strong><span style=\"font-family: 'Verdana','sans-serif';\">Dr. Maged Hdaib<\/span><\/strong><span style=\"font-family: 'Verdana','sans-serif';\">&#8211; Kybrys\u2019taki Filistin otoritesini temsilen<\/span><\/p>\n<p><span style=\"font-family: 'Verdana','sans-serif';\">\u00a0\u00a0\u00a0\u00a0\u00a0\u00a0\u00a0\u00a0\u00a0\u00a0\u00a0\u00a0\u00a0\u00a0\u00a0\u00a0\u00a0\u00a0\u00a0 <\/span><span style=\"font-family: 'Verdana','sans-serif';\">\u00a0<\/span><\/p>\n<p class=\"MsoNormal\" style=\"text-align: justify; line-height: 150%; text-indent: 21.25pt; margin: 0cm 1cm 0pt 0cm;\"><span style=\"font-family: 'Verdana','sans-serif';\"><span style=\"font-family: 'Verdana','sans-serif';\"><span style=\"line-height: 150%; font-family: 'Verdana','sans-serif'; font-size: 10pt;\"><a href=\"https:\/\/www.baraka.cc\/images\/stories\/shk_panel1.JPG\" target=\"_blank\"><img decoding=\"async\" loading=\"lazy\" alt=\" \" src=\"https:\/\/www.baraka.cc\/images\/stories\/shk_panel1.JPG\" width=\"200\" height=\"150\" align=\"left\" border=\"2\" \/><\/a><\/span><\/span>Ykinci etkinlik 30 Haziran \u00c7ar?amba saat 19:30\u2019da Yakyn Do?u \u00dcniversitesi B\u00fcy\u00fck K\u00fct\u00fcphanesi\u2019nin 3 numaraly salonunda ger\u00e7ekle?ecekti. Konu?macylar;<\/span><\/p>\n<p><span style=\"font-family: 'Verdana','sans-serif';\">\u00a0\u00a0\u00a0\u00a0\u00a0\u00a0\u00a0\u00a0\u00a0\u00a0\u00a0\u00a0\u00a0\u00a0\u00a0\u00a0\u00a0\u00a0\u00a0\u00a0\u00a0\u00a0\u00a0\u00a0\u00a0\u00a0\u00a0\u00a0 <\/span><\/p>\n<p class=\"MsoNormal\" style=\"text-align: justify; line-height: 150%; text-indent: 21.25pt; margin: 0cm 1cm 0pt 64.35pt;\"><span style=\"font-family: Symbol;\"><span>\u00b7<span style=\"font: 7pt 'Times New Roman';\">\u00a0\u00a0\u00a0\u00a0\u00a0\u00a0\u00a0\u00a0\u00a0 <\/span><\/span><\/span><strong><span style=\"font-family: 'Verdana','sans-serif';\">Demetra Kirillou<\/span><\/strong><span style=\"font-family: 'Verdana','sans-serif';\"> Sava?a Hayyr Koalisyonu\u2019nun Yunanly bir aktivisti. Kendisi ablukayy kyrmak i\u00e7in ger\u00e7ekle?tirilen son denemede Ysrail saldyrysyna u?rayan gemilerde bulunmaktaydy. Olaylary \u201cNeler Oldu \u2013 Mitler ve Ger\u00e7ekler\u201d ba?ly?y altynda bizimle payla?ty.<\/span><\/p>\n<p><span style=\"font-family: 'Verdana','sans-serif';\">\u00a0\u00a0\u00a0\u00a0\u00a0\u00a0\u00a0\u00a0\u00a0\u00a0\u00a0\u00a0\u00a0\u00a0\u00a0\u00a0\u00a0\u00a0\u00a0\u00a0\u00a0\u00a0\u00a0 <\/span><\/p>\n<p class=\"MsoNormal\" style=\"text-align: justify; line-height: 150%; text-indent: 21.25pt; margin: 0cm 1cm 0pt 64.35pt;\"><span style=\"font-family: Symbol;\"><span>\u00b7<span style=\"font: 7pt 'Times New Roman';\">\u00a0\u00a0\u00a0\u00a0\u00a0\u00a0\u00a0\u00a0\u00a0 <\/span><\/span><\/span><strong><span style=\"font-family: 'Verdana','sans-serif';\">Asst. Prof. Dr. Tayseer Al-Shanableh<\/span><\/strong><span style=\"font-family: 'Verdana','sans-serif';\">, Yakyn Do?u \u00dcniversitesi Uluslararasy Yli?kiler Direkt\u00f6r\u00fc ve M\u00fchendislik Fak\u00fcltesinde \u00f6?retim g\u00f6revlisi. Kendisi Gazze\u2019nin genel durumu ile ilgili konu?tu. <\/span><\/p>\n<p><span style=\"font-family: 'Verdana','sans-serif';\">\u00a0\u00a0\u00a0\u00a0\u00a0\u00a0\u00a0\u00a0\u00a0\u00a0\u00a0\u00a0\u00a0\u00a0\u00a0\u00a0\u00a0\u00a0\u00a0\u00a0\u00a0\u00a0\u00a0\u00a0\u00a0\u00a0\u00a0\u00a0 <\/span><span style=\"font-family: 'Verdana','sans-serif';\">\u00a0<\/span><\/p>\n<p class=\"MsoNormal\" style=\"text-align: justify; line-height: 150%; margin: 0cm 0cm 0pt;\">\n<p><span style=\"font-family: 'Verdana','sans-serif';\">\u00a0\u00a0 <\/span><strong><span style=\"font-family: 'Verdana','sans-serif';\">\u00a0<\/span><\/strong><\/p>\n<p class=\"MsoNormal\" style=\"text-align: justify; line-height: 150%; margin: 0cm 0cm 0pt;\"><strong><span style=\"font-family: 'Verdana','sans-serif';\">Etkinlik ?u \u00f6rg\u00fctler tarafyndan desteklenmektedir:<\/span><\/strong><\/p>\n<p><strong><span style=\"font-family: 'Verdana','sans-serif';\">\u00a0\u00a0 <\/span><\/strong><em><span style=\"font-family: 'Verdana','sans-serif';\">Sava?a Hayyr Koalisyonu-Kybrys, Yeni Kybrys Partisi, Hands Across the Divide, Workers Democracy, Women Into Action, Baraka K\u00fclt\u00fcr Merkezi<\/span><\/em><\/p>\n<p class=\"MsoNormal\" style=\"text-align: justify; line-height: 150%; margin: 0cm 0cm 0pt;\">\n","protected":false},"excerpt":{"rendered":"<p>FYLYSTYN YLE DAYANI?MA TOPLANTILARI D\u00dcZENLENDY \u00a0\u00a0\u00a0\u00a0\u00a0\u00a0\u00a0\u00a0\u00a0\u00a0\u00a0\u00a0\u00a0\u00a0\u00a0\u00a0\u00a0\u00a0\u00a0\u00a0\u00a0\u00a0\u00a0\u00a0\u00a0\u00a0\u00a0\u00a0\u00a0 GAZZE ABLUKASINI DURDURUN \u00a0\u00a0 \u00a0 \u00a0\u00a0\u00a0\u00a0\u00a0\u00a0\u00a0\u00a0\u00a0\u00a0\u00a0\u00a0\u00a0\u00a0\u00a0\u00a0\u00a0\u00a0\u00a0\u00a0\u00a0\u00a0\u00a0\u00a0\u00a0\u00a0\u00a0\u00a0\u00a0\u00a0\u00a0\u00a0 \u00a0\u00a0 \u00a0 Siyonist Ysrail devletinin Gazze ?eridi\u2019ne uygulady?y barbar abluka be? yyldyr devam<\/p>\n","protected":false},"author":1,"featured_media":0,"comment_status":"open","ping_status":"open","sticky":false,"template":"","format":"standard","meta":{"jetpack_post_was_ever_published":false,"_jetpack_newsletter_access":"","_jetpack_newsletter_tier_id":0,"jetpack_publicize_message":"","jetpack_is_tweetstorm":false,"jetpack_publicize_feature_enabled":true,"jetpack_social_post_already_shared":false,"jetpack_social_options":{"image_generator_settings":{"template":"highway","enabled":false}}},"categories":[56],"tags":[],"jetpack_publicize_connections":[],"jetpack_featured_media_url":"","jetpack_shortlink":"https:\/\/wp.me\/p4eHWX-bj","jetpack_sharing_enabled":true,"_links":{"self":[{"href":"https:\/\/baraka.cc\/index.php?rest_route=\/wp\/v2\/posts\/701"}],"collection":[{"href":"https:\/\/baraka.cc\/index.php?rest_route=\/wp\/v2\/posts"}],"about":[{"href":"https:\/\/baraka.cc\/index.php?rest_route=\/wp\/v2\/types\/post"}],"author":[{"embeddable":true,"href":"https:\/\/baraka.cc\/index.php?rest_route=\/wp\/v2\/users\/1"}],"replies":[{"embeddable":true,"href":"https:\/\/baraka.cc\/index.php?rest_route=%2Fwp%2Fv2%2Fcomments&post=701"}],"version-history":[{"count":0,"href":"https:\/\/baraka.cc\/index.php?rest_route=\/wp\/v2\/posts\/701\/revisions"}],"wp:attachment":[{"href":"https:\/\/baraka.cc\/index.php?rest_route=%2Fwp%2Fv2%2Fmedia&parent=701"}],"wp:term":[{"taxonomy":"category","embeddable":true,"href":"https:\/\/baraka.cc\/index.php?rest_route=%2Fwp%2Fv2%2Fcategories&post=701"},{"taxonomy":"post_tag","embeddable":true,"href":"https:\/\/baraka.cc\/index.php?rest_route=%2Fwp%2Fv2%2Ftags&post=701"}],"curies":[{"name":"wp","href":"https:\/\/api.w.org\/{rel}","templated":true}]}}