{"id":7032,"date":"2019-08-23T10:11:25","date_gmt":"2019-08-23T08:11:25","guid":{"rendered":"https:\/\/baraka.cc\/?p=7032"},"modified":"2019-08-23T10:20:05","modified_gmt":"2019-08-23T08:20:05","slug":"baraka-kultur-merkezinden-ozerk-tiyatro-talebi-ve-yasar-ersoya-destek","status":"publish","type":"post","link":"https:\/\/baraka.cc\/?p=7032","title":{"rendered":"Baraka K\u00fclt\u00fcr Merkezi\u2019nden \u00d6zerk Tiyatro Talebi ve Ya\u015far Ersoy\u2019a Destek"},"content":{"rendered":"<p style=\"text-align: center;\"><a href=\"https:\/\/baraka.cc\/wp-content\/uploads\/2019\/08\/2.jpg\"><img decoding=\"async\" loading=\"lazy\" class=\"alignnone size-medium wp-image-7033\" alt=\"2\" src=\"https:\/\/baraka.cc\/wp-content\/uploads\/2019\/08\/2-300x156.jpg\" width=\"300\" height=\"156\" srcset=\"https:\/\/baraka.cc\/wp-content\/uploads\/2019\/08\/2-300x156.jpg 300w, https:\/\/baraka.cc\/wp-content\/uploads\/2019\/08\/2-1024x535.jpg 1024w, https:\/\/baraka.cc\/wp-content\/uploads\/2019\/08\/2.jpg 1592w\" sizes=\"(max-width: 300px) 100vw, 300px\" \/><\/a><\/p>\n<p>Baraka Tiyatro Ekibi, Devlet Tiyatrolar\u0131 \u00f6n\u00fcnde sokaklad\u0131\u011f\u0131 bir oyun ile \u00f6zerk ve \u00f6zg\u00fcr tiyatro talebini dile getirdi. Sol Anahtar\u0131 elemanlar\u0131n\u0131n da yer ald\u0131\u011f\u0131 m\u00fczikli oyunda, \u00f6zg\u00fcrce \u015fark\u0131 s\u00f6yleyen gen\u00e7ler, siyasi atama olan yasak\u00e7\u0131 bir m\u00fcd\u00fcr\u00fcn sans\u00fcr\u00fcne ve bask\u0131s\u0131na maruz kalarak sanatlar\u0131n\u0131 diledikleri gibi yapamaz hale geldiler. Ard\u0131ndan, oyuncular Ataol Behramo\u011flu\u2019nun \u201cBu Yang\u0131n Yerinde\u201d isimli \u015fiirini okudu.<\/p>\n<p><b>Tiyatro \u00fcstad\u0131 Ya\u015far Ersoy\u2019a destek<\/b><\/p>\n<p>Oyun sonras\u0131, Baraka aktivisti Nazen \u015eansal taraf\u0131ndan yap\u0131lan a\u00e7\u0131klamada, Devlet Tiyatrolar\u0131\u2019n\u0131n h\u00fck\u00fcmetlerin de\u011fil halk\u0131n de\u011ferli bir kurumu oldu\u011fu vurgulanarak, siyasi atama ile y\u00f6netilmesine, yasak\u00e7\u0131 ve bask\u0131c\u0131 zihniyetlere,\u00a0 \u00f6zerk tiyatro yasas\u0131 yapmayan gelmi\u015f-ge\u00e7mi\u015f h\u00fck\u00fcmetlere ve tiyatro \u00fcstad\u0131 Ya\u015far Ersoy\u2019a hadsizce dil uzatanlara \u201cTEPK\u0130\u201d g\u00f6sterildi.<\/p>\n<p style=\"text-align: center;\"><a href=\"https:\/\/baraka.cc\/wp-content\/uploads\/2019\/08\/1.jpg\"><img decoding=\"async\" loading=\"lazy\" class=\"alignnone size-medium wp-image-7034\" alt=\"1\" src=\"https:\/\/baraka.cc\/wp-content\/uploads\/2019\/08\/1-300x145.jpg\" width=\"300\" height=\"145\" srcset=\"https:\/\/baraka.cc\/wp-content\/uploads\/2019\/08\/1-300x145.jpg 300w, https:\/\/baraka.cc\/wp-content\/uploads\/2019\/08\/1-1024x497.jpg 1024w, https:\/\/baraka.cc\/wp-content\/uploads\/2019\/08\/1.jpg 2048w\" sizes=\"(max-width: 300px) 100vw, 300px\" \/><\/a><\/p>\n<p><b>Bas\u0131n a\u00e7\u0131klamas\u0131n\u0131n tam metni \u015f\u00f6yle:<\/b><\/p>\n<p>Burada bir yang\u0131n yerinin yan\u0131 ba\u015f\u0131nday\u0131z \u015fimdi\u2026<\/p>\n<p>20 y\u0131l \u00f6nce k\u00fcl olan Devlet Tiyatrosu\u2019nun yan\u0131nday\u0131z!<\/p>\n<p>20 y\u0131ld\u0131r sahnesizli\u011fe mahkum edilen, siyasi hesaplarla, ki\u015fisel \u00e7\u0131karlarla istisnas\u0131z her h\u00fck\u00fcmet d\u00f6neminde m\u00fcdahale edilen, her \u015feye ra\u011fmen inatla \u00fcreten tiyatro sanat\u00e7\u0131lar\u0131n\u0131n ve emek\u00e7ilerinin yan\u0131nday\u0131z.<\/p>\n<p>\u00c7\u00fcnk\u00fc Devlet Tiyatrosu, kendi politik g\u00f6r\u00fc\u015f\u00fcne g\u00f6re m\u00fcd\u00fcr atay\u0131p buray\u0131 y\u00f6netmeye soyunan, kendini \u201cpatron\u201d ilan eden ba\u015fbakanlar\u0131n, k\u00fclt\u00fcr bakanlar\u0131n\u0131n de\u011fil, halk\u0131n bir kurumudur.\u00a0 Nereli oldu\u011fu veya nereden geldi\u011fi fark etmeksizin, halklar\u0131n karde\u015fli\u011fine kucak a\u00e7mal\u0131 ve hizmet etmelidir.<\/p>\n<p>Biz tiyatro severler olarak tiyatromuzun, k\u00fcllerinden yeniden do\u011fmas\u0131n\u0131 arzuluyoruz. Ama nas\u0131l?<\/p>\n<p>\u00d6zerk olarak, \u00f6zg\u00fcr olarak\u2026<\/p>\n<p>Atanm\u0131\u015f siyasilerin de\u011fil, sanat\u00e7\u0131lar\u0131n ve tiyatro emek\u00e7ilerinin kolektif kararlar\u0131yla y\u00f6netilmesini istiyoruz.<\/p>\n<p>T\u00fcm sanat\u00e7\u0131lar\u0131n ve tiyatro emek\u00e7ilerinin gelece\u011fi garanti alt\u0131nda, g\u00fcvenceli \u00e7al\u0131\u015fabilmesini ve b\u00f6ylece kimsenin bask\u0131s\u0131na maruz kalmadan \u00f6zg\u00fcrce \u00fcretebilmesini istiyoruz.<\/p>\n<p>\u0130\u015fte bu nedenle;<\/p>\n<p>Y\u0131llard\u0131r \u00d6zerk Tiyatro Yasas\u0131 yapmayan t\u00fcm h\u00fck\u00fcmetlere tepkimizi g\u00f6steriyoruz!<\/p>\n<p>Halk\u0131n yan\u0131nda g\u00f6r\u00fcn\u00fcp, sanat\u0131n \u00f6zg\u00fcrl\u00fc\u011f\u00fcnden bahsedip Devlet Tiyatrolar\u0131n\u0131 ayn\u0131 yap\u0131sal sorunlarla ba\u015f ba\u015fa b\u0131rakan CTP-TDP-HP-DP d\u00f6rtl\u00fcs\u00fcne tepkimizi g\u00f6steriyoruz!<\/p>\n<p>Evrensel olan ve ifade \u00f6zg\u00fcrl\u00fc\u011f\u00fcn\u00fc de i\u00e7eren sanat\u0131 sadece kendi dar \u00e7er\u00e7evesinden g\u00f6ren milliyet\u00e7i, gerici, bask\u0131c\u0131, yasak\u00e7\u0131, sans\u00fcrc\u00fc Ulusal Birlik Partisi\u2019ne ve \u0131rk\u00e7\u0131, b\u00f6l\u00fcc\u00fc Yeniden Do\u011fu\u015f Partisi\u2019ne tepkimizi g\u00f6steriyoruz!<\/p>\n<p>Sanat\u0131n \u00f6zg\u00fcrl\u00fc\u011f\u00fcne, yani \u00f6z\u00fcne, varl\u0131k sebebine el uzatanlara; bu halk\u0131n yeti\u015ftirdi\u011fi en de\u011ferli sanat\u00e7\u0131lar\u0131m\u0131zdan Ya\u015far Ersoy ustaya hadsizce dil uzatanlara tepkimizi g\u00f6steriyoruz!<\/p>\n<p><a href=\"https:\/\/baraka.cc\/wp-content\/uploads\/2019\/08\/3.jpg\"><img decoding=\"async\" loading=\"lazy\" class=\"alignnone size-medium wp-image-7035\" alt=\"3\" src=\"https:\/\/baraka.cc\/wp-content\/uploads\/2019\/08\/3-300x225.jpg\" width=\"300\" height=\"225\" srcset=\"https:\/\/baraka.cc\/wp-content\/uploads\/2019\/08\/3-300x225.jpg 300w, https:\/\/baraka.cc\/wp-content\/uploads\/2019\/08\/3.jpg 960w\" sizes=\"(max-width: 300px) 100vw, 300px\" \/><\/a><\/p>\n<p><a href=\"https:\/\/baraka.cc\/wp-content\/uploads\/2019\/08\/4.jpg\"><img decoding=\"async\" loading=\"lazy\" class=\"alignnone size-medium wp-image-7036\" alt=\"4\" src=\"https:\/\/baraka.cc\/wp-content\/uploads\/2019\/08\/4-300x225.jpg\" width=\"300\" height=\"225\" srcset=\"https:\/\/baraka.cc\/wp-content\/uploads\/2019\/08\/4-300x225.jpg 300w, https:\/\/baraka.cc\/wp-content\/uploads\/2019\/08\/4.jpg 960w\" sizes=\"(max-width: 300px) 100vw, 300px\" \/><\/a><\/p>\n<p><a href=\"https:\/\/baraka.cc\/wp-content\/uploads\/2019\/08\/5.jpg\"><img decoding=\"async\" loading=\"lazy\" class=\"alignnone size-medium wp-image-7037\" alt=\"5\" src=\"https:\/\/baraka.cc\/wp-content\/uploads\/2019\/08\/5-300x145.jpg\" width=\"300\" height=\"145\" srcset=\"https:\/\/baraka.cc\/wp-content\/uploads\/2019\/08\/5-300x145.jpg 300w, https:\/\/baraka.cc\/wp-content\/uploads\/2019\/08\/5-1024x497.jpg 1024w, https:\/\/baraka.cc\/wp-content\/uploads\/2019\/08\/5.jpg 2048w\" sizes=\"(max-width: 300px) 100vw, 300px\" \/><\/a><\/p>\n<p><a href=\"https:\/\/baraka.cc\/wp-content\/uploads\/2019\/08\/6.jpg\"><img decoding=\"async\" loading=\"lazy\" class=\"alignnone size-medium wp-image-7038\" alt=\"6\" src=\"https:\/\/baraka.cc\/wp-content\/uploads\/2019\/08\/6-300x208.jpg\" width=\"300\" height=\"208\" srcset=\"https:\/\/baraka.cc\/wp-content\/uploads\/2019\/08\/6-300x208.jpg 300w, https:\/\/baraka.cc\/wp-content\/uploads\/2019\/08\/6.jpg 960w\" sizes=\"(max-width: 300px) 100vw, 300px\" \/><\/a><\/p>\n<p>&nbsp;<\/p>\n","protected":false},"excerpt":{"rendered":"<p>Baraka Tiyatro Ekibi, Devlet Tiyatrolar\u0131 \u00f6n\u00fcnde sokaklad\u0131\u011f\u0131 bir oyun ile \u00f6zerk ve \u00f6zg\u00fcr tiyatro talebini dile getirdi. Sol Anahtar\u0131 elemanlar\u0131n\u0131n da yer ald\u0131\u011f\u0131 m\u00fczikli oyunda,<\/p>\n","protected":false},"author":3,"featured_media":7033,"comment_status":"open","ping_status":"open","sticky":false,"template":"","format":"standard","meta":{"jetpack_post_was_ever_published":false,"_jetpack_newsletter_access":"","_jetpack_newsletter_tier_id":0,"jetpack_publicize_message":"","jetpack_is_tweetstorm":false,"jetpack_publicize_feature_enabled":true,"jetpack_social_post_already_shared":true,"jetpack_social_options":{"image_generator_settings":{"template":"highway","enabled":false}}},"categories":[21,20,66,45,47,9,22,1],"tags":[],"jetpack_publicize_connections":[],"jetpack_featured_media_url":"https:\/\/baraka.cc\/wp-content\/uploads\/2019\/08\/2.jpg","jetpack_shortlink":"https:\/\/wp.me\/p4eHWX-1Pq","jetpack_sharing_enabled":true,"_links":{"self":[{"href":"https:\/\/baraka.cc\/index.php?rest_route=\/wp\/v2\/posts\/7032"}],"collection":[{"href":"https:\/\/baraka.cc\/index.php?rest_route=\/wp\/v2\/posts"}],"about":[{"href":"https:\/\/baraka.cc\/index.php?rest_route=\/wp\/v2\/types\/post"}],"author":[{"embeddable":true,"href":"https:\/\/baraka.cc\/index.php?rest_route=\/wp\/v2\/users\/3"}],"replies":[{"embeddable":true,"href":"https:\/\/baraka.cc\/index.php?rest_route=%2Fwp%2Fv2%2Fcomments&post=7032"}],"version-history":[{"count":2,"href":"https:\/\/baraka.cc\/index.php?rest_route=\/wp\/v2\/posts\/7032\/revisions"}],"predecessor-version":[{"id":7040,"href":"https:\/\/baraka.cc\/index.php?rest_route=\/wp\/v2\/posts\/7032\/revisions\/7040"}],"wp:featuredmedia":[{"embeddable":true,"href":"https:\/\/baraka.cc\/index.php?rest_route=\/wp\/v2\/media\/7033"}],"wp:attachment":[{"href":"https:\/\/baraka.cc\/index.php?rest_route=%2Fwp%2Fv2%2Fmedia&parent=7032"}],"wp:term":[{"taxonomy":"category","embeddable":true,"href":"https:\/\/baraka.cc\/index.php?rest_route=%2Fwp%2Fv2%2Fcategories&post=7032"},{"taxonomy":"post_tag","embeddable":true,"href":"https:\/\/baraka.cc\/index.php?rest_route=%2Fwp%2Fv2%2Ftags&post=7032"}],"curies":[{"name":"wp","href":"https:\/\/api.w.org\/{rel}","templated":true}]}}