{"id":7044,"date":"2019-08-28T12:48:43","date_gmt":"2019-08-28T10:48:43","guid":{"rendered":"https:\/\/baraka.cc\/?p=7044"},"modified":"2019-08-28T12:50:35","modified_gmt":"2019-08-28T10:50:35","slug":"dunya-yalniz-bizim-degil-hareketinden-av-konusunda-basin-bildirisi-av-tamamen-yasaklanmalidir","status":"publish","type":"post","link":"https:\/\/baraka.cc\/?p=7044","title":{"rendered":"D\u00fcnya Yaln\u0131z Bizim De\u011fil Hareketi\u2019nden Av Konusunda Bas\u0131n Bildirisi: Av Tamamen Yasaklanmal\u0131d\u0131r"},"content":{"rendered":"<p style=\"text-align: center;\"><b><a href=\"https:\/\/baraka.cc\/wp-content\/uploads\/2019\/08\/2-1.jpg\"><img decoding=\"async\" loading=\"lazy\" class=\"alignnone size-medium wp-image-7045\" alt=\"2 (1)\" src=\"https:\/\/baraka.cc\/wp-content\/uploads\/2019\/08\/2-1-300x128.jpg\" width=\"300\" height=\"128\" srcset=\"https:\/\/baraka.cc\/wp-content\/uploads\/2019\/08\/2-1-300x128.jpg 300w, https:\/\/baraka.cc\/wp-content\/uploads\/2019\/08\/2-1.jpg 960w\" sizes=\"(max-width: 300px) 100vw, 300px\" \/><\/a><\/b><\/p>\n<p>Ge\u00e7ti\u011fimiz y\u0131llarda, Hayvan Refah\u0131 (De\u011filiklik) Yasas\u0131 \u00e7al\u0131\u015fmalar\u0131, hayvan deneylerine kar\u015f\u0131 giri\u015fimler, yang\u0131n helikopteri eylemi, sahillerde \u00e7\u00f6p temizli\u011fi, bar\u0131naklarla ilgili eylem ve etkinlikler yapan, Baraka olarak da bile\u015feni oldu\u011fumuz D\u00fcnya Yaln\u0131z Bizim De\u011fil Hareketi, avc\u0131lar\u0131n son eylemi ve siyasilerin tutumu ile ilgili bir a\u00e7\u0131klama yapt\u0131.<\/p>\n<p><i>\u201cH\u00fck\u00fcmet, hayvanlar\u0131 ya\u015fatmaya \u00e7al\u0131\u015fanlar\u0131n taleplerini y\u0131llard\u0131r g\u00f6rmezden gelirken, hayvanlar\u0131 \u00f6ld\u00fcrenlerin taleplerini kolayca kabul edebilmektedir. Muhalefet ise Hayvan Refah\u0131 Yasas\u0131\u2019nda oldu\u011fu gibi s\u00f6zde hayvan sever g\u00f6r\u00fcnmekte ancak av\u0131n hi\u00e7 a\u00e7\u0131lmamas\u0131, tamamen yasaklanmas\u0131 i\u00e7in gereken politikalar\u0131 \u00fcretmemektedir.\u201d\u00a0<\/i><i><\/i><\/p>\n<p><b>Av Tamamen Yasaklanmal\u0131d\u0131r<\/b><br \/>\nMilli parklar\u0131 talan edilen, ormanlar\u0131 k\u00fcl olan, da\u011flar\u0131 oyulan, g\u00f6lleri kurutulan, denizleri petrolle dolan \u00fclkemizde do\u011fal ya\u015fam zaten b\u00fcy\u00fck bir tehdit alt\u0131nda, pek \u00e7ok hayvan t\u00fcr\u00fc yok olmakta. Avc\u0131l\u0131k k\u00fclt\u00fcr\u00fc ise bencilli\u011fi, g\u00fc\u00e7l\u00fcn\u00fcn zay\u0131f \u00fczerindeki egemenli\u011fini, ataerkil sistemin cinsiyet\u00e7i ve t\u00fcrc\u00fc kal\u0131plar\u0131n\u0131 beslemekte ve kendi zevki u\u011fruna do\u011fay\u0131 feda etmeye yol a\u00e7makta.<br \/>\nHal b\u00f6yleyken her t\u00fcrl\u00fc av, do\u011faya ve \u00fclkemizin gelece\u011fine b\u00fcy\u00fck zararlar verecektir. \u00dclkesini ve do\u011fay\u0131 seven, \u00e7ocuklar\u0131n\u0131n gelece\u011fini d\u00fc\u015f\u00fcnen herkesin ava kar\u015f\u0131 \u00e7\u0131kmas\u0131 ve gerek h\u00fck\u00fcmeti gerekse avc\u0131lar\u0131 ve \u00f6rg\u00fctlerini bu konuda uyarmas\u0131, duyarl\u0131l\u0131\u011fa davet etmesi gerekmektedir.<br \/>\nD\u00fcnya yaln\u0131z bizim de\u011fil ve do\u011fal ortam\u0131nda ya\u015fayan hayvanlar\u0131n \u201cspor\u201d veya \u201chobi\u201d ad\u0131 alt\u0131nda \u00f6ld\u00fcr\u00fclmesi katliamdan ba\u015fka bir \u015fey de\u011fildir.<br \/>\nOy hesaplar\u0131 d\u0131\u015f\u0131nda ba\u015fka bir \u015fey d\u00fc\u015f\u00fcnmeyen h\u00fck\u00fcmet ve muhalefet partileri, do\u011fa ve hayvan sevgisinden her f\u0131rsatta dem vurmakta ancak \u015fovdan \u00f6teye gidemeyerek ortaya ciddi bir icraat veya muhalif bir tav\u0131r koyamamaktad\u0131r. Hareketimizce haz\u0131rlanan ve \u00fclkemizi hayvan haklar\u0131nda bir nebze olsun ileriye ta\u015f\u0131yacak olan Hayvan Refah\u0131 De\u011fi\u015fiklik Yasas\u0131, aradan 2 h\u00fck\u00fcmet ge\u00e7mesine ra\u011fmen halen daha Mecliste bekletilmektedir. H\u00fck\u00fcmet, hayvanlar\u0131 ya\u015fatmaya \u00e7al\u0131\u015fanlar\u0131n taleplerini y\u0131llard\u0131r g\u00f6rmezden gelirken, hayvanlar\u0131 \u00f6ld\u00fcrenlerin taleplerini kolayca kabul edebilmektedir. Muhalefet ise Hayvan Refah\u0131 Yasas\u0131\u2019nda oldu\u011fu gibi s\u00f6zde hayvan sever g\u00f6r\u00fcnmekte, av\u0131n hi\u00e7 a\u00e7\u0131lmamas\u0131, tamamen yasaklanmas\u0131 i\u00e7in gereken politikalar\u0131 \u00fcretmemektedir.<br \/>\nBizler, t\u00fcm hayvan severleri av\u0131n yasaklanmas\u0131 konusunda siyasilere bask\u0131 yapmaya \u00e7a\u011f\u0131r\u0131r, oy de\u011fil can d\u00fc\u015f\u00fcnen siyasileri ise bu talebimizle y\u00fczle\u015fmeye davet ederiz.\u00a0<b><\/b><br \/>\nD\u00fcnya Yaln\u0131z Bizim De\u011fil Hareketi<\/p>\n<p>28\/8\/2019<\/p>\n<p><a href=\"https:\/\/baraka.cc\/wp-content\/uploads\/2019\/08\/2-2.jpg\"><img decoding=\"async\" loading=\"lazy\" class=\"alignnone size-medium wp-image-7046\" alt=\"2 (2)\" src=\"https:\/\/baraka.cc\/wp-content\/uploads\/2019\/08\/2-2-300x300.jpg\" width=\"300\" height=\"300\" srcset=\"https:\/\/baraka.cc\/wp-content\/uploads\/2019\/08\/2-2-300x300.jpg 300w, https:\/\/baraka.cc\/wp-content\/uploads\/2019\/08\/2-2-150x150.jpg 150w, https:\/\/baraka.cc\/wp-content\/uploads\/2019\/08\/2-2-200x200.jpg 200w, https:\/\/baraka.cc\/wp-content\/uploads\/2019\/08\/2-2.jpg 960w\" sizes=\"(max-width: 300px) 100vw, 300px\" \/><\/a><\/p>\n","protected":false},"excerpt":{"rendered":"<p>Ge\u00e7ti\u011fimiz y\u0131llarda, Hayvan Refah\u0131 (De\u011filiklik) Yasas\u0131 \u00e7al\u0131\u015fmalar\u0131, hayvan deneylerine kar\u015f\u0131 giri\u015fimler, yang\u0131n helikopteri eylemi, sahillerde \u00e7\u00f6p temizli\u011fi, bar\u0131naklarla ilgili eylem ve etkinlikler yapan, Baraka olarak<\/p>\n","protected":false},"author":3,"featured_media":7045,"comment_status":"open","ping_status":"open","sticky":false,"template":"","format":"standard","meta":{"jetpack_post_was_ever_published":false,"_jetpack_newsletter_access":"","_jetpack_newsletter_tier_id":0,"jetpack_publicize_message":"","jetpack_is_tweetstorm":false,"jetpack_publicize_feature_enabled":true,"jetpack_social_post_already_shared":true,"jetpack_social_options":{"image_generator_settings":{"template":"highway","enabled":false}}},"categories":[41,38,9,1],"tags":[],"jetpack_publicize_connections":[],"jetpack_featured_media_url":"https:\/\/baraka.cc\/wp-content\/uploads\/2019\/08\/2-1.jpg","jetpack_shortlink":"https:\/\/wp.me\/p4eHWX-1PC","jetpack_sharing_enabled":true,"_links":{"self":[{"href":"https:\/\/baraka.cc\/index.php?rest_route=\/wp\/v2\/posts\/7044"}],"collection":[{"href":"https:\/\/baraka.cc\/index.php?rest_route=\/wp\/v2\/posts"}],"about":[{"href":"https:\/\/baraka.cc\/index.php?rest_route=\/wp\/v2\/types\/post"}],"author":[{"embeddable":true,"href":"https:\/\/baraka.cc\/index.php?rest_route=\/wp\/v2\/users\/3"}],"replies":[{"embeddable":true,"href":"https:\/\/baraka.cc\/index.php?rest_route=%2Fwp%2Fv2%2Fcomments&post=7044"}],"version-history":[{"count":2,"href":"https:\/\/baraka.cc\/index.php?rest_route=\/wp\/v2\/posts\/7044\/revisions"}],"predecessor-version":[{"id":7048,"href":"https:\/\/baraka.cc\/index.php?rest_route=\/wp\/v2\/posts\/7044\/revisions\/7048"}],"wp:featuredmedia":[{"embeddable":true,"href":"https:\/\/baraka.cc\/index.php?rest_route=\/wp\/v2\/media\/7045"}],"wp:attachment":[{"href":"https:\/\/baraka.cc\/index.php?rest_route=%2Fwp%2Fv2%2Fmedia&parent=7044"}],"wp:term":[{"taxonomy":"category","embeddable":true,"href":"https:\/\/baraka.cc\/index.php?rest_route=%2Fwp%2Fv2%2Fcategories&post=7044"},{"taxonomy":"post_tag","embeddable":true,"href":"https:\/\/baraka.cc\/index.php?rest_route=%2Fwp%2Fv2%2Ftags&post=7044"}],"curies":[{"name":"wp","href":"https:\/\/api.w.org\/{rel}","templated":true}]}}