{"id":7050,"date":"2019-09-02T12:41:57","date_gmt":"2019-09-02T10:41:57","guid":{"rendered":"https:\/\/baraka.cc\/?p=7050"},"modified":"2019-09-02T12:43:51","modified_gmt":"2019-09-02T10:43:51","slug":"devrimciler-1-eylul-dunya-baris-gunune-sahip-cikmaya-devam-ediyor","status":"publish","type":"post","link":"https:\/\/baraka.cc\/?p=7050","title":{"rendered":"Devrimciler 1 Eyl\u00fcl D\u00fcnya Bar\u0131\u015f G\u00fcn\u00fc&#8217;ne Sahip \u00c7\u0131kmaya Devam Ediyor"},"content":{"rendered":"<p>Ba\u015fta sendikalar olmak \u00fczere belirli bir kesimin bar\u0131\u015f m\u00fccadelesini masa ba\u015f\u0131 m\u00fczakerelere endekslemesi,\u00a0m\u00fczakere s\u00fcre\u00e7lerinin durdu\u011fu d\u00f6nemlerde verdikleri bar\u0131\u015f m\u00fccadelesinin(!) de durmas\u0131yla sonu\u00e7lan\u0131yor. Baz\u0131 kesimler ise halklar\u0131n bar\u0131\u015f talebini, Ankara&#8217;n\u0131n o d\u00f6nemki duru\u015funa g\u00f6re geri plana atma e\u011filimi g\u00f6sterebiliyor. Ge\u00e7ti\u011fimiz y\u0131llarda 1 Eyl\u00fcl D\u00fcnya Bar\u0131\u015f G\u00fcn\u00fc &#8221;bayrama denk geliyor&#8221; gerek\u00e7eleriyle ge\u00e7i\u015ftirilmeye \u00e7al\u0131\u015f\u0131lm\u0131\u015f, ancak Baraka ve Ba\u011f\u0131ms\u0131zl\u0131k Yolu soka\u011f\u0131 bo\u015f b\u0131rakmam\u0131\u015ft\u0131. Bu y\u0131l bir kez daha -\u00fcstelik olduk\u00e7a kritik bir d\u00f6nemde- 1 Eyl\u00fcl D\u00fcnya Bar\u0131\u015f G\u00fcn\u00fc&#8217;n\u00fcn organizasyonuyla ilgili s\u00f6z konusu \u00e7evrelerden ses \u00e7\u0131kmazken,\u00a0Ba\u011f\u0131ms\u0131zl\u0131k Yolu ve Baraka K\u00fclt\u00fcr Merkezi 1 Eyl\u00fcl&#8217;de yine sokaktayd\u0131.<\/p>\n<p style=\"text-align: left;\">\u0130ki \u00f6rg\u00fct 1 Eyl\u00fcl D\u00fcnya Bar\u0131\u015f G\u00fcn\u00fcnde D\u0131\u015fi\u015fleri Bakanl\u0131\u011f\u0131 \u00f6n\u00fcnde ortak bas\u0131n a\u00e7\u0131klamas\u0131 ger\u00e7ekle\u015ftirdi. \u00d6rg\u00fctler ayr\u0131ca; 1 Eyl\u00fcl&#8217;e y\u00f6nelik bu umursuz tavr\u0131n s\u00fcrmesi durumunda, yanlar\u0131na kalbi bar\u0131\u015f i\u00e7in atan ba\u015fka kesimleri de alarak 1 Eyl\u00fcl&#8217;\u00fcn bir kez daha \u015fark\u0131larla t\u00fcrk\u00fclerle kutlanmas\u0131n\u0131 organize edeceklerini duyurdu.<\/p>\n<p>Ortak bas\u0131n a\u00e7\u0131klamas\u0131n\u0131 okuyan Ba\u011f\u0131ms\u0131zl\u0131k Yolu \u00d6rg\u00fctlenme Sekreteri Mustafa Kele\u015fzade mevcut b\u00f6l\u00fcnm\u00fc\u015fl\u00fc\u011f\u00fcn sadece egemenlerin \u00e7\u0131kar\u0131na oldu\u011funu, adada ya\u015fayan halklar\u0131n ortak \u00e7\u0131kar\u0131n\u0131n federal bir \u00e7\u00f6z\u00fcmde oldu\u011funu belirtti.<\/p>\n<p><b>Bar\u0131\u015f\u0131 Yaratacak Olan, Halklar\u0131n Sokaktan Y\u00fckselen \u0130radesidir<\/b><\/p>\n<p>Bar\u0131\u015f\u0131 yaratacak olan iradenin yaln\u0131zca m\u00fczakere masas\u0131nda olmad\u0131\u011f\u0131n\u0131 belirten Kele\u015fzade, &#8220;bar\u0131\u015f her g\u00fcn eylemde at\u0131lacak ortak bir sloganla, adam\u0131z\u0131n gelece\u011fi i\u00e7in ortak kayg\u0131lar\u0131n eyleme d\u00f6n\u00fc\u015fmesi ile, emekten yana, federal bir d\u00fczen i\u00e7in \u00f6rg\u00fctlenenlerin sesinin g\u00fcrle\u015fmesi ile sokakta kurulacakt\u0131r&#8221; dedi.<\/p>\n<p>Bas\u0131n a\u00e7\u0131klamas\u0131n\u0131n ard\u0131ndan &#8220;Ba\u011f\u0131ms\u0131z K\u0131br\u0131s B\u00fct\u00fcn Halklar Karde\u015ftir&#8221; ve &#8220;Ya\u015fas\u0131n Halklar\u0131n Karde\u015fli\u011fi&#8221; sloganlar\u0131n\u0131n at\u0131lmas\u0131yla eylem sona erdi.<\/p>\n<p>&nbsp;<\/p>\n<p>A\u00e7\u0131klaman\u0131n tam metni \u015f\u00f6yle:<\/p>\n<p>&#8220;Bug\u00fcn g\u00fcnlerden Pazar, yani d\u0131\u015fi\u015fleri bakanl\u0131\u011f\u0131 bug\u00fcn kapal\u0131, ama zaten son d\u00f6nemlerde K\u0131br\u0131sl\u0131 T\u00fcrkler i\u00e7in a\u00e7\u0131k oldu\u011fu anlar da zaten bir anlam ifade etmemektedir.<\/p>\n<p>Bug\u00fcn 1 Eyl\u00fcl, yani D\u00fcnya Bar\u0131\u015f G\u00fcn\u00fc. Bug\u00fcn K\u0131br\u0131s Cumhuriyet liderli\u011fi koltu\u011funda federasyon istemeyen, federal bir \u00e7\u00f6z\u00fcmden ka\u00e7mak i\u00e7in ne yapabiliyorsa yapan bir ba\u015fkan oturmaktad\u0131r. T\u0131pk\u0131 kktc d\u0131\u015fi\u015fleri bakanl\u0131\u011f\u0131nda da oldu\u011fu gibi. Fakat bunlar\u0131n hi\u00e7birisi bu adada ya\u015fayan halklar\u0131n ortak \u00e7\u0131kar\u0131n\u0131n federal bir \u00e7\u00f6z\u00fcmden yana oldu\u011fu ger\u00e7e\u011fini de\u011fi\u015ftirmemektedir.<\/p>\n<p>K\u0131br\u0131sl\u0131 T\u00fcrklerin ve K\u0131br\u0131sl\u0131 Elenlerin birlikte \u00f6znele\u015febilece\u011fi ve e\u015fitler olarak adam\u0131z\u0131n gelece\u011fini birlikte \u015fekillendirebilece\u011fi federal bir \u00e7\u00f6z\u00fcm olu\u015fmad\u0131\u011f\u0131 her durum halklar\u0131n de\u011fil, b\u00f6l\u00fcnm\u00fc\u015fl\u00fck \u00fczerinden ultra zenginler haline gelenlerin ve erk sahibi olanlar\u0131n \u00e7\u0131kar\u0131nad\u0131r.<\/p>\n<p>Ada sahillerimizi la\u011f\u0131ma \u00e7eviren otelli kumarhanelerin b\u00f6l\u00fcnm\u00fc\u015fl\u00fckten \u00e7\u0131kar\u0131 vard\u0131r. Tahsis arsalar \u00fczerine kurulup e\u011fitimle ba\u011f\u0131n\u0131 kopar\u0131p ticarethaneye d\u00f6n\u00fc\u015fen, \u00e7al\u0131\u015fanlar\u0131n\u0131n yat\u0131r\u0131mlar\u0131n\u0131 yapmayan, hatta maa\u015flar\u0131n\u0131 dahi \u00f6demeyen \u00fcniversitelerin b\u00f6l\u00fcnm\u00fc\u015fl\u00fckten \u00e7\u0131kar\u0131 vard\u0131r. \u2018\u015e\u00fckran sana anavatan\u2019 nidalar\u0131 atarken g\u00f6\u00e7men emek\u00e7ileri in\u015faatlarda \u00f6ld\u00fcren in\u015faat patronlar\u0131n\u0131n b\u00f6l\u00fcnm\u00fc\u015fl\u00fckten \u00e7\u0131kar\u0131 vard\u0131r. \u0130nsanlar\u0131n dini inan\u00e7lar\u0131n\u0131 onlar\u0131 birbirine d\u00fc\u015f\u00fcrmek i\u00e7in kullan\u0131p, bu yolla maddi \u00e7\u0131kar ve stat\u00fc i\u00e7in stat\u00fckonun devam\u0131n\u0131 sa\u011flayan K\u0131br\u0131s\u2019\u0131n g\u00fcneyinde kilisenin, kuzeyinde ise Tarikatlar ve mevcut Evkaf y\u00f6netiminin ba\u015f\u0131ndakilerin b\u00f6l\u00fcnm\u00fc\u015fl\u00fckten \u00e7\u0131kar\u0131 vard\u0131r.<\/p>\n<p>B\u00f6l\u00fcnm\u00fc\u015fl\u00fckten \u00e7\u0131kar\u0131 olan bunca g\u00fcruhun olu\u015fmas\u0131, bunlar\u0131n kendilerine s\u00f6zc\u00fcler tutmu\u015f olmalar\u0131 federasyondan vazge\u00e7meyi de\u011fil, federasyondan yana net bir tav\u0131r g\u00f6stermeyi zaruri k\u0131lar. M\u00fczakereler s\u00fcrd\u00fck\u00e7e, sokakta halklar\u0131n bar\u0131\u015f iradesi olduk\u00e7a iki toplumda da K\u0131br\u0131s Cumhuriyet\u00e7ilerinin ve iki devlet\u00e7ilerin maskeleri d\u00fc\u015fmektedir ve d\u00fc\u015fmeye devam edecektir.<\/p>\n<p>Bug\u00fcn adam\u0131z\u0131n i\u00e7inden ve d\u0131\u015f\u0131ndan \u015f\u00f6ven odaklar kendi \u00e7\u0131karlar\u0131 do\u011frultusunda do\u011falgaz gibi, Mara\u015f gibi konular \u00fczerinden gerilimler yaratmaya \u00e7al\u0131\u015fmaktad\u0131r. K\u0131br\u0131s\u2019\u0131n kuzeyinde halk\u0131n ezici deste\u011fi ile se\u00e7ilmi\u015f m\u00fczakereci olan Mustafa Ak\u0131nc\u0131, K\u0131br\u0131s\u2019\u0131n kuzeyinden, g\u00fcneyinden ve Ankara\u2019dan \u00e7e\u015fitli odalar taraf\u0131ndan bypass edilmeye \u00e7al\u0131\u015f\u0131lmaktad\u0131r. B\u00f6ylesi \u00e7abalar halk\u0131n iradesine y\u00f6nelik darbe giri\u015fimleridir.<\/p>\n<p>Bilinmelidir ki ne m\u00fczakere masas\u0131n\u0131n \u00e7\u00f6kertilmesi, ne de \u015f\u00f6ven unsurlar\u0131n halklar aras\u0131nda gerilim yaratmak i\u00e7in \u00e7abalar\u0131 ba\u015far\u0131l\u0131 olamayacakt\u0131r. Federal bir bar\u0131\u015f\u0131 yaratacak olan halklar\u0131n sokaktan y\u00fckselen iradesidir. Bu irade sadece m\u00fczakere masas\u0131nda de\u011fildir, yeni a\u00e7\u0131lan s\u0131n\u0131r kap\u0131lar\u0131, telefon \u015febekelerinin kar\u015f\u0131l\u0131kl\u0131 a\u00e7\u0131lmas\u0131 gibi ad\u0131mlar bu iradenin somutta yans\u0131malar\u0131d\u0131r, halklar\u0131n bar\u0131\u015f\u0131n\u0131 m\u00fczakere masas\u0131 ile birlikte ortadan kald\u0131rmaya \u00e7al\u0131\u015fanlar bilmelidir ki bar\u0131\u015f sadece bir masada oturan iki ki\u015finin ataca\u011f\u0131 imzalara ba\u011fl\u0131 de\u011fildir. Bar\u0131\u015f her g\u00fcn eylemde at\u0131lacak ortak bir sloganla, adam\u0131z\u0131n gelece\u011fi i\u00e7in ortak kayg\u0131lar\u0131n eyleme d\u00f6n\u00fc\u015fmesi ile, emekten yana, federal bir d\u00fczen i\u00e7in \u00f6rg\u00fctlenenlerin sesinin g\u00fcrle\u015fmesi ile sokakta kurulacakt\u0131r. Sokaklar egemenlerin ve i\u015fbirlik\u00e7ilerin de\u011fil, bizlerindir.<\/p>\n<p>&nbsp;<\/p>\n<p>Ba\u011f\u0131ms\u0131z K\u0131br\u0131s B\u00fct\u00fcn Halklar Karde\u015ftir&#8221;<\/p>\n<p><a href=\"https:\/\/baraka.cc\/wp-content\/uploads\/2019\/09\/img1.jpeg\"><img decoding=\"async\" loading=\"lazy\" class=\"alignnone size-medium wp-image-7051\" alt=\"img1\" src=\"https:\/\/baraka.cc\/wp-content\/uploads\/2019\/09\/img1-300x168.jpeg\" width=\"300\" height=\"168\" srcset=\"https:\/\/baraka.cc\/wp-content\/uploads\/2019\/09\/img1-300x168.jpeg 300w, https:\/\/baraka.cc\/wp-content\/uploads\/2019\/09\/img1-1024x576.jpeg 1024w, https:\/\/baraka.cc\/wp-content\/uploads\/2019\/09\/img1.jpeg 1600w\" sizes=\"(max-width: 300px) 100vw, 300px\" \/><\/a><\/p>\n<p><a href=\"https:\/\/baraka.cc\/wp-content\/uploads\/2019\/09\/img2.jpeg\"><img decoding=\"async\" loading=\"lazy\" class=\"alignnone size-medium wp-image-7052\" alt=\"img2\" src=\"https:\/\/baraka.cc\/wp-content\/uploads\/2019\/09\/img2-300x168.jpeg\" width=\"300\" height=\"168\" srcset=\"https:\/\/baraka.cc\/wp-content\/uploads\/2019\/09\/img2-300x168.jpeg 300w, https:\/\/baraka.cc\/wp-content\/uploads\/2019\/09\/img2-1024x576.jpeg 1024w, https:\/\/baraka.cc\/wp-content\/uploads\/2019\/09\/img2.jpeg 1600w\" sizes=\"(max-width: 300px) 100vw, 300px\" \/><\/a><\/p>\n","protected":false},"excerpt":{"rendered":"<p>Ba\u015fta sendikalar olmak \u00fczere belirli bir kesimin bar\u0131\u015f m\u00fccadelesini masa ba\u015f\u0131 m\u00fczakerelere endekslemesi,\u00a0m\u00fczakere s\u00fcre\u00e7lerinin durdu\u011fu d\u00f6nemlerde verdikleri bar\u0131\u015f m\u00fccadelesinin(!) de durmas\u0131yla sonu\u00e7lan\u0131yor. Baz\u0131 kesimler ise<\/p>\n","protected":false},"author":12,"featured_media":7051,"comment_status":"open","ping_status":"open","sticky":false,"template":"","format":"standard","meta":{"jetpack_post_was_ever_published":false,"_jetpack_newsletter_access":"","_jetpack_newsletter_tier_id":0,"jetpack_publicize_message":"Devrimciler 1 Eyl\u00fcl D\u00fcnya Bar\u0131\u015f G\u00fcn\u00fc'ne Sahip \u00c7\u0131kmaya Devam Ediyor","jetpack_is_tweetstorm":false,"jetpack_publicize_feature_enabled":true,"jetpack_social_post_already_shared":true,"jetpack_social_options":{"image_generator_settings":{"template":"highway","enabled":false}}},"categories":[52,45,47],"tags":[],"jetpack_publicize_connections":[],"jetpack_featured_media_url":"https:\/\/baraka.cc\/wp-content\/uploads\/2019\/09\/img1.jpeg","jetpack_shortlink":"https:\/\/wp.me\/p4eHWX-1PI","jetpack_sharing_enabled":true,"_links":{"self":[{"href":"https:\/\/baraka.cc\/index.php?rest_route=\/wp\/v2\/posts\/7050"}],"collection":[{"href":"https:\/\/baraka.cc\/index.php?rest_route=\/wp\/v2\/posts"}],"about":[{"href":"https:\/\/baraka.cc\/index.php?rest_route=\/wp\/v2\/types\/post"}],"author":[{"embeddable":true,"href":"https:\/\/baraka.cc\/index.php?rest_route=\/wp\/v2\/users\/12"}],"replies":[{"embeddable":true,"href":"https:\/\/baraka.cc\/index.php?rest_route=%2Fwp%2Fv2%2Fcomments&post=7050"}],"version-history":[{"count":2,"href":"https:\/\/baraka.cc\/index.php?rest_route=\/wp\/v2\/posts\/7050\/revisions"}],"predecessor-version":[{"id":7054,"href":"https:\/\/baraka.cc\/index.php?rest_route=\/wp\/v2\/posts\/7050\/revisions\/7054"}],"wp:featuredmedia":[{"embeddable":true,"href":"https:\/\/baraka.cc\/index.php?rest_route=\/wp\/v2\/media\/7051"}],"wp:attachment":[{"href":"https:\/\/baraka.cc\/index.php?rest_route=%2Fwp%2Fv2%2Fmedia&parent=7050"}],"wp:term":[{"taxonomy":"category","embeddable":true,"href":"https:\/\/baraka.cc\/index.php?rest_route=%2Fwp%2Fv2%2Fcategories&post=7050"},{"taxonomy":"post_tag","embeddable":true,"href":"https:\/\/baraka.cc\/index.php?rest_route=%2Fwp%2Fv2%2Ftags&post=7050"}],"curies":[{"name":"wp","href":"https:\/\/api.w.org\/{rel}","templated":true}]}}