{"id":707,"date":"2012-09-07T13:01:02","date_gmt":"2012-09-07T10:01:02","guid":{"rendered":"https:\/\/baraka.cc\/?p=707"},"modified":"2014-01-02T13:02:09","modified_gmt":"2014-01-02T10:02:09","slug":"baraka-bagimsiz-kibris-eyleminden-elde-edilen-geliri-pir-sultan-abdal-dernegine-bagisladi","status":"publish","type":"post","link":"https:\/\/baraka.cc\/?p=707","title":{"rendered":"BARAKA \u201cBA\u011eIMSIZ KIBRIS\u201d EYLEM\u0130NDEN ELDE ED\u0130LEN GEL\u0130R\u0130 P\u0130R SULTAN ABDAL DERNE\u011e\u0130\u2019NE BA\u011eI\u015eLADI"},"content":{"rendered":"<p><!--[if gte mso 9]><xml>  <w:WordDocument>   <w:View>Normal<\/w:View>   <w:Zoom>0<\/w:Zoom>   <w:HyphenationZone>21<\/w:HyphenationZone>   <w:PunctuationKerning\/>   <w:ValidateAgainstSchemas\/>   <w:SaveIfXMLInvalid>false<\/w:SaveIfXMLInvalid>   <w:IgnoreMixedContent>false<\/w:IgnoreMixedContent>   <w:AlwaysShowPlaceholderText>false<\/w:AlwaysShowPlaceholderText>   <w:Compatibility>    <w:BreakWrappedTables\/>    <w:SnapToGridInCell\/>    <w:WrapTextWithPunct\/>    <w:UseAsianBreakRules\/>    <w:DontGrowAutofit\/>   <\/w:Compatibility>   <w:BrowserLevel>MicrosoftInternetExplorer4<\/w:BrowserLevel>  <\/w:WordDocument> <\/xml><![endif]--><\/p>\n<p class=\"MsoNormal\" style=\"margin-bottom: 0.0001pt; text-align: justify; line-height: 200%;\"><strong><span style=\"font-size: 11.5pt; line-height: 200%; font-family: Verdana;\">BARAKA K\u00dcLT\u00dcR MERKEZ\u0130 VE P\u0130R SULTAN ABDAL K\u00dcLT\u00dcR DERNE\u011e\u0130NDEN ORTAK A\u00c7IKLAMA<\/span><\/strong><\/p>\n<p class=\"MsoNormal\" style=\"margin-bottom: 0.0001pt; text-align: justify; line-height: 200%;\"><strong><span style=\"font-size: 11.5pt; line-height: 200%; font-family: Verdana;\">BARAKA \u201cBA\u011eIMSIZ KIBRIS\u201d EYLEM\u0130NDEN ELDE ED\u0130LEN GEL\u0130R\u0130 P\u0130R SULTAN ABDAL DERNE\u011e\u0130\u2019NE BA\u011eI\u015eLADI<\/span><\/strong><\/p>\n<p class=\"MsoNormal\" style=\"margin-bottom: 0.0001pt; text-align: justify; line-height: 200%;\"><a href=\"https:\/\/www.baraka.cc\/images\/stories\/bagimsizkibris_pirsultan.jpg\" target=\"_blank\"><img decoding=\"async\" loading=\"lazy\" alt=\" \" src=\"https:\/\/www.baraka.cc\/images\/stories\/bagimsizkibris_pirsultan.jpg\" width=\"200\" height=\"133\" align=\"left\" border=\"2\" \/><\/a> <span style=\"font-size: 11.5pt; line-height: 200%; font-family: Verdana;\">Pir Sultan Abdal Derne\u011fi yetkilileri, 6 Eyl\u00fcl Per\u015fembe g\u00fcn\u00fc saat 11.00\u2019de KT\u00d6S lokalinde Baraka K\u00fclt\u00fcr Merkezi temsilcilerini kabul etti. Yap\u0131lan ziyerette, Baraka K\u00fclt\u00fcr Merkezi temsilcileri, 14 A\u011fustos tarihinde \u00c7a\u011flayan Park\u0131\u2019nda ger\u00e7ekle\u015ftirilmi\u015f olan \u201cBa\u011f\u0131ms\u0131z K\u0131br\u0131s\u201d eyleminden elde edilen dayan\u0131\u015fma katk\u0131s\u0131n\u0131, eylemin bir devam\u0131 olarak Pir Sultan Abdal K\u00fclt\u00fcr Derne\u011fi\u2019ne hibe ettiler. G\u00f6r\u00fc\u015fmeden sonra her iki dernek temsilcileri bu konudaki g\u00f6r\u00fc\u015flerini bas\u0131n ve kamuoyu ile payla\u015ft\u0131.<\/span><\/p>\n<p>Baraka K\u00fclt\u00fcr Merkezi ad\u0131na konu\u015fan Mustafa Kele\u015fzade, T\u00fcrkiye&#8217;nin adaya ger\u00e7ekle\u015ftirdi\u011fi ikinci m\u00fcdahalenin y\u0131ld\u00f6n\u00fcm\u00fc olan 14 A\u011fustos 2012 tarihinde, ba\u011f\u0131ms\u0131z K\u0131br\u0131s talebini y\u00fckseltmek i\u00e7in bir eylem d\u00fczenlediklerini ve ba\u015far\u0131yla sonu\u00e7lanan eyleme yap\u0131lan dayan\u0131\u015fma katk\u0131lar\u0131ndan 1310TL gelir elde edildi\u011fini belirtti. Baraka olarak bu paray\u0131 eylemin devam\u0131 niteli\u011finde kurgulad\u0131klar\u0131n\u0131 vurgulayan Kele\u015fzade, bu sebeple bu paran\u0131n eylemin devam\u0131 olabilecek bir yere ba\u011f\u0131\u015flanmas\u0131na karar verdiklerini s\u00f6yledi. A\u00e7\u0131klamada, son y\u0131llarda halk\u0131m\u0131z\u0131n gerici sald\u0131rl\u0131arla kar\u015f\u0131 kar\u015f\u0131ya oldu\u011fu, gerek Kuran kurslar\u0131n\u0131n, gerek ilahiyat koleji ve k\u00fclliye \u00e7al\u0131\u015fmalar\u0131n\u0131n devam etti\u011fi, okul yetersizli\u011fi olmas\u0131na ra\u011fmen okuldan fazla olan cami say\u0131s\u0131n\u0131n giderek art\u0131r\u0131ld\u0131\u011f\u0131 vurguland\u0131. Bu sald\u0131r\u0131lara kar\u015f\u0131 ve di\u011fer bir \u00e7ok alanda Pir Sultan Abdal K\u00fclt\u00fcr Derne\u011fi ile ortak m\u00fccadele edildi\u011fini de belirtildi. <span>\u00a0<\/span>\u201cBa\u011f\u0131ms\u0131z K\u0131br\u0131s\u201d eyleminin y\u00fckseltti\u011fi \u015fiarlardan birinin de halklar\u0131n karde\u015fli\u011fi oldu\u011funu s\u00f6yleyen Baraka aktivisti, bir g\u00f6\u00e7men derne\u011fi olan ve t\u00fcm bask\u0131lara ra\u011fmen m\u00fccadelesini s\u00fcrd\u00fcren Pir Sultan Abdal Derne\u011fi\u2019ne bu dayan\u0131\u015fman\u0131n eylemin mesaj\u0131n\u0131 tamamlar nitelikte oldu\u011funu belirterek s\u00f6zlerini noktalad\u0131.<\/p>\n<p>Baraka&#8217;n\u0131n konu\u015fmas\u0131n\u0131n ard\u0131ndan Pir Sultan Abdal K\u00fclt\u00fcr Derne\u011fi ad\u0131na s\u00f6z alan Oru\u00e7 Kaya, dernek olarak tam ba\u011f\u0131ms\u0131z K\u0131br\u0131s g\u00f6r\u00fc\u015f\u00fcn\u00fc kendilerinin de sahiplendiklerini belirtti. Kendisinin bir g\u00f6\u00e7men ayr\u0131ca m\u00fccadelenin \u00f6znesi oldu\u011funu, T\u00fcrkiye&#8217;den gelen dayatma politikalara kar\u015f\u0131 her kulvarda halklar\u0131n karde\u015fli\u011fini sahiplenen \u00f6rg\u00fctlerle birlikte olduklar\u0131n\u0131 ve birli\u011fin bir zorunluluk oldu\u011funu vurgulad\u0131. Baraka ve benzeri yap\u0131larla birlikte m\u00fccadele veren bir g\u00f6\u00e7men \u00f6rg\u00fct\u00fc olarak, Baraka gibi yap\u0131lar\u0131n T\u00fcrkiyeli kar\u015f\u0131t\u0131 olduklar\u0131 iddias\u0131n\u0131n yanl\u0131\u015f bir alg\u0131 oldu\u011funu s\u00f6yleyen Kaya, m\u00fccadelenin g\u00f6\u00e7menlere ve T\u00fcrkiye halklar\u0131na kar\u015f\u0131 de\u011fil AKP h\u00fck\u00fcmetinin dayatma politikalar\u0131na kar\u015f\u0131 verilmekte oldu\u011funu vurgulad\u0131. Kaya ayr\u0131ca K\u0131br\u0131sl\u0131 T\u00fcrklerin asimilasyonuna kar\u015f\u0131 oldu\u011funu ve halklar\u0131n karde\u015fli\u011fi temelinde m\u00fccadelenin ortak oldu\u011funu s\u00f6yledi. A\u00e7\u0131klamada, y\u0131llar y\u0131l\u0131 T\u00fcrkiye&#8217;de Alevilerin, az\u0131nl\u0131klar\u0131n ve ayd\u0131n kesimlerin bask\u0131 ve \u015fiddete maruz kald\u0131\u011f\u0131, K\u0131br\u0131sl\u0131 T\u00fcrklerden ise b\u00f6yle bir zorlaman\u0131n g\u00f6r\u00fclmedi\u011fi belirtilerek son y\u0131llarda AKP&#8217;nin asimilasyona y\u00f6nelik politikalar\u0131yla K\u0131br\u0131s&#8217;ta da ortam\u0131n de\u011fi\u015fmeye ba\u015flad\u0131\u011f\u0131n\u0131n alt\u0131 \u00e7izildi. Kaya, okullar\u0131n a\u00e7\u0131lmas\u0131na k\u0131sa bir s\u00fcre kala okullar\u0131n sorunlar\u0131n\u0131n devam etmesine kar\u015f\u0131 h\u00fckmedenlerin bir \u015fey yapmad\u0131\u011f\u0131n\u0131, \u00e7ift minareli cami in\u015faatlar\u0131n\u0131n ise h\u0131zla s\u00fcrd\u00fcr\u00fcld\u00fc\u011f\u00fc belirtti. \u00dclkemizin gelece\u011finin karanl\u0131k oldu\u011funu, buna dur demek i\u00e7in ayd\u0131nl\u0131k bir gelecek isteyen ilerici yap\u0131lar\u0131n bir \u00e7at\u0131 alt\u0131nda m\u00fccadele etmesi gerekti\u011fin vurgulayan Pir Sultan Abdal temsilcisi, ortak m\u00fccadelenin \u00f6nemini vurgulayarak s\u00f6zlerini tamamlad\u0131.<\/p>\n<p><!--[if gte mso 9]><xml>  <w:LatentStyles DefLockedState=\"false\" LatentStyleCount=\"156\">  <\/w:LatentStyles> <\/xml><![endif]--><!--[if gte mso 10]>\n\n\n<style>  \/* Style Definitions *\/  table.MsoNormalTable \t{mso-style-name:\"Table Normal\"; \tmso-tstyle-rowband-size:0; \tmso-tstyle-colband-size:0; \tmso-style-noshow:yes; \tmso-style-parent:\"\"; \tmso-padding-alt:0cm 5.4pt 0cm 5.4pt; \tmso-para-margin:0cm; \tmso-para-margin-bottom:.0001pt; \tmso-pagination:widow-orphan; \tfont-size:10.0pt; \tfont-family:\"Times New Roman\"; \tmso-ansi-language:#0400; \tmso-fareast-language:#0400; \tmso-bidi-language:#0400;} <\/style>\n\n <![endif]--><\/p>\n","protected":false},"excerpt":{"rendered":"<p>BARAKA K\u00dcLT\u00dcR MERKEZ\u0130 VE P\u0130R SULTAN ABDAL K\u00dcLT\u00dcR DERNE\u011e\u0130NDEN ORTAK A\u00c7IKLAMA BARAKA \u201cBA\u011eIMSIZ KIBRIS\u201d EYLEM\u0130NDEN ELDE ED\u0130LEN GEL\u0130R\u0130 P\u0130R SULTAN ABDAL DERNE\u011e\u0130\u2019NE BA\u011eI\u015eLADI Pir Sultan<\/p>\n","protected":false},"author":1,"featured_media":0,"comment_status":"open","ping_status":"open","sticky":false,"template":"","format":"standard","meta":{"jetpack_post_was_ever_published":false,"_jetpack_newsletter_access":"","_jetpack_newsletter_tier_id":0,"jetpack_publicize_message":"","jetpack_is_tweetstorm":false,"jetpack_publicize_feature_enabled":true,"jetpack_social_post_already_shared":false,"jetpack_social_options":{"image_generator_settings":{"template":"highway","enabled":false}}},"categories":[54],"tags":[],"jetpack_publicize_connections":[],"jetpack_featured_media_url":"","jetpack_shortlink":"https:\/\/wp.me\/p4eHWX-bp","jetpack_sharing_enabled":true,"_links":{"self":[{"href":"https:\/\/baraka.cc\/index.php?rest_route=\/wp\/v2\/posts\/707"}],"collection":[{"href":"https:\/\/baraka.cc\/index.php?rest_route=\/wp\/v2\/posts"}],"about":[{"href":"https:\/\/baraka.cc\/index.php?rest_route=\/wp\/v2\/types\/post"}],"author":[{"embeddable":true,"href":"https:\/\/baraka.cc\/index.php?rest_route=\/wp\/v2\/users\/1"}],"replies":[{"embeddable":true,"href":"https:\/\/baraka.cc\/index.php?rest_route=%2Fwp%2Fv2%2Fcomments&post=707"}],"version-history":[{"count":1,"href":"https:\/\/baraka.cc\/index.php?rest_route=\/wp\/v2\/posts\/707\/revisions"}],"predecessor-version":[{"id":708,"href":"https:\/\/baraka.cc\/index.php?rest_route=\/wp\/v2\/posts\/707\/revisions\/708"}],"wp:attachment":[{"href":"https:\/\/baraka.cc\/index.php?rest_route=%2Fwp%2Fv2%2Fmedia&parent=707"}],"wp:term":[{"taxonomy":"category","embeddable":true,"href":"https:\/\/baraka.cc\/index.php?rest_route=%2Fwp%2Fv2%2Fcategories&post=707"},{"taxonomy":"post_tag","embeddable":true,"href":"https:\/\/baraka.cc\/index.php?rest_route=%2Fwp%2Fv2%2Ftags&post=707"}],"curies":[{"name":"wp","href":"https:\/\/api.w.org\/{rel}","templated":true}]}}