{"id":7085,"date":"2019-09-20T10:40:27","date_gmt":"2019-09-20T08:40:27","guid":{"rendered":"https:\/\/baraka.cc\/?p=7085"},"modified":"2019-09-20T10:40:27","modified_gmt":"2019-09-20T08:40:27","slug":"yaban-hayat-icin-muzik-soleni-gerceklesiyor","status":"publish","type":"post","link":"https:\/\/baraka.cc\/?p=7085","title":{"rendered":"YABAN HAYAT \u0130\u00c7\u0130N M\u00dcZ\u0130K \u015e\u00d6LEN\u0130 GER\u00c7EKLE\u015e\u0130YOR"},"content":{"rendered":"<p>22 Eyl\u00fcl Pazar g\u00fcn\u00fc Ta\u015fkent Piknik Alan\u0131\u2019nda \u201cYaban Hayat \u0130\u00e7in M\u00fczik \u015e\u00f6leni\u201d ger\u00e7ekle\u015fiyor. Saat 15.00 \u2013 22.00 saatleri aras\u0131nda ger\u00e7ekle\u015fecek \u015f\u00f6lende Baraka M\u00fczik Grubu Sol Anahtar\u0131 da sahne alacak. Sol Anahtar\u0131, Grup Rast, Grup Baria ve Arda G\u00fcnd\u00fcz\u2019\u00fcn sahne alaca\u011f\u0131 \u015f\u00f6lende \u00e7e\u015fitli g\u00f6steriler, aktiviteler ve standlar da yer alacak. T\u00fcm gelirin Ta\u015fkent Do\u011fa Park\u0131\u2019na kalaca\u011f\u0131 bu anlaml\u0131 etkinlik i\u00e7in dayan\u0131\u015fma biletleri 30 TL (\u00d6\u011frenci 20 TL) olarak belirlendi.<\/p>\n<p><a href=\"https:\/\/baraka.cc\/wp-content\/uploads\/2019\/09\/70057901_2335474699893763_7809643595295621120_n.jpg\"><img decoding=\"async\" loading=\"lazy\" class=\"alignnone size-medium wp-image-7086\" alt=\"70057901_2335474699893763_7809643595295621120_n\" src=\"https:\/\/baraka.cc\/wp-content\/uploads\/2019\/09\/70057901_2335474699893763_7809643595295621120_n-300x154.jpg\" width=\"300\" height=\"154\" srcset=\"https:\/\/baraka.cc\/wp-content\/uploads\/2019\/09\/70057901_2335474699893763_7809643595295621120_n-300x154.jpg 300w, https:\/\/baraka.cc\/wp-content\/uploads\/2019\/09\/70057901_2335474699893763_7809643595295621120_n.jpg 960w\" sizes=\"(max-width: 300px) 100vw, 300px\" \/><\/a><\/p>\n","protected":false},"excerpt":{"rendered":"<p>22 Eyl\u00fcl Pazar g\u00fcn\u00fc Ta\u015fkent Piknik Alan\u0131\u2019nda \u201cYaban Hayat \u0130\u00e7in M\u00fczik \u015e\u00f6leni\u201d ger\u00e7ekle\u015fiyor. Saat 15.00 \u2013 22.00 saatleri aras\u0131nda ger\u00e7ekle\u015fecek \u015f\u00f6lende Baraka M\u00fczik Grubu Sol<\/p>\n","protected":false},"author":4,"featured_media":7087,"comment_status":"open","ping_status":"open","sticky":false,"template":"","format":"standard","meta":{"jetpack_post_was_ever_published":false,"_jetpack_newsletter_access":"","_jetpack_newsletter_tier_id":0,"jetpack_publicize_message":"","jetpack_is_tweetstorm":false,"jetpack_publicize_feature_enabled":true,"jetpack_social_post_already_shared":true,"jetpack_social_options":{"image_generator_settings":{"template":"highway","enabled":false}}},"categories":[9,1],"tags":[],"jetpack_publicize_connections":[],"jetpack_featured_media_url":"https:\/\/baraka.cc\/wp-content\/uploads\/2019\/09\/70852149_10162805236015389_5984055144696774656_n.jpg","jetpack_shortlink":"https:\/\/wp.me\/p4eHWX-1Qh","jetpack_sharing_enabled":true,"_links":{"self":[{"href":"https:\/\/baraka.cc\/index.php?rest_route=\/wp\/v2\/posts\/7085"}],"collection":[{"href":"https:\/\/baraka.cc\/index.php?rest_route=\/wp\/v2\/posts"}],"about":[{"href":"https:\/\/baraka.cc\/index.php?rest_route=\/wp\/v2\/types\/post"}],"author":[{"embeddable":true,"href":"https:\/\/baraka.cc\/index.php?rest_route=\/wp\/v2\/users\/4"}],"replies":[{"embeddable":true,"href":"https:\/\/baraka.cc\/index.php?rest_route=%2Fwp%2Fv2%2Fcomments&post=7085"}],"version-history":[{"count":1,"href":"https:\/\/baraka.cc\/index.php?rest_route=\/wp\/v2\/posts\/7085\/revisions"}],"predecessor-version":[{"id":7088,"href":"https:\/\/baraka.cc\/index.php?rest_route=\/wp\/v2\/posts\/7085\/revisions\/7088"}],"wp:featuredmedia":[{"embeddable":true,"href":"https:\/\/baraka.cc\/index.php?rest_route=\/wp\/v2\/media\/7087"}],"wp:attachment":[{"href":"https:\/\/baraka.cc\/index.php?rest_route=%2Fwp%2Fv2%2Fmedia&parent=7085"}],"wp:term":[{"taxonomy":"category","embeddable":true,"href":"https:\/\/baraka.cc\/index.php?rest_route=%2Fwp%2Fv2%2Fcategories&post=7085"},{"taxonomy":"post_tag","embeddable":true,"href":"https:\/\/baraka.cc\/index.php?rest_route=%2Fwp%2Fv2%2Ftags&post=7085"}],"curies":[{"name":"wp","href":"https:\/\/api.w.org\/{rel}","templated":true}]}}