{"id":7098,"date":"2019-09-27T08:44:32","date_gmt":"2019-09-27T06:44:32","guid":{"rendered":"https:\/\/baraka.cc\/?p=7098"},"modified":"2019-09-27T08:44:32","modified_gmt":"2019-09-27T06:44:32","slug":"baraka-tiyatro-ekibi-liseli-genclere-kapilarini-aciyor","status":"publish","type":"post","link":"https:\/\/baraka.cc\/?p=7098","title":{"rendered":"Baraka Tiyatro Ekibi Liseli Gen\u00e7lere Kap\u0131lar\u0131n\u0131 A\u00e7\u0131yor"},"content":{"rendered":"<p style=\"text-align: center;\"><a href=\"https:\/\/baraka.cc\/wp-content\/uploads\/2019\/09\/DSC_3750.jpg\"><img decoding=\"async\" loading=\"lazy\" class=\"alignnone size-medium wp-image-7099\" alt=\"DSC_3750\" src=\"https:\/\/baraka.cc\/wp-content\/uploads\/2019\/09\/DSC_3750-300x212.jpg\" width=\"300\" height=\"212\" srcset=\"https:\/\/baraka.cc\/wp-content\/uploads\/2019\/09\/DSC_3750-300x212.jpg 300w, https:\/\/baraka.cc\/wp-content\/uploads\/2019\/09\/DSC_3750-1024x726.jpg 1024w\" sizes=\"(max-width: 300px) 100vw, 300px\" \/><\/a><\/p>\n<p>Baraka K\u00fclt\u00fcr Merkezi \u00e7at\u0131s\u0131 alt\u0131nda faaliyet g\u00f6steren ve pek \u00e7ok sahne ve sokak oyununa imza atan Baraka Tiyatro Ekibi, yeni kat\u0131lmak isteyenler i\u00e7in kap\u0131lar\u0131n\u0131 a\u00e7\u0131yor. 18 ya\u015f \u00fczeri yeti\u015fkin ekibinin \u00e7al\u0131\u015fmalar\u0131 24 Eyl\u00fcl Sal\u0131 g\u00fcn\u00fc ba\u015flarken, 15-18 ya\u015f aras\u0131 liseli gen\u00e7lik ekibine kat\u0131lmak i\u00e7inse 28 Eyl\u00fcl Cumartesi 16.30\u2019da ba\u015fvuru ve kay\u0131t yap\u0131labilece\u011fi belirtildi.<\/p>\n<p>\u00dccretsiz olarak yap\u0131lacak e\u011fitimlere Lefko\u015fa Belediye Tiyatrosu oyuncular\u0131ndan D\u00f6nd\u00fc \u00d6zata ve \u00d6zg\u00fcr Oktay Refiko\u011flu ile Devlet Tiyatrosu oyuncusu \u00d6zlem \u00d6zkaram da \u00e7e\u015fitli at\u00f6lyelerle katk\u0131 koyacak. Bir ay s\u00fcrecek e\u011fitimlerde, nefes, ses ve konu\u015fma egzersizleri, beden ve mimik kullan\u0131m\u0131, yarat\u0131c\u0131 do\u011fa\u00e7lama, m\u00fczik ve ritim at\u00f6lyeleri yer alacak. Ayr\u0131ca Ekim ay\u0131 sonunda da 2 g\u00fcnl\u00fck tiyatro kamp\u0131 ger\u00e7ekle\u015ftirilecek. E\u011fitim s\u00fcrecinin ard\u0131ndan \u00e7e\u015fitli protest sokak tiyatrolar\u0131 haz\u0131rlanmas\u0131 ve mart ay\u0131nda da sezon oyununun sahnelenmesi planlan\u0131yor.<\/p>\n<p>Ba\u015fvurular ve \u00e7al\u0131\u015fmalar Baraka lokalinde yap\u0131lacak. Adres: Ayval\u0131 Sokak No:3, K\u0131z\u0131lba\u015f, Lefko\u015fa. (Kermeo\u011flu kar\u015f\u0131s\u0131, Ay Mobilya yan\u0131)<\/p>\n<p>&nbsp;<\/p>\n<p>&nbsp;<\/p>\n","protected":false},"excerpt":{"rendered":"<p>Baraka K\u00fclt\u00fcr Merkezi \u00e7at\u0131s\u0131 alt\u0131nda faaliyet g\u00f6steren ve pek \u00e7ok sahne ve sokak oyununa imza atan Baraka Tiyatro Ekibi, yeni kat\u0131lmak isteyenler i\u00e7in kap\u0131lar\u0131n\u0131 a\u00e7\u0131yor.<\/p>\n","protected":false},"author":3,"featured_media":7099,"comment_status":"open","ping_status":"open","sticky":false,"template":"","format":"standard","meta":{"jetpack_post_was_ever_published":false,"_jetpack_newsletter_access":"","_jetpack_newsletter_tier_id":0,"jetpack_publicize_message":"","jetpack_is_tweetstorm":false,"jetpack_publicize_feature_enabled":true,"jetpack_social_post_already_shared":true,"jetpack_social_options":{"image_generator_settings":{"template":"highway","enabled":false}}},"categories":[70,20,9,1],"tags":[],"jetpack_publicize_connections":[],"jetpack_featured_media_url":"https:\/\/baraka.cc\/wp-content\/uploads\/2019\/09\/DSC_3750.jpg","jetpack_shortlink":"https:\/\/wp.me\/p4eHWX-1Qu","jetpack_sharing_enabled":true,"_links":{"self":[{"href":"https:\/\/baraka.cc\/index.php?rest_route=\/wp\/v2\/posts\/7098"}],"collection":[{"href":"https:\/\/baraka.cc\/index.php?rest_route=\/wp\/v2\/posts"}],"about":[{"href":"https:\/\/baraka.cc\/index.php?rest_route=\/wp\/v2\/types\/post"}],"author":[{"embeddable":true,"href":"https:\/\/baraka.cc\/index.php?rest_route=\/wp\/v2\/users\/3"}],"replies":[{"embeddable":true,"href":"https:\/\/baraka.cc\/index.php?rest_route=%2Fwp%2Fv2%2Fcomments&post=7098"}],"version-history":[{"count":1,"href":"https:\/\/baraka.cc\/index.php?rest_route=\/wp\/v2\/posts\/7098\/revisions"}],"predecessor-version":[{"id":7100,"href":"https:\/\/baraka.cc\/index.php?rest_route=\/wp\/v2\/posts\/7098\/revisions\/7100"}],"wp:featuredmedia":[{"embeddable":true,"href":"https:\/\/baraka.cc\/index.php?rest_route=\/wp\/v2\/media\/7099"}],"wp:attachment":[{"href":"https:\/\/baraka.cc\/index.php?rest_route=%2Fwp%2Fv2%2Fmedia&parent=7098"}],"wp:term":[{"taxonomy":"category","embeddable":true,"href":"https:\/\/baraka.cc\/index.php?rest_route=%2Fwp%2Fv2%2Fcategories&post=7098"},{"taxonomy":"post_tag","embeddable":true,"href":"https:\/\/baraka.cc\/index.php?rest_route=%2Fwp%2Fv2%2Ftags&post=7098"}],"curies":[{"name":"wp","href":"https:\/\/api.w.org\/{rel}","templated":true}]}}