{"id":7102,"date":"2019-09-28T13:09:57","date_gmt":"2019-09-28T11:09:57","guid":{"rendered":"https:\/\/baraka.cc\/?p=7102"},"modified":"2019-09-28T13:09:57","modified_gmt":"2019-09-28T11:09:57","slug":"baraka-ve-bagimsizlik-yolundan-petrol-ugruna-ulkene-kiyma-cagrisi-yapldi","status":"publish","type":"post","link":"https:\/\/baraka.cc\/?p=7102","title":{"rendered":"Baraka ve Ba\u011f\u0131ms\u0131zl\u0131k Yolu&#8217;ndan &#8220;Petrol U\u011fruna \u00dclkene K\u0131yma&#8221; \u00c7a\u011fr\u0131s\u0131 Yapld\u0131"},"content":{"rendered":"<p style=\"text-align: center;\"><a href=\"https:\/\/baraka.cc\/wp-content\/uploads\/2019\/09\/1.jpg\"><img decoding=\"async\" loading=\"lazy\" class=\"alignnone size-medium wp-image-7103\" alt=\"1\" src=\"https:\/\/baraka.cc\/wp-content\/uploads\/2019\/09\/1-300x225.jpg\" width=\"300\" height=\"225\" srcset=\"https:\/\/baraka.cc\/wp-content\/uploads\/2019\/09\/1-300x225.jpg 300w, https:\/\/baraka.cc\/wp-content\/uploads\/2019\/09\/1.jpg 960w\" sizes=\"(max-width: 300px) 100vw, 300px\" \/><\/a><\/p>\n<p><b>\u00a0<\/b><\/p>\n<p>Baraka K\u00fclt\u00fcr Merkezi ve Ba\u011f\u0131ms\u0131zl\u0131k Yolu, bug\u00fcn bir bas\u0131n a\u00e7\u0131klamas\u0131 yaparak \u00fclkemiz \u00e7evresinde petrol ve do\u011falgaz arama \u00e7al\u0131\u015fmalar\u0131na &#8220;hay\u0131r&#8221; denmesi gerekti\u011fi mesaj\u0131n\u0131 verdi. Baraka lokalinde ger\u00e7ekle\u015fen a\u00e7\u0131klamada ilk olarak Ba\u011f\u0131ms\u0131zl\u0131k Yolu Genel Sekreteri M\u00fcn\u00fcr Rahvanc\u0131o\u011flu bir konu\u015fma yaparak, &#8220;Petrol ve do\u011falgaz konusu, K\u0131br\u0131s Cumhuriyeti ve T\u00fcrkiye h\u00fck\u00fcmeti \u00fczerinden y\u00fckselen bir gerilim gibi g\u00f6r\u00fcnse de bunun geri plan\u0131nda Amerika Birle\u015fik Devletleri, Avrupa Birli\u011fi hatta \u0130sraille ba\u011flant\u0131l\u0131 \u015firketlerin \u00fclkemizin do\u011fal varl\u0131klar\u0131 \u00fczerinden elde etmeye \u00e7al\u0131\u015ft\u0131klar\u0131 kar ve zenginlik gerilmi vard\u0131r.&#8221; dedi. Petrol\u00fcn, y\u0131llardan beridir devam eden K\u0131br\u0131s sorununun \u00e7\u00f6z\u00fcm\u00fcne hizmet edece\u011fi iddia edilse de asl\u0131nda \u00e7\u00f6z\u00fcm\u00fc daha da zorla\u015ft\u0131raca\u011f\u0131n\u0131 vurgulayan Rahvanc\u0131o\u011flu, d\u00fcnyadaki \u00f6rneklere ve \u00fclkemizde Lefke CMC \u00f6rne\u011fine bakt\u0131\u011f\u0131m\u0131zda, maden aranmas\u0131n\u0131n halklara sadece zehir y\u0131\u011f\u0131n\u0131 b\u0131rakt\u0131\u011f\u0131n\u0131, ekosisteme de ciddi zararlar verdi\u011fini vugulad\u0131.<\/p>\n<p>Ard\u0131ndan Baraka aktivisti P\u0131nar Piro&#8217;nun okudu\u011fu bas\u0131n a\u00e7\u0131klamas\u0131nda ise petrol ve do\u011falgaza hay\u0131r denmesi \u00e7a\u011fr\u0131s\u0131n\u0131n detaylar\u0131 yer ald\u0131. &#8220;Yan\u0131 ba\u015f\u0131m\u0131zdaki Ortado\u011fu&#8217;dan gayet iyi biliyoruz ki petrol\u00fcn oldu\u011fu hi\u00e7bir yerde insani bir refah ve halklar\u0131n bar\u0131\u015f\u0131 ya\u015fanmam\u0131\u015f, bilakis sava\u015flar ve etnik\/dini \u00e7at\u0131\u015fmalar t\u0131rmand\u0131r\u0131lm\u0131\u015f, ter\u00f6r ve silahlanma artm\u0131\u015ft\u0131r. B\u00fcy\u00fck sermayenin elindeki do\u011fal kaynaklar, yaln\u0131zca \u00e7ok k\u00fc\u00e7\u00fck bir s\u0131n\u0131fa zenginlik sa\u011flarken halklara zul\u00fcm getirmi\u015ftir. K\u0131br\u0131s&#8217;ta bar\u0131\u015f ve halklar\u0131n karde\u015fli\u011fi petrolle de\u011fil, tam tersine do\u011fayla uyumlu ve ekoloji odakl\u0131 bir d\u00fczen ile birlikte in\u015fa edilebilir.&#8221; ifadelerinin yer ald\u0131\u011f\u0131 a\u00e7\u0131klamada, &#8220;insanl\u0131k bu gezegende var olmay\u0131 istiyor ve gelecek ku\u015faklar\u0131 d\u00fc\u015f\u00fcn\u00fcyorsa, iklim de\u011fi\u015fiminin, hava ve su kirlili\u011finin ve ekolojik tahribat\u0131n en \u00f6nemli sebebi olan fosil yak\u0131tlar\u0131n art\u0131k t\u00fcm\u00fcyle terk edilmesi, yeni kuyu ve kaynaklar\u0131n hi\u00e7 a\u00e7\u0131lmamas\u0131, alternatif olarak de\u011fil s\u00fcrekli bir tercih olarak yenilenebilir enerji kaynaklar\u0131na y\u00f6nelmesi ka\u00e7\u0131n\u0131lmazd\u0131r.&#8221; denildi.<\/p>\n<p style=\"text-align: center;\"><a href=\"https:\/\/baraka.cc\/wp-content\/uploads\/2019\/09\/2.jpg\"><img decoding=\"async\" loading=\"lazy\" class=\"alignnone size-medium wp-image-7104\" alt=\"2\" src=\"https:\/\/baraka.cc\/wp-content\/uploads\/2019\/09\/2-300x225.jpg\" width=\"300\" height=\"225\" srcset=\"https:\/\/baraka.cc\/wp-content\/uploads\/2019\/09\/2-300x225.jpg 300w, https:\/\/baraka.cc\/wp-content\/uploads\/2019\/09\/2.jpg 960w\" sizes=\"(max-width: 300px) 100vw, 300px\" \/><\/a><\/p>\n<p>Kuzey ve g\u00fcneyde ya\u015fayan ada halklar\u0131na birlikte m\u00fccadele \u00e7a\u011fr\u0131s\u0131 yap\u0131lan a\u00e7\u0131klaman\u0131n tam metni \u015f\u00f6yle:<\/p>\n<p>&nbsp;<\/p>\n<p><b>Do\u011faya ve ada halklar\u0131na hi\u00e7bir hayr\u0131 dokunmayacak petrol ve do\u011falgaz\u0131n \u00e7\u0131kar\u0131lmas\u0131na net bir HAYIR demeliyiz!<\/b><br \/>\nS\u00fcregiden yalan ve talan sisteminin devaml\u0131l\u0131\u011f\u0131 i\u00e7in, \u00fclkemizde ve t\u00fcm Akdeniz\u2019de yeni bir ekolojik krizin ad\u0131mlar\u0131 at\u0131l\u0131yor. Emperyalistlerin siyasi hesaplar\u0131n\u0131n ve dev enerji \u015firketlerinin ticari rantlar\u0131n\u0131n en \u00f6nemli konusu olan petrol ve do\u011falgaz \u00e7\u0131karma \u00e7al\u0131\u015fmalar\u0131, zaman zaman bar\u0131\u015f\u0131 da tehlikeye atacak \u015fekilde s\u00fcr\u00fcyor. D\u00f6rt bir yan\u0131m\u0131z, \u00e7\u0131kar \u00e7at\u0131\u015fmalar\u0131yla petrol karas\u0131na bulanmak istenirken kimse ada halklar\u0131n\u0131n ger\u00e7ek menfaatini, Akdeniz\u2019in ve gezegenimizin gelece\u011fini d\u00fc\u015f\u00fcnm\u00fcyor. Sa\u011fc\u0131-solcu, \u00e7evreci-kalk\u0131nmac\u0131, ekolojist-kapitalist fark etmeksizin herkes petrol ve do\u011falgaz\u0131n \u201czenginlik\u201d ve \u201cihtiya\u00e7\u201d oldu\u011funa ikna g\u00f6r\u00fcn\u00fcyor. Enerji \u015firketlerinin, yat\u0131r\u0131m yapacaklar\u0131 co\u011frafyada gergin bir atmosferi tercih etmemesi ve devletlerin de sermayenin d\u00fcmen suyuna gitmesi, petrolle birlikte \u201cbar\u0131\u015f\u201d\u0131n da su y\u00fcz\u00fcne \u00e7\u0131kaca\u011f\u0131 inanc\u0131n\u0131 pompal\u0131yor. Hatta halk\u0131m\u0131z\u0131n b\u00fcy\u00fck \u00e7o\u011funlu\u011funun \u00f6zlemle bekledi\u011fi \u00e7\u00f6z\u00fcm\u00fcn bilhassa m\u00fclkiyet ile ilgili maliyetinin bu \u201czenginlik\u201dle kar\u015f\u0131lanmas\u0131 planlar\u0131 yap\u0131l\u0131yor. Bizler; do\u011fa severler, halklar\u0131 karde\u015f bir adada bar\u0131\u015f ve huzur i\u00e7inde ya\u015famak isteyenler, meydan\u0131 bo\u015f b\u0131rakt\u0131k\u00e7a, bir yandan K\u0131br\u0131s Cumhuriyeti bir yandan T\u00fcrkiye h\u00fck\u00fcmeti, kar\u015f\u0131l\u0131kl\u0131 meydan okumalarla sondajlar\u0131n\u0131 s\u00fcrd\u00fcr\u00fcyor.<br \/>\nOysa yan\u0131 ba\u015f\u0131m\u0131zdaki Ortado\u011fu&#8217;dan gayet iyi biliyoruz ki petrol\u00fcn oldu\u011fu hi\u00e7bir yerde insani bir refah ve halklar\u0131n bar\u0131\u015f\u0131 ya\u015fanmam\u0131\u015f, bilakis sava\u015flar ve etnik\/dini \u00e7at\u0131\u015fmalar t\u0131rmand\u0131r\u0131lm\u0131\u015f, ter\u00f6r ve silahlanma artm\u0131\u015ft\u0131r. B\u00fcy\u00fck sermayenin elindeki do\u011fal kaynaklar, yaln\u0131zca \u00e7ok k\u00fc\u00e7\u00fck bir s\u0131n\u0131fa zenginlik sa\u011flarken halklara zul\u00fcm getirmi\u015ftir. K\u0131br\u0131s&#8217;ta bar\u0131\u015f ve halklar\u0131n karde\u015fli\u011fi petrolle de\u011fil, tam tersine do\u011fayla uyumlu ve ekoloji odakl\u0131 bir d\u00fczen ile birlikte in\u015fa edilebilir.<br \/>\nMeksika K\u00f6rfezi\u2019ni y\u0131llarca \u00f6l\u00fc bir denize \u00e7eviren, binlerce insan\u0131n ya\u015fam\u0131n\u0131 etkileyen t\u00fcrde &#8220;kaza&#8221;lar\u0131n olma riski bir yana, derin deniz sondajlar\u0131 hassas Akdeniz ekosistemine \u00f6nemli zararlar vermektedir. Yak\u0131n zamanda ABD\u2019de d\u00fcnya devi bir petrol \u015firketine ait sondaj alan\u0131nda 11 ki\u015finin \u00f6l\u00fcm\u00fcyle sonu\u00e7lanan felaket, sadece insanlar\u0131n ya\u015fam\u0131na etki etmemi\u015f, 3 ay boyunca denize s\u0131zan petrol, Meksika K\u00f6rfezi&#8217;nin ekosistemini ve bu ekosistemde ya\u015fayan balinalar, deniz kaplumba\u011falar\u0131 ve g\u00f6\u00e7men ku\u015flar gibi hayvanlar\u0131n ya\u015fam\u0131n\u0131 olumsuz etkilemi\u015ftir. Buna benzer bir felaketin Akdeniz\u2019de ya\u015fanmayaca\u011f\u0131n\u0131n, ada halklar\u0131n\u0131n hayat\u0131n\u0131n ve ekosistemimizin olumsuz etkilenmeyece\u011finin hi\u00e7bir garantisi bulunmamaktad\u0131r.<br \/>\n1912-1974 y\u0131llar\u0131 aras\u0131nda Lefke b\u00f6lgesinde maden \u00e7\u0131karan ve s\u00f6m\u00fcrece\u011fi maden bitince de \u00e7ekip giden Amerikan \u015firketi CMC\u2019nin b\u0131rakt\u0131\u011f\u0131 pislik, 45 y\u0131ld\u0131r ada \u00e7ap\u0131nda \u00e7evre sorunlar\u0131na, deniz ve yer alt\u0131 sular\u0131n\u0131n kirlenmesine, kanser ve \u00e7e\u015fitli hastal\u0131klara yol a\u00e7maktad\u0131r. Petrol bulunup i\u015fletildi\u011finde var\u0131lacak sonu\u00e7, ne yaz\u0131k ki benzer olacakt\u0131r.<br \/>\nHepsinden \u00f6nemlisi, insanl\u0131k bu gezegende var olmay\u0131 istiyor ve gelecek ku\u015faklar\u0131 d\u00fc\u015f\u00fcn\u00fcyorsa, iklim de\u011fi\u015fiminin, hava ve su kirlili\u011finin ve ekolojik tahribat\u0131n en \u00f6nemli sebebi olan fosil yak\u0131tlar\u0131n art\u0131k t\u00fcm\u00fcyle terk edilmesi, yeni kuyu ve kaynaklar\u0131n hi\u00e7 a\u00e7\u0131lmamas\u0131, alternatif olarak de\u011fil s\u00fcrekli bir tercih olarak yenilenebilir enerji kaynaklar\u0131na y\u00f6nelmesi ka\u00e7\u0131n\u0131lmazd\u0131r. Bu bilimsel ger\u00e7e\u011fi, kapitalist devletlerin de neredeyse t\u00fcm\u00fc kabul etmek zorunda kalm\u0131\u015f ve Paris Anla\u015fmas\u0131yla bu konuda uluslararas\u0131 hukuk yarat\u0131lm\u0131\u015ft\u0131r. Ancak kendi koyduklar\u0131 kurallara dahi uymayan devletlerin tek yapt\u0131\u011f\u0131, \u015firketlerin kar\u0131n\u0131 maksimize etmektir. \u00c7\u00fcnk\u00fc mevcut s\u00f6m\u00fcr\u00fc sisteminin, ne pahas\u0131na olursa olsun b\u00fcy\u00fcmekten ba\u015fka \u00e7aresi yoktur. Adam\u0131zda petrol \u00e7\u0131kar\u0131lmas\u0131na -hangi \u015firket veya devlet olursa olsun- net bir hay\u0131r demek, bu anlamda antikapitalist bir tav\u0131r da i\u00e7erir ve bizlere yeni bir ya\u015fam bi\u00e7iminin kap\u0131lar\u0131n\u0131 aralar.<br \/>\nEnerjinin ka\u00e7\u0131n\u0131lmaz bir &#8220;ihtiya\u00e7&#8221; oldu\u011fu savunusu da &#8220;neyin ve kimin ihtiyac\u0131?&#8221; sorusuyla kar\u015f\u0131la\u015f\u0131r. Neyin, ne kadar ve ne i\u00e7in \u00fcretilece\u011finin karar\u0131n\u0131 halklar\/\u00fcretenler vermedi\u011fi s\u00fcrece, ger\u00e7ek ihtiya\u00e7lardan de\u011fil reklam piyasas\u0131n\u0131n \u015fi\u015firdi\u011fi bir t\u00fcketim \u00e7\u0131lg\u0131nl\u0131\u011f\u0131ndan bahsediyoruz demektir. K\u00fclt\u00fcrel yozla\u015fma ve yabanc\u0131la\u015fman\u0131n doruklarda ya\u015fand\u0131\u011f\u0131, metalara tap\u0131lan bir d\u00f6nemde, piyasan\u0131n a\u00e7 g\u00f6z\u00fcn\u00fc doyurmak i\u00e7in her \u015fey fazlas\u0131yla \u00fcretilmekte ve ars\u0131zl\u0131k bir ya\u015fam bi\u00e7imi olarak dayat\u0131lmaktad\u0131r.<br \/>\nDaha birka\u00e7 y\u0131l \u00f6nce adam\u0131z\u0131n k\u0131y\u0131lar\u0131nda petrol dolum tesisi istemedi\u011fini hayk\u0131ran, en do\u011fudan en bat\u0131ya eylemler d\u00fczenleyen, AKSA&#8217;n\u0131n yaratt\u0131\u011f\u0131 kirlili\u011fin hesab\u0131n\u0131 soran, a\u011fa\u00e7 dikmeye ve \u00e7\u00f6p toplamaya anlaml\u0131 katk\u0131lar koyan \u00e7evreye duyarl\u0131 halk\u0131m\u0131z\u0131, petrol ve do\u011fal gaz arama \u00e7al\u0131\u015fmalar\u0131na da &#8220;dur&#8221; demeye \u00e7a\u011f\u0131r\u0131yoruz.<br \/>\nBa\u015fta Cumhurba\u015fkan\u0131, D\u0131\u015fi\u015fleri ve \u00c7evre Bakanlar\u0131 olmak \u00fczere t\u00fcm yetkilileri, ekonomi de\u011fil ekoloji \u00f6ncelikli, kar de\u011fil insan odakl\u0131 d\u00fc\u015f\u00fcnmeye ve her kim olursa olsun denizlerimizde petrol ve do\u011fal gaz aranmas\u0131na izin vermemeye davet ediyoruz.<br \/>\nAdam\u0131z\u0131n g\u00fcneyinde ya\u015fayan \u00e7evre dostlar\u0131n\u0131, do\u011fa severleri de kendi h\u00fck\u00fcmetlerine kar\u015f\u0131 seslerini y\u00fckseltmeye, petrol ve do\u011falgaz aranmas\u0131na son vermek i\u00e7in birlikte m\u00fccadeleye \u00e7a\u011f\u0131r\u0131yoruz.<b><\/b><br \/>\n<b>Baraka K\u00fclt\u00fcr Merkezi, Ba\u011f\u0131ms\u0131zl\u0131k Yolu<\/b><\/p>\n<p><b>28 Eyl\u00fcl 2019<\/b><b><\/b><\/p>\n<p style=\"text-align: center;\">\u00a0<a href=\"https:\/\/baraka.cc\/wp-content\/uploads\/2019\/09\/3.jpg\"><img decoding=\"async\" loading=\"lazy\" class=\"alignnone size-medium wp-image-7105\" alt=\"3\" src=\"https:\/\/baraka.cc\/wp-content\/uploads\/2019\/09\/3-300x225.jpg\" width=\"300\" height=\"225\" srcset=\"https:\/\/baraka.cc\/wp-content\/uploads\/2019\/09\/3-300x225.jpg 300w, https:\/\/baraka.cc\/wp-content\/uploads\/2019\/09\/3.jpg 960w\" sizes=\"(max-width: 300px) 100vw, 300px\" \/><\/a><\/p>\n","protected":false},"excerpt":{"rendered":"<p>\u00a0 Baraka K\u00fclt\u00fcr Merkezi ve Ba\u011f\u0131ms\u0131zl\u0131k Yolu, bug\u00fcn bir bas\u0131n a\u00e7\u0131klamas\u0131 yaparak \u00fclkemiz \u00e7evresinde petrol ve do\u011falgaz arama \u00e7al\u0131\u015fmalar\u0131na &#8220;hay\u0131r&#8221; denmesi gerekti\u011fi mesaj\u0131n\u0131 verdi. Baraka<\/p>\n","protected":false},"author":3,"featured_media":7105,"comment_status":"open","ping_status":"open","sticky":false,"template":"","format":"standard","meta":{"jetpack_post_was_ever_published":false,"_jetpack_newsletter_access":"","_jetpack_newsletter_tier_id":0,"jetpack_publicize_message":"","jetpack_is_tweetstorm":false,"jetpack_publicize_feature_enabled":true,"jetpack_social_post_already_shared":true,"jetpack_social_options":{"image_generator_settings":{"template":"highway","enabled":false}}},"categories":[66,45,47,9,1],"tags":[],"jetpack_publicize_connections":[],"jetpack_featured_media_url":"https:\/\/baraka.cc\/wp-content\/uploads\/2019\/09\/3.jpg","jetpack_shortlink":"https:\/\/wp.me\/p4eHWX-1Qy","jetpack_sharing_enabled":true,"_links":{"self":[{"href":"https:\/\/baraka.cc\/index.php?rest_route=\/wp\/v2\/posts\/7102"}],"collection":[{"href":"https:\/\/baraka.cc\/index.php?rest_route=\/wp\/v2\/posts"}],"about":[{"href":"https:\/\/baraka.cc\/index.php?rest_route=\/wp\/v2\/types\/post"}],"author":[{"embeddable":true,"href":"https:\/\/baraka.cc\/index.php?rest_route=\/wp\/v2\/users\/3"}],"replies":[{"embeddable":true,"href":"https:\/\/baraka.cc\/index.php?rest_route=%2Fwp%2Fv2%2Fcomments&post=7102"}],"version-history":[{"count":1,"href":"https:\/\/baraka.cc\/index.php?rest_route=\/wp\/v2\/posts\/7102\/revisions"}],"predecessor-version":[{"id":7106,"href":"https:\/\/baraka.cc\/index.php?rest_route=\/wp\/v2\/posts\/7102\/revisions\/7106"}],"wp:featuredmedia":[{"embeddable":true,"href":"https:\/\/baraka.cc\/index.php?rest_route=\/wp\/v2\/media\/7105"}],"wp:attachment":[{"href":"https:\/\/baraka.cc\/index.php?rest_route=%2Fwp%2Fv2%2Fmedia&parent=7102"}],"wp:term":[{"taxonomy":"category","embeddable":true,"href":"https:\/\/baraka.cc\/index.php?rest_route=%2Fwp%2Fv2%2Fcategories&post=7102"},{"taxonomy":"post_tag","embeddable":true,"href":"https:\/\/baraka.cc\/index.php?rest_route=%2Fwp%2Fv2%2Ftags&post=7102"}],"curies":[{"name":"wp","href":"https:\/\/api.w.org\/{rel}","templated":true}]}}