{"id":7125,"date":"2019-10-09T14:42:31","date_gmt":"2019-10-09T12:42:31","guid":{"rendered":"https:\/\/baraka.cc\/?p=7125"},"modified":"2019-10-09T14:42:31","modified_gmt":"2019-10-09T12:42:31","slug":"asilan-bedenler-yasayan-fikirler-aziz-guven","status":"publish","type":"post","link":"https:\/\/baraka.cc\/?p=7125","title":{"rendered":"As\u0131lan Bedenler Ya\u015fayan Fikirler &#8211; Aziz G\u00fcven"},"content":{"rendered":"<p style=\"text-align: left;\" align=\"center\"><em>Argasdi dergimizin &#8220;Bellek&#8221; sayfas\u0131nda, 48 y\u0131l \u00f6nce bug\u00fcn\u00fc; Deniz Gezmi\u015f ve arkada\u015flar\u0131n\u0131n idam karar\u0131n\u0131n verildi\u011fi g\u00fcn olan 9 Ekim 1971&#8217;i ele ald\u0131k&#8230;<\/em><\/p>\n<p style=\"text-align: center;\"><b><a href=\"https:\/\/baraka.cc\/wp-content\/uploads\/2019\/10\/70678399_2246523222304871_6526809977208700928_n.jpg\"><img decoding=\"async\" loading=\"lazy\" class=\"alignnone size-medium wp-image-7126\" alt=\"70678399_2246523222304871_6526809977208700928_n\" src=\"https:\/\/baraka.cc\/wp-content\/uploads\/2019\/10\/70678399_2246523222304871_6526809977208700928_n-300x202.jpg\" width=\"300\" height=\"202\" srcset=\"https:\/\/baraka.cc\/wp-content\/uploads\/2019\/10\/70678399_2246523222304871_6526809977208700928_n-300x202.jpg 300w, https:\/\/baraka.cc\/wp-content\/uploads\/2019\/10\/70678399_2246523222304871_6526809977208700928_n.jpg 750w\" sizes=\"(max-width: 300px) 100vw, 300px\" \/><\/a><\/b><b><\/b><\/p>\n<p style=\"text-align: left;\" align=\"center\">9 Ekim 1971&#8230; \u00dc\u00e7 fidan\u0131 dara\u011fac\u0131na g\u00f6nderen idam karar\u0131n\u0131n verildi\u011fi g\u00fcn&#8230; Son d\u00f6nemlerde idam cezas\u0131 tekrardan tart\u0131\u015f\u0131l\u0131r olmaya ba\u015fland\u0131. En temel insan haklar\u0131ndan biri olan \u201cya\u015fama hakk\u0131\u201dna ayk\u0131r\u0131 olmas\u0131 nedeni ile T\u00fcrkiye dahil olmak \u00fczere bir\u00e7ok \u00fclkenin ceza yasalar\u0131ndan \u00e7\u0131kar\u0131lm\u0131\u015f olan idam cezas\u0131; taciz, tecav\u00fcz gibi su\u00e7lar\u0131 i\u015fleyen ki\u015filere kar\u015f\u0131 duyulan ve b\u00fcy\u00fcyen hakl\u0131 \u00f6fkenin ad\u0131 olarak s\u0131k\u00e7a dillendirilir oldu. Ya\u015fama hakk\u0131na ayk\u0131r\u0131l\u0131\u011f\u0131 ve \u00e7a\u011f d\u0131\u015f\u0131l\u0131\u011f\u0131 bir yana dursun, b\u00f6ylesi bir cezan\u0131n hukuk sistemlerinde yer almas\u0131 halinde kimlere uygulanaca\u011f\u0131 da g\u00f6z ard\u0131 edilemeyecek kadar \u00f6nem arz etmektedir. Demokrasinin ve \u00f6zg\u00fcrl\u00fcklerin her ge\u00e7en g\u00fcn geriledi\u011fi g\u00fcn\u00fcm\u00fcz T\u00fcrkiye\u2019sinde, idam cezalar\u0131n\u0131n olsa olsa devrimcilere uygulanaca\u011f\u0131ndan endi\u015fe duymak hi\u00e7 de yersiz olmayacakt\u0131r. \u0130dam cezas\u0131 ile taciz ve tecav\u00fcz su\u00e7lular\u0131na duyulan \u00f6fkenin dinece\u011fi, y\u00fcreklerde hissedilen ac\u0131lara bir nebze de olsa su serpilece\u011fi zannedilse de, asl\u0131nda b\u00f6ylesi su\u00e7lar\u0131n ya\u015fanmayaca\u011f\u0131 daha g\u00fczel bir d\u00fcnya i\u00e7in m\u00fccadele edenlerin aleyhine rahatl\u0131kla uygulanabilecek bir yapt\u0131r\u0131ma da d\u00f6n\u00fc\u015febilecektir.<\/p>\n<p>***<\/p>\n<p>T\u00fcrkiye Halk Kurtulu\u015f Ordusu (THKO)\u2019nun kurucu \u00fcyelerinden olan Deniz Gezmi\u015f, ya\u015fasayd\u0131 bug\u00fcn 70 ya\u015f\u0131ndayd\u0131. 27 \u015eubat 1947\u2019de Ankara\u2019n\u0131n Aya\u015f il\u00e7esinde, \u00f6\u011fretmen anne ve baban\u0131n \u00e7ocu\u011fu olarak d\u00fcnyaya gelen Deniz, hen\u00fcz daha lise y\u0131llar\u0131ndayken tan\u0131\u015fm\u0131\u015ft\u0131 sol fikirlerle. Gencecik ya\u015f\u0131nda kendisini eylemlerin i\u00e7erisinde buluveren Deniz Gezmi\u015f\u2019in ilk tutuklanmas\u0131 31 A\u011fustos 1966 tarihinde Ankara\u2019dan \u0130stanbul\u2019a y\u00fcr\u00fcyen \u00c7orum Belediyesi temizlik i\u015f\u00e7ilerinin, Taksim An\u0131t\u0131\u2019na \u00e7elenk koymalar\u0131 s\u0131ras\u0131nda, T\u00fcrk-\u0130\u015f y\u00f6neticilerini protesto eden bir grupla beraber yapt\u0131\u011f\u0131 eylem sonucunda olacakt\u0131. 1966 Kas\u0131m\u0131nda girdi\u011fi \u0130stanbul \u00dcniversitesi Hukuk Fak\u00fcltesi\u2019nde dahil oldu\u011fu \u00e7ok say\u0131da eylemliliklerle ge\u00e7en \u00fcniversite y\u0131llar\u0131nda bir\u00e7ok kez g\u00f6zalt\u0131na al\u0131nan ve tutuklanan Gezmi\u015f\u2019in 1967 senesinde \u00f6\u011frenci \u00f6rg\u00fctlerinin d\u00fczenledi\u011fi K\u0131br\u0131s Mitingi s\u0131ras\u0131nda A\u015f\u0131k \u0130hsani ile birlikte ABD bayra\u011f\u0131n\u0131n yak\u0131lmas\u0131 nedeniyle ya\u015fad\u0131\u011f\u0131 bir g\u00f6zalt\u0131 da mevcuttur. Anti emperyalist tam ba\u011f\u0131ms\u0131z bir T\u00fcrkiye u\u011fruna yolda\u015flar\u0131 ile birlikte cesurca verdi\u011fi m\u00fccadeleye s\u0131\u011fd\u0131rd\u0131klar\u0131 say\u0131s\u0131z protestonun i\u00e7inde ku\u015fkusuz ki en \u00f6nemlilerinden biri de 6. Filo eylemleriydi. \u00dcniversite y\u0131llar\u0131nda Devrimci Hukuk\u00e7ular \u00d6rg\u00fct\u00fc\u2019n\u00fcn de kurucular\u0131ndan olan Gezmi\u015f\u2019in beraatla sonu\u00e7lanan yarg\u0131lanmalar\u0131 da oldu.<\/p>\n<p>68 Ku\u015fa\u011f\u0131\u2019n\u0131n ideolojik atmosferinde \u201cSosyalist Devrim\u201d, \u201cMilli Demokratik Devrim\u201d gibi politik tezlerden Milli Demokratik Devrim g\u00f6r\u00fc\u015f\u00fcn\u00fcn \u00f6\u011frenciler aras\u0131nda yay\u0131lmas\u0131na \u00e7ok b\u00fcy\u00fck bir etkisi olan Deniz, 1968 y\u0131l\u0131nda yap\u0131lan \u00f6\u011frenci eylemlerinde Cihan Alptekin, Mustafa L\u00fctfi K\u0131y\u0131c\u0131, Mustafa \u0130lker G\u00fcrkan, Cevat Erci\u015fli, Selahattin Okur, Saim Kurul ve Erim S\u00fcerkan ile birlikte Devrimci \u00d6\u011frenci Birli\u011fi\u2019ni kurar. Y\u00fcr\u00fctt\u00fckleri Milli Demokratik Devrim m\u00fccadelesi i\u00e7erisinde silahl\u0131 eylemlerde de bulunan Deniz Gezmi\u015f ve arkada\u015flar\u0131 ba\u015fta H\u00fcseyin \u0130nan, Sinan Cemgil, Yusuf Aslan, Alparslan \u00d6zdo\u011fan, Cihan Alptekin olmak \u00fczere di\u011fer gen\u00e7 sosyalistlerle birlikte 4 Mart 1971 tarihinde yay\u0131mlad\u0131klar\u0131 bir bildiri ile THKO\u2019yu kurduklar\u0131n\u0131 kamuoyuna a\u00e7\u0131klarlar. \u0130lk silahl\u0131 eylemini 29 Ocak 1970 tarihinde ger\u00e7ekle\u015ftirecek olan THKO; i\u00e7inde Yusuf Aslan, H\u00fcseyin \u0130nan ve Deniz Gezmi\u015f\u2019in de bulundu\u011fu idam karar\u0131n\u0131n iptali i\u00e7in \u00e7al\u0131\u015fmalar y\u00fcr\u00fctecektir. Silahl\u0131 faaliyetlerine bu d\u00f6nemde de devam edecek olan \u00f6rg\u00fct, Tu\u011fgeneral Ali Elverdi ba\u015fkanl\u0131\u011f\u0131ndaki S\u0131k\u0131y\u00f6netim Mahkemesi\u2019nin, 9 Ekim 1971 tarihinde verdi\u011fi idam karar\u0131 ve ard\u0131ndan 1972 y\u0131l\u0131n\u0131n 6 May\u0131s\u2019\u0131nda \u00fc\u00e7 fidan\u0131n idam edilmeleri neticesinde da\u011f\u0131lacakt\u0131r.<\/p>\n<p>Bug\u00fcn, \u00fc\u00e7 fidan\u0131n haklar\u0131nda verilen idam karar\u0131n\u0131n 48. y\u0131l\u0131nda T\u00fcrkiye\u2019deki genel siyasal tablonun hemen hemen hi\u00e7 de\u011fi\u015fmedi\u011fini s\u00f6yleyebiliriz. T\u00fcrkiye\u2019de idam cezas\u0131 kald\u0131r\u0131lm\u0131\u015f olsa da, Denizlerin idam\u0131na ortak olan zihniyetlerin miras\u00e7\u0131lar\u0131 hala daha iktidardad\u0131r; ve yarg\u0131s\u0131z infazlarla idam m\u00fcessesesini farkl\u0131 bi\u00e7imlerde s\u00fcrd\u00fcrmeye, her ge\u00e7en g\u00fcn idam cezas\u0131na geri d\u00f6n\u00fc\u015f\u00fcn yollar\u0131n\u0131 a\u00e7mak ad\u0131na ajitasyon yapmaya devam etmektedir. Kurulu d\u00fczenin hukuken, siyaseten ve ahlaken daha da geriye gitti\u011fi T\u00fcrkiye\u2019de, t\u00fcm bu olumsuzluklara kar\u015f\u0131 ilerici, ayd\u0131n ve devrimci halk kitleleri taraf\u0131ndan sahiplenilen simgenin ad\u0131d\u0131r Denizler; ve m\u00fccadeleleri bug\u00fcn\u00fcn devrimcilerine hala \u0131\u015f\u0131k tutmaya devam etmektedir.<\/p>\n<p>Aziz G\u00fcven<\/p>\n<p><i>Kaynak:<\/i><\/p>\n<p><i>Vikipedi.com<\/i><\/p>\n","protected":false},"excerpt":{"rendered":"<p>Argasdi dergimizin &#8220;Bellek&#8221; sayfas\u0131nda, 48 y\u0131l \u00f6nce bug\u00fcn\u00fc; Deniz Gezmi\u015f ve arkada\u015flar\u0131n\u0131n idam karar\u0131n\u0131n verildi\u011fi g\u00fcn olan 9 Ekim 1971&#8217;i ele ald\u0131k&#8230; 9 Ekim 1971&#8230;<\/p>\n","protected":false},"author":3,"featured_media":7126,"comment_status":"open","ping_status":"open","sticky":false,"template":"","format":"standard","meta":{"jetpack_post_was_ever_published":false,"_jetpack_newsletter_access":"","_jetpack_newsletter_tier_id":0,"jetpack_publicize_message":"","jetpack_is_tweetstorm":false,"jetpack_publicize_feature_enabled":true,"jetpack_social_post_already_shared":true,"jetpack_social_options":{"image_generator_settings":{"template":"highway","enabled":false}}},"categories":[40,67,38,9,42,1,39],"tags":[],"jetpack_publicize_connections":[],"jetpack_featured_media_url":"https:\/\/baraka.cc\/wp-content\/uploads\/2019\/10\/70678399_2246523222304871_6526809977208700928_n.jpg","jetpack_shortlink":"https:\/\/wp.me\/p4eHWX-1QV","jetpack_sharing_enabled":true,"_links":{"self":[{"href":"https:\/\/baraka.cc\/index.php?rest_route=\/wp\/v2\/posts\/7125"}],"collection":[{"href":"https:\/\/baraka.cc\/index.php?rest_route=\/wp\/v2\/posts"}],"about":[{"href":"https:\/\/baraka.cc\/index.php?rest_route=\/wp\/v2\/types\/post"}],"author":[{"embeddable":true,"href":"https:\/\/baraka.cc\/index.php?rest_route=\/wp\/v2\/users\/3"}],"replies":[{"embeddable":true,"href":"https:\/\/baraka.cc\/index.php?rest_route=%2Fwp%2Fv2%2Fcomments&post=7125"}],"version-history":[{"count":1,"href":"https:\/\/baraka.cc\/index.php?rest_route=\/wp\/v2\/posts\/7125\/revisions"}],"predecessor-version":[{"id":7127,"href":"https:\/\/baraka.cc\/index.php?rest_route=\/wp\/v2\/posts\/7125\/revisions\/7127"}],"wp:featuredmedia":[{"embeddable":true,"href":"https:\/\/baraka.cc\/index.php?rest_route=\/wp\/v2\/media\/7126"}],"wp:attachment":[{"href":"https:\/\/baraka.cc\/index.php?rest_route=%2Fwp%2Fv2%2Fmedia&parent=7125"}],"wp:term":[{"taxonomy":"category","embeddable":true,"href":"https:\/\/baraka.cc\/index.php?rest_route=%2Fwp%2Fv2%2Fcategories&post=7125"},{"taxonomy":"post_tag","embeddable":true,"href":"https:\/\/baraka.cc\/index.php?rest_route=%2Fwp%2Fv2%2Ftags&post=7125"}],"curies":[{"name":"wp","href":"https:\/\/api.w.org\/{rel}","templated":true}]}}