{"id":7129,"date":"2019-10-11T09:14:33","date_gmt":"2019-10-11T07:14:33","guid":{"rendered":"https:\/\/baraka.cc\/?p=7129"},"modified":"2019-10-11T09:17:42","modified_gmt":"2019-10-11T07:17:42","slug":"baraka-anti-kapitalizm-degerini-cuma-toplantilarinda-tartisarak-guncelledi","status":"publish","type":"post","link":"https:\/\/baraka.cc\/?p=7129","title":{"rendered":"Baraka, \u2018Anti-kapitalizm\u2019 De\u011ferini, Cuma Toplant\u0131lar\u0131nda Tart\u0131\u015farak G\u00fcncelledi"},"content":{"rendered":"<p>Baraka K\u00fclt\u00fcr Merkezi, yakla\u015f\u0131k 10 y\u0131l \u00f6nce belirledi\u011fi ve kitapla\u015ft\u0131rd\u0131\u011f\u0131 de\u011ferlerini yeniden tart\u0131\u015fmaya ve geli\u015ftirmeye devam ediyor. Baraka\u2019da son olarak \u2018Anti-kapitalizm\u2019 de\u011feri, \u2018Cuma Toplant\u0131lar\u0131\u2019nda yap\u0131lan tart\u0131\u015fmalar do\u011frultusunda g\u00fcncellendi.<\/p>\n<p>S\u00fcre\u00e7, Baraka\u2019n\u0131n t\u00fcm de\u011ferlerin yeniden ele al\u0131nmas\u0131 ve tart\u0131\u015f\u0131lmas\u0131yla devam edecek. Baraka\u2019n\u0131n de\u011ferleri, Baraka K\u00fclt\u00fcr Merkezi\u2019nin her Cuma saat 19.00\u2019da, K\u0131z\u0131lba\u015f\u2019taki Baraka lokalinde ger\u00e7ekle\u015ftirdi\u011fi ve herkese a\u00e7\u0131k olan \u2018Cuma Toplant\u0131lar\u0131\u2019nda tart\u0131\u015f\u0131l\u0131yor.<\/p>\n<p>Anti-kapitalizm de\u011ferinin son hali ise \u015f\u00f6yle:<\/p>\n<p>Baraka anti kapitalisttir. Kapitalist emperyalizm, \u00e7a\u011f\u0131m\u0131zda sadece insanl\u0131\u011f\u0131n de\u011fil bir b\u00fct\u00fcn olarak eko-sistemin kar\u015f\u0131 kar\u015f\u0131ya oldu\u011fu temel belad\u0131r. K\u00fclt\u00fcrel \u00e7e\u015fitlili\u011fin ve insanl\u0131\u011f\u0131n entelekt\u00fcel miras\u0131n\u0131n kapitalizmin tehdidi ile kar\u015f\u0131 kar\u015f\u0131ya oldu\u011funun fark\u0131nda olan Baraka, kapitalizme kar\u015f\u0131 m\u00fccadeleyi s\u0131n\u0131fsal zeminde kurgular ve kendisini do\u011frudan kapitalizmin kar\u015f\u0131s\u0131nda konumland\u0131r\u0131r.<\/p>\n<p>Kapitalist sistem i\u00e7erisinde t\u00fcm \u00fcretim ili\u015fkilerinin ve toplumsal ya\u015fam\u0131n \u00f6rg\u00fctleni\u015fi kar d\u00f6ng\u00fcs\u00fc-sermaye birikimi \u00fczerinde \u015fekillenmektedir. Kapitalizmin \u00f6z\u00fcnde bulunan daha fazla kar elde etme mekanizmas\u0131, insanl\u0131\u011f\u0131n toplumsal ihtiya\u00e7lar\u0131n\u0131 hi\u00e7e sayarak, k\u00fclt\u00fcrel de\u011ferleri ve ekolojik dengeyi yok etmek pahas\u0131na \u00e7al\u0131\u015f\u0131r. Sermaye i\u00e7in tek bir anlam vard\u0131r, o da t\u00fcm anlamlar\u0131 anlams\u0131zla\u015ft\u0131ran kard\u0131r.<\/p>\n<p>Kapitalizm bir yandan s\u00fcrekli krizlere girerken, \u00f6te taraftan bu krizlerden ka\u00e7\u0131nmak veya krizden \u00e7\u0131kmak i\u00e7in \u201cola\u011fan\u00fcst\u00fc haller\u201d yarat\u0131r. \u00d6yle ki kapitalizmin kendisi tam da bu \u201cola\u011fan\u00fcst\u00fc halin\u201d kural haline d\u00f6n\u00fc\u015fmesidir. Kriz halinde iken \u00e7\u0131plak bir \u201cola\u011fan \u00fcst\u00fc hal\u201d, de\u011filken \u00fcst\u00fc kapal\u0131 bir \u201cola\u011fan\u00fcst\u00fc hal\u201d! \u0130\u015f\u00e7i s\u0131n\u0131f\u0131 ve emek\u00e7i halk kesimlerinin ac\u0131mas\u0131z bir s\u00f6m\u00fcr\u00fcye tabi tutulabilmek i\u00e7in; cinsel y\u00f6nelim, az\u0131nl\u0131k kimli\u011fi, g\u00f6\u00e7menlik\u00a0 ve yerlilik temelinde yaln\u0131zla\u015ft\u0131r\u0131lmas\u0131; toplumsal ya\u015fam\u0131n t\u00fcm bu kesimlerin birbirinden korkacak \u015fekilde organize edilerek kontrol edilmesi; gezegen \u00fczerinde yay\u0131lmac\u0131l\u0131k, sava\u015f ve ekolojik talan!<\/p>\n<p>\u00d6te yandan kapitalizm, kendisini tek se\u00e7enek olarak dayat\u0131r. Rekabet, bencillik ve k\u0131skan\u00e7l\u0131k gibi tasar\u0131mlar\u0131 insan do\u011fas\u0131 ve de\u011fi\u015fmez bir unsuru olarak sunan kapitalizm, bunun sonucunda dayan\u0131\u015fmayan, bireysel kurtulu\u015f\u00e7u ve t\u00fcketimci tek boyutlu bir insan profilinin evrensel insan do\u011fas\u0131 oldu\u011fu iddias\u0131n\u0131 ortaya koyar.<\/p>\n<p>Kapitalist sistemin devam\u0131 i\u00e7in egemenlerin kulland\u0131\u011f\u0131 d\u00fc\u015f\u00fcnsel hegemonya ara\u00e7lar\u0131n\u0131n ba\u015f\u0131nda \u2018iyi y\u00fczl\u00fc kapitalizm\u2019 veya \u2018ye\u015fil kapitalizm\u2019 gibi tasar\u0131mlar gelir. \u00d6zellikle sivil toplumcu anlay\u0131\u015f\u0131n \u00fcr\u00fcn\u00fc olan bu yakla\u015f\u0131mlar\u0131 savunanlar sadece sistem i\u00e7i reformlara gidilmesini yeterli g\u00f6r\u00fcrler. E\u015fitsizliklerin ve adaletsizliklerin kayna\u011f\u0131n\u0131 sorgulamaktan uzak olan bu anlay\u0131\u015flar bizzat kapitalizm taraf\u0131ndan \u00fcretilen fikirler olup \u201ciyi y\u00fczl\u00fc barbarl\u0131k\u201d veya \u201cye\u015fil barbarl\u0131k\u201d diye de okunabilir.<\/p>\n<p>Baraka, kapitalist sistem i\u00e7erisinde kapitalizme ve onun ili\u015fki bi\u00e7imlerine kar\u015f\u0131 \u00f6rg\u00fctlenen bir kurumdur. Bundan dolay\u0131 kendisini \u201ckurtar\u0131lm\u0131\u015f alan\u201d olarak tan\u0131mlay\u0131p kapitalist ili\u015fki bi\u00e7imlerinden etkilenmedi\u011fini iddia etmez. Fakat sadece b\u00fcy\u00fck m\u00fccadeleler i\u00e7erisinde de\u011fil hayat\u0131n her alan\u0131nda ve en k\u00fc\u00e7\u00fck biriminde dahi -rekabete kar\u015f\u0131 dayan\u0131\u015fmay\u0131 vb. savunarak- kapitalist ili\u015fki bi\u00e7imlerine ve dayatmalara kar\u015f\u0131 m\u00fccadele eder. Bu anlamda \u201cyar\u0131n\u0131 bug\u00fcnden kural\u0131m\u201d \u015fiar\u0131, Baraka\u2019n\u0131n varolu\u015funun karakterize oldu\u011fu zeminin yap\u0131 ta\u015flar\u0131ndand\u0131r.<\/p>\n<p>Baraka kapitalizmin dayatt\u0131\u011f\u0131 bi\u00e7imiyle sabit ve de\u011fi\u015fmez bir insan do\u011fas\u0131n\u0131n kabul edilemez oldu\u011funu savunur. \u0130nsan do\u011fas\u0131 var oldu\u011fu toplumsal yap\u0131dan etkilenmeden olu\u015fmaz. Kapitalizmin dayatt\u0131\u011f\u0131 bi\u00e7imi ile insan; rekabetten, bireyselcilikten ve egoizmden etkilenmi\u015ftir. Fakat bu insan\u0131n do\u011fas\u0131 de\u011fildir. Bu ba\u011flamda Baraka kolektif kurtulu\u015f ile bireysel \u00f6zg\u00fcrl\u00fc\u011f\u00fc bir birinden ba\u011f\u0131ms\u0131z olarak d\u00fc\u015f\u00fcnmez. Bu \u00f6zg\u00fcrle\u015fme de ancak i\u00e7erisinde dayan\u0131\u015fma, e\u015fitlik, bir arada ya\u015fam, enternasyonalizm, adalet ve \u00f6zy\u00f6netimcilik ilkelerinin bulunaca\u011f\u0131 bir anti kapitalist \u00a0m\u00fccadele s\u00fcrecinin i\u00e7erisinde geli\u015fip yay\u0131labilecektir.<\/p>\n<p>Baraka ekoloji, gen\u00e7lik, kad\u0131n \u00f6zg\u00fcrle\u015fmesi ve LGBT+ gibi toplumsal hareketlerin ba\u011f\u0131ms\u0131zl\u0131klar\u0131ndan \u00f6d\u00fcn vermeksizin anti kapitalist zeminlerde birlikteli\u011fini savunur. Sistem i\u00e7i iyile\u015ftirmeleri reddetmemekle birlikte, aslolan\u0131n sistemi reformlarla d\u00f6n\u00fc\u015ft\u00fcrmek de\u011fil, tamamen ortadan kald\u0131rmak \u00a0ve\u00a0 yerine \u201cbirimizin \u00f6zg\u00fcrce geli\u015fmesinin hepimizin \u00f6zg\u00fcrce geli\u015fmesinin ko\u015fulu oldu\u011fu\u201d sosyalist bir sistem\u00a0 kurmak oldu\u011funu savunur.<\/p>\n","protected":false},"excerpt":{"rendered":"<p>Baraka K\u00fclt\u00fcr Merkezi, yakla\u015f\u0131k 10 y\u0131l \u00f6nce belirledi\u011fi ve kitapla\u015ft\u0131rd\u0131\u011f\u0131 de\u011ferlerini yeniden tart\u0131\u015fmaya ve geli\u015ftirmeye devam ediyor. Baraka\u2019da son olarak \u2018Anti-kapitalizm\u2019 de\u011feri, \u2018Cuma Toplant\u0131lar\u0131\u2019nda yap\u0131lan<\/p>\n","protected":false},"author":12,"featured_media":7130,"comment_status":"open","ping_status":"open","sticky":false,"template":"","format":"standard","meta":{"jetpack_post_was_ever_published":false,"_jetpack_newsletter_access":"","_jetpack_newsletter_tier_id":0,"jetpack_publicize_message":"Baraka, \u2018Anti-kapitalizm\u2019 De\u011ferini, Cuma Toplant\u0131lar\u0131nda Tart\u0131\u015farak G\u00fcncelledi","jetpack_is_tweetstorm":false,"jetpack_publicize_feature_enabled":true,"jetpack_social_post_already_shared":true,"jetpack_social_options":{"image_generator_settings":{"template":"highway","enabled":false}}},"categories":[9],"tags":[],"jetpack_publicize_connections":[],"jetpack_featured_media_url":"https:\/\/baraka.cc\/wp-content\/uploads\/2019\/10\/baraka-hemen-s\u0327imdi.jpg","jetpack_shortlink":"https:\/\/wp.me\/p4eHWX-1QZ","jetpack_sharing_enabled":true,"_links":{"self":[{"href":"https:\/\/baraka.cc\/index.php?rest_route=\/wp\/v2\/posts\/7129"}],"collection":[{"href":"https:\/\/baraka.cc\/index.php?rest_route=\/wp\/v2\/posts"}],"about":[{"href":"https:\/\/baraka.cc\/index.php?rest_route=\/wp\/v2\/types\/post"}],"author":[{"embeddable":true,"href":"https:\/\/baraka.cc\/index.php?rest_route=\/wp\/v2\/users\/12"}],"replies":[{"embeddable":true,"href":"https:\/\/baraka.cc\/index.php?rest_route=%2Fwp%2Fv2%2Fcomments&post=7129"}],"version-history":[{"count":2,"href":"https:\/\/baraka.cc\/index.php?rest_route=\/wp\/v2\/posts\/7129\/revisions"}],"predecessor-version":[{"id":7132,"href":"https:\/\/baraka.cc\/index.php?rest_route=\/wp\/v2\/posts\/7129\/revisions\/7132"}],"wp:featuredmedia":[{"embeddable":true,"href":"https:\/\/baraka.cc\/index.php?rest_route=\/wp\/v2\/media\/7130"}],"wp:attachment":[{"href":"https:\/\/baraka.cc\/index.php?rest_route=%2Fwp%2Fv2%2Fmedia&parent=7129"}],"wp:term":[{"taxonomy":"category","embeddable":true,"href":"https:\/\/baraka.cc\/index.php?rest_route=%2Fwp%2Fv2%2Fcategories&post=7129"},{"taxonomy":"post_tag","embeddable":true,"href":"https:\/\/baraka.cc\/index.php?rest_route=%2Fwp%2Fv2%2Ftags&post=7129"}],"curies":[{"name":"wp","href":"https:\/\/api.w.org\/{rel}","templated":true}]}}