{"id":713,"date":"2012-10-24T13:04:47","date_gmt":"2012-10-24T10:04:47","guid":{"rendered":"https:\/\/baraka.cc\/?p=713"},"modified":"2014-01-02T13:05:25","modified_gmt":"2014-01-02T10:05:25","slug":"petrol-dolum-tesisine-hayir","status":"publish","type":"post","link":"https:\/\/baraka.cc\/?p=713","title":{"rendered":"PETROL DOLUM TES\u0130S\u0130NE HAYIR!"},"content":{"rendered":"<p><strong><span style=\"font-size: 11pt; line-height: 200%; font-family: Verdana;\">PETROL DOLUM TES\u0130S\u0130NE HAYIR!<\/span><\/strong><\/p>\n<p>&nbsp;<\/p>\n<p class=\"MsoNormal\" style=\"text-align: justify; line-height: 200%;\"><span style=\"font-size: 10pt; line-height: 200%; font-family: Verdana;\"><img decoding=\"async\" loading=\"lazy\" alt=\" \" src=\"https:\/\/www.baraka.cc\/images\/stories\/14ekim2012_petrolehayir.jpg\" width=\"200\" height=\"94\" align=\"left\" border=\"2\" \/>\u0130skele Bal\u0131k\u00e7\u0131 Bar\u0131na\u011f\u0131\u2019nda\u00a0\u00a0 \u201cDo\u011fa \u0130\u00e7in \u00c7al S\u00f6yle, \u00dclkene Kara Leke S\u00fcrd\u00fcrme\u201d slogan\u0131yla d\u00fczenlenen eyleme \u00e7e\u015fitli \u00f6rg\u00fctler kat\u0131larak destek verdi. Ayr\u0131ca eylem yerinde dolum tesisine kar\u015f\u0131 imza kampanyas\u0131 da a\u00e7\u0131ld\u0131. Baraka K\u00fclt\u00fcr Merkezi, m\u00fczik grubu Sol Anahtar\u0131 ve Tiyatro ekibi ile eyleme katk\u0131da bulundu.\u00a0 Ayr\u0131ca eylemde Otello Folklor\u00a0 Ekibi de g\u00f6steri sunarken, Grup S\u0131k\u0131 F\u0131k\u0131, Serkan Soyalan, Kuzey Tar\u0131k, Arda G\u00fcnd\u00fcz, Osman ve Petek Cankoy, Y\u0131ltan Ta\u015fc\u0131, Kubilay, Mehmet ve Hasan Uluel ile Fad\u0131l Ba\u015fkal konser verdi.<\/span><\/p>\n","protected":false},"excerpt":{"rendered":"<p>PETROL DOLUM TES\u0130S\u0130NE HAYIR! &nbsp; \u0130skele Bal\u0131k\u00e7\u0131 Bar\u0131na\u011f\u0131\u2019nda\u00a0\u00a0 \u201cDo\u011fa \u0130\u00e7in \u00c7al S\u00f6yle, \u00dclkene Kara Leke S\u00fcrd\u00fcrme\u201d slogan\u0131yla d\u00fczenlenen eyleme \u00e7e\u015fitli \u00f6rg\u00fctler kat\u0131larak destek verdi. Ayr\u0131ca<\/p>\n","protected":false},"author":1,"featured_media":0,"comment_status":"open","ping_status":"open","sticky":false,"template":"","format":"standard","meta":{"jetpack_post_was_ever_published":false,"_jetpack_newsletter_access":"","_jetpack_newsletter_tier_id":0,"jetpack_publicize_message":"","jetpack_is_tweetstorm":false,"jetpack_publicize_feature_enabled":true,"jetpack_social_post_already_shared":false,"jetpack_social_options":{"image_generator_settings":{"template":"highway","enabled":false}}},"categories":[66],"tags":[],"jetpack_publicize_connections":[],"jetpack_featured_media_url":"","jetpack_shortlink":"https:\/\/wp.me\/p4eHWX-bv","jetpack_sharing_enabled":true,"_links":{"self":[{"href":"https:\/\/baraka.cc\/index.php?rest_route=\/wp\/v2\/posts\/713"}],"collection":[{"href":"https:\/\/baraka.cc\/index.php?rest_route=\/wp\/v2\/posts"}],"about":[{"href":"https:\/\/baraka.cc\/index.php?rest_route=\/wp\/v2\/types\/post"}],"author":[{"embeddable":true,"href":"https:\/\/baraka.cc\/index.php?rest_route=\/wp\/v2\/users\/1"}],"replies":[{"embeddable":true,"href":"https:\/\/baraka.cc\/index.php?rest_route=%2Fwp%2Fv2%2Fcomments&post=713"}],"version-history":[{"count":1,"href":"https:\/\/baraka.cc\/index.php?rest_route=\/wp\/v2\/posts\/713\/revisions"}],"predecessor-version":[{"id":714,"href":"https:\/\/baraka.cc\/index.php?rest_route=\/wp\/v2\/posts\/713\/revisions\/714"}],"wp:attachment":[{"href":"https:\/\/baraka.cc\/index.php?rest_route=%2Fwp%2Fv2%2Fmedia&parent=713"}],"wp:term":[{"taxonomy":"category","embeddable":true,"href":"https:\/\/baraka.cc\/index.php?rest_route=%2Fwp%2Fv2%2Fcategories&post=713"},{"taxonomy":"post_tag","embeddable":true,"href":"https:\/\/baraka.cc\/index.php?rest_route=%2Fwp%2Fv2%2Ftags&post=713"}],"curies":[{"name":"wp","href":"https:\/\/api.w.org\/{rel}","templated":true}]}}