{"id":7216,"date":"2019-11-24T11:27:49","date_gmt":"2019-11-24T09:27:49","guid":{"rendered":"https:\/\/baraka.cc\/?p=7216"},"modified":"2019-11-24T11:27:49","modified_gmt":"2019-11-24T09:27:49","slug":"siradan-insanlarin-oykuleri-devran-ali-sahin","status":"publish","type":"post","link":"https:\/\/baraka.cc\/?p=7216","title":{"rendered":"\u201cS\u0131radan\u201d \u0130nsanlar\u0131n \u00d6yk\u00fcleri: Devran &#8211; Ali \u015eahin"},"content":{"rendered":"<p style=\"text-align: center;\"><em><strong>Argasdi 56. say\u0131m\u0131zdan bir kitap de\u011ferlendirmesi&#8230;<\/strong><\/em><\/p>\n<p><a href=\"https:\/\/baraka.cc\/wp-content\/uploads\/2019\/11\/devran.jpg\"><img decoding=\"async\" loading=\"lazy\" class=\"alignnone size-medium wp-image-7217 aligncenter\" alt=\"devran\" src=\"https:\/\/baraka.cc\/wp-content\/uploads\/2019\/11\/devran-200x300.jpg\" width=\"200\" height=\"300\" srcset=\"https:\/\/baraka.cc\/wp-content\/uploads\/2019\/11\/devran-200x300.jpg 200w, https:\/\/baraka.cc\/wp-content\/uploads\/2019\/11\/devran.jpg 320w\" sizes=\"(max-width: 200px) 100vw, 200px\" \/><\/a><\/p>\n<p>&nbsp;<\/p>\n<p>\u00dcnl\u00fc foto\u011fraf\u00e7\u0131 Ara G\u00fcler ya\u015fam ile ilgili \u015f\u00f6yle demi\u015fti; \u201cHayat dedi\u011fin k\u00fc\u00e7\u00fck adamlar\u0131n hikayesidir. \u0130ngiltere Krali\u00e7esi\u2019nin ya\u015fam\u0131 bir boka yaramaz.\u201d \u0130\u015fte, Selahattin Demirta\u015f\u2019\u0131n \u201cSeher\u201d ile birlikte hapishanede yay\u0131mlad\u0131\u011f\u0131 ikinci \u00f6yk\u00fc kitab\u0131 olan \u201cDevran\u201d, tam da Ara G\u00fcler\u2019in bahsetti\u011fi bu k\u00fc\u00e7\u00fck, yani s\u0131radan insanlar\u0131 anlat\u0131yor.<\/p>\n<p>\u0130lk kitab\u0131nda da benzer insanlar\u0131 kaleme alan Demirta\u015f, ac\u0131 ve mutluluklar\u0131, yoksulluklar\u0131, vurdumduymazl\u0131klar\u0131, kendi aralar\u0131ndaki dayan\u0131\u015fmay\u0131, iyi ve k\u00f6t\u00fc yanlar\u0131, gurur duyulacak ve utan\u0131lacak davran\u0131\u015flar\u0131, korkakl\u0131k ve c\u00fcretkarl\u0131klar\u0131, sevgi ve a\u015fklar\u0131 ile s\u0131radan insan\u0131, bir ba\u015fka deyi\u015fle; mevcut \u015fartlar\u0131n yaratt\u0131\u011f\u0131 ba\u015fka bir co\u011frafyadaki bizi anlat\u0131yor.<\/p>\n<p>Kimi zaman sizi kahkahalarla g\u00fcld\u00fcren, kimi zaman ise a\u011flatan ve b\u00f6ylece bir duygu karma\u015fas\u0131na sokan Devran, her ne kadar kurgu da olsa, ger\u00e7ek olay ve ki\u015filerden esinlenerek yaz\u0131ld\u0131\u011f\u0131 \u00e7ok belli olan \u00f6yk\u00fcleriyle, s\u0131radan insanlar\u0131n neler ya\u015fay\u0131p ne kadar b\u00fcy\u00fck ac\u0131lara da g\u00f6\u011f\u00fcs g\u00f6rebilece\u011fini g\u00f6steren bir kitap. \u00c7\u00fcnk\u00fc \u00f6yk\u00fclerde anlat\u0131lan olay ve ki\u015fileri hi\u00e7 duymam\u0131\u015f olsak da ger\u00e7ek olduklar\u0131n\u0131 anlayabiliyor veya hissedebiliyoruz. Atanamam\u0131\u015f bir \u00f6\u011fretmenin ge\u00e7ici olarak servis \u015fof\u00f6rl\u00fc\u011f\u00fc yapt\u0131\u011f\u0131 fabrikada, \u201colaylara kar\u0131\u015f\u0131rsam atamam hi\u00e7 ger\u00e7ekle\u015fmez\u201d korkusuyla, sendikala\u015fmaya \u00e7al\u0131\u015fan kendi gibi i\u015f\u00e7ilere destek olmamas\u0131 ve bunun utanc\u0131n\u0131 ya\u015famas\u0131, meslek ve mekan farkl\u0131 olsa da tan\u0131d\u0131k bir hikaye de\u011fil mi? Hangimiz \u201cba\u015f\u0131n\u0131 belaya sokacak siyasi g\u00f6r\u00fc\u015flere veya i\u015flere kar\u0131\u015fma!\u201d uyar\u0131s\u0131n\u0131 duymaz ya da akl\u0131m\u0131zdan ge\u00e7irmeyiz ki? \u201cDirenmek G\u00fczeldir\u201d bu korkuyu ya\u015fayan seni ve beni anlat\u0131r. Bir ba\u015fka \u00f6yk\u00fcde ise tam tersini\u2026 \u0130lgin\u00e7 bir tan\u0131\u015fmayla da olsa ho\u015fland\u0131\u011f\u0131 biri u\u011fruna hi\u00e7 de ilgilenmedi\u011fi bir fikre yak\u0131nla\u015fan birini en az\u0131ndan duymu\u015fuzdur. Meslek olarak h\u0131rs\u0131zl\u0131\u011f\u0131 denemeye karar veren bir acemi kapka\u00e7\u00e7\u0131yla, onu g\u00fczelli\u011fi ve anlay\u0131\u015f\u0131yla etkileyen bir devrimci kad\u0131n\u0131 okursunuz bu kitapta. Onlarla birlikte devrimcilerin yoksullara nas\u0131l yakla\u015ft\u0131\u011f\u0131n\u0131n bir \u00f6rne\u011fini de g\u00f6r\u00fcr\u00fcz. Sendika, devrimcilik falan dedik ama hep de do\u011frudan bir siyasi taraf\u0131 var sanmay\u0131n \u00f6yk\u00fclerin. Marifet hayat\u0131n \u00e7eli\u015fkilerini yal\u0131n bir bi\u00e7imde g\u00f6sterebilmekte ya, Demirta\u015f bunu \u00e7ok iyi yap\u0131yor i\u015fte. \u00dcniversite arkada\u015f\u0131n\u0131n d\u00fc\u011f\u00fcn\u00fcnde takaca\u011f\u0131 tak\u0131n\u0131n k\u00fc\u00e7\u00fckl\u00fc\u011f\u00fcnden utanan ve tebri\u011fi bo\u015f ge\u00e7en eski bir dostun trajikomik maceras\u0131n\u0131 anlatan \u201cSultan Re\u015fat\u2019\u0131n Torunu\u201d da ister istemez tan\u0131d\u0131k ve tamam\u0131yla s\u0131n\u0131fsal bir \u00f6yk\u00fcd\u00fcr. A\u015f\u0131k oldu\u011fu mesai arkada\u015f\u0131n\u0131, m\u00fcd\u00fcr\u00fcn\u00fcn ve \u015f\u0131mar\u0131k m\u00fc\u015fterilerin a\u015fa\u011f\u0131lamas\u0131na dayanamayan k\u00fcf\u00fcrbaz ve\u00a0\u201charbi k\u0131z\u201d Zeynep\u2019in isyan\u0131n\u0131 ve Serhat ile olan a\u015fk\u0131n\u0131 anlatan \u201cAVM\u201d ise bu tarz da bir ba\u015fka \u00f6yk\u00fc. Bu \u00f6yk\u00fcde de dudaklar\u0131n\u0131z ve g\u00f6zleriniz\u00a0 g\u00fclmekle a\u011flaman\u0131n kom\u015fu sokaklar\u0131nda gidip gelirler. Yukar\u0131da da vurgulad\u0131\u011f\u0131m\u0131z gibi; Devran insana dair duygu olarak ne varsa okuyucusunda uyand\u0131rabilen bir kitap. En \u00f6nemlisi insan i\u00e7in belki de en \u00f6nemli olan umudu b\u00fcy\u00fcten bir kitap.<\/p>\n<p>Ne kadar do\u011fru bir benzetme olur bilmiyorum ama ben Selahattin Demirta\u015f\u2019\u0131n \u00f6yk\u00fclerinde Sabahattin Ali\u2019nin \u00f6yk\u00fclerinde ald\u0131\u011f\u0131m tad\u0131 buluyorum. T\u00fcrkiye Cumhuriyeti\u2019nin iki farkl\u0131 d\u00f6nemlerini yazsalar da, yoksullar\u0131, ezilmi\u015fleri yani bir anlam\u0131yla Anadolu insan\u0131n\u0131 \u00e7ok iyi anlat\u0131yorlar. San\u0131r\u0131m edebiyat\u0131 nas\u0131l bir mant\u0131kla ele ald\u0131klar\u0131 ve ne anlatmak istedikleri ikisini birbirlerine yak\u0131nla\u015ft\u0131r\u0131yor.<\/p>\n<p>\u00c7evremizde g\u00f6rd\u00fc\u011f\u00fcm\u00fcz s\u0131radan insanlara bir ba\u015fka g\u00f6zle bakabilmemizi sa\u011flayan Devran, hem kendi s\u0131radanl\u0131\u011f\u0131m\u0131z\u0131 fark edebilme hem de bu s\u0131radanl\u0131kta bir \u015feyleri de\u011fi\u015ftirebilme g\u00fcc\u00fc veren \u00f6yk\u00fcleri bizlere sunuyor.<\/p>\n<p>Ali \u015eahin<\/p>\n<p>aysimyolu@hotmail.com<\/p>\n","protected":false},"excerpt":{"rendered":"<p>Argasdi 56. say\u0131m\u0131zdan bir kitap de\u011ferlendirmesi&#8230; &nbsp; \u00dcnl\u00fc foto\u011fraf\u00e7\u0131 Ara G\u00fcler ya\u015fam ile ilgili \u015f\u00f6yle demi\u015fti; \u201cHayat dedi\u011fin k\u00fc\u00e7\u00fck adamlar\u0131n hikayesidir. \u0130ngiltere Krali\u00e7esi\u2019nin ya\u015fam\u0131 bir<\/p>\n","protected":false},"author":3,"featured_media":7217,"comment_status":"open","ping_status":"open","sticky":false,"template":"","format":"standard","meta":{"jetpack_post_was_ever_published":false,"_jetpack_newsletter_access":"","_jetpack_newsletter_tier_id":0,"jetpack_publicize_message":"","jetpack_is_tweetstorm":false,"jetpack_publicize_feature_enabled":true,"jetpack_social_post_already_shared":true,"jetpack_social_options":{"image_generator_settings":{"template":"highway","enabled":false}}},"categories":[40,67,38,9,42,1,39],"tags":[],"jetpack_publicize_connections":[],"jetpack_featured_media_url":"https:\/\/baraka.cc\/wp-content\/uploads\/2019\/11\/devran.jpg","jetpack_shortlink":"https:\/\/wp.me\/p4eHWX-1So","jetpack_sharing_enabled":true,"_links":{"self":[{"href":"https:\/\/baraka.cc\/index.php?rest_route=\/wp\/v2\/posts\/7216"}],"collection":[{"href":"https:\/\/baraka.cc\/index.php?rest_route=\/wp\/v2\/posts"}],"about":[{"href":"https:\/\/baraka.cc\/index.php?rest_route=\/wp\/v2\/types\/post"}],"author":[{"embeddable":true,"href":"https:\/\/baraka.cc\/index.php?rest_route=\/wp\/v2\/users\/3"}],"replies":[{"embeddable":true,"href":"https:\/\/baraka.cc\/index.php?rest_route=%2Fwp%2Fv2%2Fcomments&post=7216"}],"version-history":[{"count":1,"href":"https:\/\/baraka.cc\/index.php?rest_route=\/wp\/v2\/posts\/7216\/revisions"}],"predecessor-version":[{"id":7218,"href":"https:\/\/baraka.cc\/index.php?rest_route=\/wp\/v2\/posts\/7216\/revisions\/7218"}],"wp:featuredmedia":[{"embeddable":true,"href":"https:\/\/baraka.cc\/index.php?rest_route=\/wp\/v2\/media\/7217"}],"wp:attachment":[{"href":"https:\/\/baraka.cc\/index.php?rest_route=%2Fwp%2Fv2%2Fmedia&parent=7216"}],"wp:term":[{"taxonomy":"category","embeddable":true,"href":"https:\/\/baraka.cc\/index.php?rest_route=%2Fwp%2Fv2%2Fcategories&post=7216"},{"taxonomy":"post_tag","embeddable":true,"href":"https:\/\/baraka.cc\/index.php?rest_route=%2Fwp%2Fv2%2Ftags&post=7216"}],"curies":[{"name":"wp","href":"https:\/\/api.w.org\/{rel}","templated":true}]}}