{"id":7231,"date":"2019-11-26T13:01:00","date_gmt":"2019-11-26T11:01:00","guid":{"rendered":"https:\/\/baraka.cc\/?p=7231"},"modified":"2019-11-26T13:01:00","modified_gmt":"2019-11-26T11:01:00","slug":"izle-tartista-yesil-rehber-filmi-izlenilecek","status":"publish","type":"post","link":"https:\/\/baraka.cc\/?p=7231","title":{"rendered":"\u0130zle Tart\u0131\u015f\u2019ta Ye\u015fil Rehber Filmi \u0130zlenilecek"},"content":{"rendered":"<p>Baraka\u2019n\u0131n 15 y\u0131ldan fazla s\u00fcredir kesintisiz devam eden \u00fccretsiz sinema etkinli\u011fi \u201cSun-\u0130zle-Tart\u0131\u015f\u201d, aral\u0131k ay\u0131nda da devam ediyor.<b><\/b><\/p>\n<p>Kas\u0131m ay\u0131nda izlenen Der Verdingbub filmiyle, Avrupa\u2019n\u0131n ortas\u0131nda yoksulluk seviyelerinde hayata tutunmaya \u00e7al\u0131\u015fan insanlar\u0131, ailelerin \u00e7ocuklar\u0131ndan kopar\u0131l\u0131\u015f bi\u00e7imini ve o y\u0131llarda \u00e7ocuk i\u015f\u00e7ili\u011finin ne kadar yayg\u0131n oldu\u011funu anlatan etkileyici bir dram filmi seyretmi\u015ftik.<\/p>\n<p>Filmin ard\u0131ndan ge\u00e7ilen tart\u0131\u015fma b\u00f6l\u00fcm\u00fcnde, k\u00fc\u00e7\u00fck bir kasabaya hapsolan, en a\u011f\u0131r i\u015flerde g\u00f6revlendirilerek kar\u0131n toklu\u011funa \u00e7al\u0131\u015fmak zorunda kalan bir \u00e7ocu\u011fun ayakta kalma m\u00fccadelesi anlat\u0131lsa da \u00e7ocuk i\u015f\u00e7ili\u011finin 1800\u2019l\u00fc y\u0131llar\u0131n Avrupa\u2019s\u0131nda \u00e7ok yayg\u0131n oldu\u011fu ve verilen \u00f6nemli m\u00fccadelelerin ard\u0131ndan bu sorunun \u00fcstesinden gelindi\u011fine de\u011finildi.<\/p>\n<p>Umudun her zaman var oldu\u011fu ve o umut ile ileriye do\u011fru at\u0131lacak ad\u0131mlarla kurtulu\u015fun ger\u00e7ekle\u015febilece\u011fine dair hisler de b\u0131rakan bu g\u00fczel filmin ard\u0131ndan aral\u0131k ay\u0131 filmi \u00f6nerilerine ge\u00e7ildi.<\/p>\n<p>Yap\u0131lan \u00f6nerilerin ard\u0131ndan Amerikal\u0131 siyahilerin e\u015fitlik m\u00fccadelesi verdi\u011fi 1960&#8217;l\u0131 y\u0131llarda Afrika k\u00f6kenli piyanist Don Shirley rehberi ile ba\u015f\u0131ndan ge\u00e7en olanlar\u0131 anlatan <b>Ye\u015fil Rehber<\/b> isimli filmde hem fikir olundu.<\/p>\n<p>\u201cSinemaya Seyirci Kalma\u201d slogan\u0131 ile 15 y\u0131ldan fazla s\u00fcredir devam eden etkinli\u011fimiz 14 Aral\u0131k Cumartesi ak\u015fam\u0131 Baraka\u2019n\u0131n K\u0131z\u0131lba\u015f\u2019taki lokalinde ger\u00e7ekle\u015fecektir. Gelin birlikte izleyip, tart\u0131\u015fal\u0131m\u2026<\/p>\n<p>&nbsp;<\/p>\n","protected":false},"excerpt":{"rendered":"<p>Baraka\u2019n\u0131n 15 y\u0131ldan fazla s\u00fcredir kesintisiz devam eden \u00fccretsiz sinema etkinli\u011fi \u201cSun-\u0130zle-Tart\u0131\u015f\u201d, aral\u0131k ay\u0131nda da devam ediyor. Kas\u0131m ay\u0131nda izlenen Der Verdingbub filmiyle, Avrupa\u2019n\u0131n ortas\u0131nda<\/p>\n","protected":false},"author":13,"featured_media":7232,"comment_status":"open","ping_status":"open","sticky":false,"template":"","format":"standard","meta":{"jetpack_post_was_ever_published":false,"_jetpack_newsletter_access":"","_jetpack_newsletter_tier_id":0,"jetpack_publicize_message":"\u0130zle Tart\u0131\u015f\u2019ta Ye\u015fil Rehber Filmi \u0130zlenilecek","jetpack_is_tweetstorm":false,"jetpack_publicize_feature_enabled":true,"jetpack_social_post_already_shared":true,"jetpack_social_options":{"image_generator_settings":{"template":"highway","enabled":false}}},"categories":[28],"tags":[],"jetpack_publicize_connections":[],"jetpack_featured_media_url":"https:\/\/baraka.cc\/wp-content\/uploads\/2019\/11\/Haber-G\u00f6rseli1.jpg","jetpack_shortlink":"https:\/\/wp.me\/p4eHWX-1SD","jetpack_sharing_enabled":true,"_links":{"self":[{"href":"https:\/\/baraka.cc\/index.php?rest_route=\/wp\/v2\/posts\/7231"}],"collection":[{"href":"https:\/\/baraka.cc\/index.php?rest_route=\/wp\/v2\/posts"}],"about":[{"href":"https:\/\/baraka.cc\/index.php?rest_route=\/wp\/v2\/types\/post"}],"author":[{"embeddable":true,"href":"https:\/\/baraka.cc\/index.php?rest_route=\/wp\/v2\/users\/13"}],"replies":[{"embeddable":true,"href":"https:\/\/baraka.cc\/index.php?rest_route=%2Fwp%2Fv2%2Fcomments&post=7231"}],"version-history":[{"count":1,"href":"https:\/\/baraka.cc\/index.php?rest_route=\/wp\/v2\/posts\/7231\/revisions"}],"predecessor-version":[{"id":7233,"href":"https:\/\/baraka.cc\/index.php?rest_route=\/wp\/v2\/posts\/7231\/revisions\/7233"}],"wp:featuredmedia":[{"embeddable":true,"href":"https:\/\/baraka.cc\/index.php?rest_route=\/wp\/v2\/media\/7232"}],"wp:attachment":[{"href":"https:\/\/baraka.cc\/index.php?rest_route=%2Fwp%2Fv2%2Fmedia&parent=7231"}],"wp:term":[{"taxonomy":"category","embeddable":true,"href":"https:\/\/baraka.cc\/index.php?rest_route=%2Fwp%2Fv2%2Fcategories&post=7231"},{"taxonomy":"post_tag","embeddable":true,"href":"https:\/\/baraka.cc\/index.php?rest_route=%2Fwp%2Fv2%2Ftags&post=7231"}],"curies":[{"name":"wp","href":"https:\/\/api.w.org\/{rel}","templated":true}]}}