{"id":7235,"date":"2019-11-27T09:54:52","date_gmt":"2019-11-27T07:54:52","guid":{"rendered":"https:\/\/baraka.cc\/?p=7235"},"modified":"2019-11-27T09:54:52","modified_gmt":"2019-11-27T07:54:52","slug":"sol-anahtari-sarkilarini-fikret-demirag-icin-soyleyecek","status":"publish","type":"post","link":"https:\/\/baraka.cc\/?p=7235","title":{"rendered":"Sol Anahtar\u0131, \u015eark\u0131lar\u0131n\u0131 Fikret Demira\u011f \u0130\u00e7in S\u00f6yleyecek"},"content":{"rendered":"<p>Baraka M\u00fczik Grubu Sol Anahtar\u0131 30 Kas\u0131m Cumartesi g\u00fcn\u00fc &#8220;3. Uluslararas\u0131 Fikret Demira\u011f \u015eiir Festivali&#8221; kapsam\u0131nda Bademlik\u00f6y&#8217;deki &#8220;Fikret Demira\u011f \u015eiir Tepesi&#8221;nde konser verecek. Ge\u00e7en y\u0131llarda kaybetti\u011fimiz, \u00fclkemizin en de\u011ferli \u015fairlerinden birisi olan Demira\u011f&#8217;\u0131n an\u0131s\u0131na d\u00fczenlenen festivale t\u00fcm halk\u0131m\u0131z\u0131 davet ediyoruz.<\/p>\n<p><a href=\"https:\/\/baraka.cc\/wp-content\/uploads\/2019\/11\/FB_IMG_1574836499963.jpg\"><img decoding=\"async\" loading=\"lazy\" class=\"alignnone size-medium wp-image-7236\" alt=\"FB_IMG_1574836499963\" src=\"https:\/\/baraka.cc\/wp-content\/uploads\/2019\/11\/FB_IMG_1574836499963-300x212.jpg\" width=\"300\" height=\"212\" srcset=\"https:\/\/baraka.cc\/wp-content\/uploads\/2019\/11\/FB_IMG_1574836499963-300x212.jpg 300w, https:\/\/baraka.cc\/wp-content\/uploads\/2019\/11\/FB_IMG_1574836499963.jpg 960w\" sizes=\"(max-width: 300px) 100vw, 300px\" \/><\/a><a href=\"https:\/\/baraka.cc\/wp-content\/uploads\/2019\/11\/FB_IMG_1574836496297.jpg\"><img decoding=\"async\" loading=\"lazy\" class=\"alignnone size-medium wp-image-7237\" alt=\"FB_IMG_1574836496297\" src=\"https:\/\/baraka.cc\/wp-content\/uploads\/2019\/11\/FB_IMG_1574836496297-300x212.jpg\" width=\"300\" height=\"212\" srcset=\"https:\/\/baraka.cc\/wp-content\/uploads\/2019\/11\/FB_IMG_1574836496297-300x212.jpg 300w, https:\/\/baraka.cc\/wp-content\/uploads\/2019\/11\/FB_IMG_1574836496297.jpg 960w\" sizes=\"(max-width: 300px) 100vw, 300px\" \/><\/a><\/p>\n","protected":false},"excerpt":{"rendered":"<p>Baraka M\u00fczik Grubu Sol Anahtar\u0131 30 Kas\u0131m Cumartesi g\u00fcn\u00fc &#8220;3. Uluslararas\u0131 Fikret Demira\u011f \u015eiir Festivali&#8221; kapsam\u0131nda Bademlik\u00f6y&#8217;deki &#8220;Fikret Demira\u011f \u015eiir Tepesi&#8221;nde konser verecek. Ge\u00e7en y\u0131llarda<\/p>\n","protected":false},"author":4,"featured_media":7238,"comment_status":"open","ping_status":"open","sticky":false,"template":"","format":"standard","meta":{"jetpack_post_was_ever_published":false,"_jetpack_newsletter_access":"","_jetpack_newsletter_tier_id":0,"jetpack_publicize_message":"","jetpack_is_tweetstorm":false,"jetpack_publicize_feature_enabled":true,"jetpack_social_post_already_shared":true,"jetpack_social_options":{"image_generator_settings":{"template":"highway","enabled":false}}},"categories":[9,24,1,23],"tags":[],"jetpack_publicize_connections":[],"jetpack_featured_media_url":"https:\/\/baraka.cc\/wp-content\/uploads\/2019\/11\/70502002_2806703672673324_5303606555483045888_n.jpg","jetpack_shortlink":"https:\/\/wp.me\/p4eHWX-1SH","jetpack_sharing_enabled":true,"_links":{"self":[{"href":"https:\/\/baraka.cc\/index.php?rest_route=\/wp\/v2\/posts\/7235"}],"collection":[{"href":"https:\/\/baraka.cc\/index.php?rest_route=\/wp\/v2\/posts"}],"about":[{"href":"https:\/\/baraka.cc\/index.php?rest_route=\/wp\/v2\/types\/post"}],"author":[{"embeddable":true,"href":"https:\/\/baraka.cc\/index.php?rest_route=\/wp\/v2\/users\/4"}],"replies":[{"embeddable":true,"href":"https:\/\/baraka.cc\/index.php?rest_route=%2Fwp%2Fv2%2Fcomments&post=7235"}],"version-history":[{"count":2,"href":"https:\/\/baraka.cc\/index.php?rest_route=\/wp\/v2\/posts\/7235\/revisions"}],"predecessor-version":[{"id":7240,"href":"https:\/\/baraka.cc\/index.php?rest_route=\/wp\/v2\/posts\/7235\/revisions\/7240"}],"wp:featuredmedia":[{"embeddable":true,"href":"https:\/\/baraka.cc\/index.php?rest_route=\/wp\/v2\/media\/7238"}],"wp:attachment":[{"href":"https:\/\/baraka.cc\/index.php?rest_route=%2Fwp%2Fv2%2Fmedia&parent=7235"}],"wp:term":[{"taxonomy":"category","embeddable":true,"href":"https:\/\/baraka.cc\/index.php?rest_route=%2Fwp%2Fv2%2Fcategories&post=7235"},{"taxonomy":"post_tag","embeddable":true,"href":"https:\/\/baraka.cc\/index.php?rest_route=%2Fwp%2Fv2%2Ftags&post=7235"}],"curies":[{"name":"wp","href":"https:\/\/api.w.org\/{rel}","templated":true}]}}