{"id":7336,"date":"2020-01-22T10:28:09","date_gmt":"2020-01-22T08:28:09","guid":{"rendered":"https:\/\/baraka.cc\/?p=7336"},"modified":"2020-01-22T10:28:09","modified_gmt":"2020-01-22T08:28:09","slug":"gancelli-davasi-ile-ilgili-mahkeme-onunde-basin-aciklamasi-yapilacak","status":"publish","type":"post","link":"https:\/\/baraka.cc\/?p=7336","title":{"rendered":"\u201cGancelli Davas\u0131\u201d ile \u0130lgili Mahkeme \u00d6n\u00fcnde Bas\u0131n A\u00e7\u0131klamas\u0131 Yap\u0131lacak"},"content":{"rendered":"<p style=\"text-align: center;\"><b><a href=\"https:\/\/baraka.cc\/wp-content\/uploads\/2020\/01\/51593.jpg\"><img decoding=\"async\" loading=\"lazy\" class=\"alignnone size-medium wp-image-7337\" alt=\"51593\" src=\"https:\/\/baraka.cc\/wp-content\/uploads\/2020\/01\/51593-300x150.jpg\" width=\"300\" height=\"150\" srcset=\"https:\/\/baraka.cc\/wp-content\/uploads\/2020\/01\/51593-300x150.jpg 300w, https:\/\/baraka.cc\/wp-content\/uploads\/2020\/01\/51593.jpg 880w\" sizes=\"(max-width: 300px) 100vw, 300px\" \/><\/a><\/b><\/p>\n<p>Baraka K\u00fclt\u00fcr Merkezi ve Ba\u011f\u0131ms\u0131zl\u0131k Yolu, 27 Ocak Pazartesi g\u00fcn\u00fc saat 13.00\u2019te Lefko\u015fa Mahkemesi \u00f6n\u00fcnde \u201cGancelli Davas\u0131\u201d ile ilgili bas\u0131n a\u00e7\u0131klamas\u0131 yapacak. Girne da\u011f yolunda ger\u00e7ekle\u015fen \u201ckaza\u201d sonras\u0131 1 Aral\u0131k 2016\u2019da d\u00fczenlenen eylemler s\u0131ras\u0131nda Ba\u015fbakanl\u0131k gancellisinin k\u0131r\u0131lmas\u0131 nedeniyle \u00e7e\u015fitli \u00f6rg\u00fctlerden toplam 24 ki\u015fiye dava a\u00e7\u0131lm\u0131\u015ft\u0131. 2018 y\u0131l\u0131nda dosyalanan dava, savc\u0131l\u0131\u011f\u0131n g\u00f6revini yapmamas\u0131 sebebiyle bir bu\u00e7uk senedir ertelenmeye devam ediyor. Aleyhlerine dava getirilen Ba\u011f\u0131ms\u0131zl\u0131k Yolu ve Baraka \u00fcyeleri, di\u011fer davac\u0131lar\u0131 ma\u011fdur etmemek ve adaletin tecellisine yard\u0131mc\u0131 olmak i\u00e7in, polis taraf\u0131ndan aylarca iletilemeyen tebligatlar\u0131n\u0131 kendileri alm\u0131\u015f ve en k\u0131sa s\u00fcrede yarg\u0131lanmay\u0131 talep etmi\u015fti. Ancak aradan y\u0131llar ge\u00e7mesine ra\u011fmen davaya bir t\u00fcrl\u00fc ba\u015flanamamakta \u00e7\u00fcnk\u00fc savc\u0131l\u0131k, dava etti\u011fi ki\u015filere bir t\u00fcrl\u00fc tebligat yapt\u0131ramamaktad\u0131r.<\/p>\n<p>Mahkemenin duru\u015fma safhas\u0131na ge\u00e7ece\u011fi \u00f6n\u00fcm\u00fczdeki g\u00fcnlerde, ifade ve eylem \u00f6zg\u00fcrl\u00fc\u011f\u00fcnden, adil yarg\u0131lanma hakk\u0131ndan ve demokrasiden yana t\u00fcm halk\u0131m\u0131z\u0131 bu davay\u0131 yak\u0131ndan takip etmeye ve adaletten yana taraf olmaya \u00e7a\u011f\u0131r\u0131r\u0131z.<\/p>\n<p>Bu ama\u00e7la, davalar\u0131n g\u00f6r\u00fc\u015f\u00fclece\u011fi 27 Ocak Pazartesi g\u00fcn\u00fc saat 13.00\u2019te Lefko\u015fa Mahkemesi \u00f6n\u00fcnde yap\u0131lacak bas\u0131n a\u00e7\u0131klamas\u0131na, duyarl\u0131 halk\u0131m\u0131z\u0131n ve bas\u0131n emek\u00e7ilerinin ilgisini rica ederiz.<\/p>\n<p><b>Baraka K\u00fclt\u00fcr Merkezi, Ba\u011f\u0131ms\u0131zl\u0131k Yolu<\/b><\/p>\n<p>&nbsp;<\/p>\n<p><i>\u00a0<\/i><\/p>\n","protected":false},"excerpt":{"rendered":"<p>Baraka K\u00fclt\u00fcr Merkezi ve Ba\u011f\u0131ms\u0131zl\u0131k Yolu, 27 Ocak Pazartesi g\u00fcn\u00fc saat 13.00\u2019te Lefko\u015fa Mahkemesi \u00f6n\u00fcnde \u201cGancelli Davas\u0131\u201d ile ilgili bas\u0131n a\u00e7\u0131klamas\u0131 yapacak. Girne da\u011f yolunda<\/p>\n","protected":false},"author":3,"featured_media":7337,"comment_status":"open","ping_status":"open","sticky":false,"template":"","format":"standard","meta":{"jetpack_post_was_ever_published":false,"_jetpack_newsletter_access":"","_jetpack_newsletter_tier_id":0,"jetpack_publicize_message":"","jetpack_is_tweetstorm":false,"jetpack_publicize_feature_enabled":true,"jetpack_social_post_already_shared":true,"jetpack_social_options":{"image_generator_settings":{"template":"highway","enabled":false}}},"categories":[63,45,9,1],"tags":[],"jetpack_publicize_connections":[],"jetpack_featured_media_url":"https:\/\/baraka.cc\/wp-content\/uploads\/2020\/01\/51593.jpg","jetpack_shortlink":"https:\/\/wp.me\/p4eHWX-1Uk","jetpack_sharing_enabled":true,"_links":{"self":[{"href":"https:\/\/baraka.cc\/index.php?rest_route=\/wp\/v2\/posts\/7336"}],"collection":[{"href":"https:\/\/baraka.cc\/index.php?rest_route=\/wp\/v2\/posts"}],"about":[{"href":"https:\/\/baraka.cc\/index.php?rest_route=\/wp\/v2\/types\/post"}],"author":[{"embeddable":true,"href":"https:\/\/baraka.cc\/index.php?rest_route=\/wp\/v2\/users\/3"}],"replies":[{"embeddable":true,"href":"https:\/\/baraka.cc\/index.php?rest_route=%2Fwp%2Fv2%2Fcomments&post=7336"}],"version-history":[{"count":1,"href":"https:\/\/baraka.cc\/index.php?rest_route=\/wp\/v2\/posts\/7336\/revisions"}],"predecessor-version":[{"id":7338,"href":"https:\/\/baraka.cc\/index.php?rest_route=\/wp\/v2\/posts\/7336\/revisions\/7338"}],"wp:featuredmedia":[{"embeddable":true,"href":"https:\/\/baraka.cc\/index.php?rest_route=\/wp\/v2\/media\/7337"}],"wp:attachment":[{"href":"https:\/\/baraka.cc\/index.php?rest_route=%2Fwp%2Fv2%2Fmedia&parent=7336"}],"wp:term":[{"taxonomy":"category","embeddable":true,"href":"https:\/\/baraka.cc\/index.php?rest_route=%2Fwp%2Fv2%2Fcategories&post=7336"},{"taxonomy":"post_tag","embeddable":true,"href":"https:\/\/baraka.cc\/index.php?rest_route=%2Fwp%2Fv2%2Ftags&post=7336"}],"curies":[{"name":"wp","href":"https:\/\/api.w.org\/{rel}","templated":true}]}}