{"id":7340,"date":"2020-01-24T15:34:37","date_gmt":"2020-01-24T13:34:37","guid":{"rendered":"https:\/\/baraka.cc\/?p=7340"},"modified":"2020-01-24T15:34:37","modified_gmt":"2020-01-24T13:34:37","slug":"baraka-degerlerini-tum-halka-acik-olan-cuma-toplantilarinda-tartisarak-guncelliyor","status":"publish","type":"post","link":"https:\/\/baraka.cc\/?p=7340","title":{"rendered":"Baraka, De\u011ferlerini T\u00fcm Halka A\u00e7\u0131k Olan \u201cCuma Toplant\u0131lar\u0131\u201dnda Tart\u0131\u015farak G\u00fcncelliyor"},"content":{"rendered":"<p>Baraka K\u00fclt\u00fcr Merkezi, yakla\u015f\u0131k 10 y\u0131l \u00f6nce belirleyerek kitapla\u015ft\u0131rd\u0131\u011f\u0131 de\u011ferlerini yeniden tart\u0131\u015fmaya ve geli\u015ftirmeye devam ediyor. Baraka\u2019da son olarak \u2018Ba\u011f\u0131ms\u0131zl\u0131k\u2019 de\u011feri, \u2018Cuma Toplant\u0131lar\u0131\u2019nda yap\u0131lan tart\u0131\u015fmalar do\u011frultusunda g\u00fcncellendi.<\/p>\n<p>S\u00fcre\u00e7, Baraka\u2019n\u0131n t\u00fcm de\u011ferlerin yeniden ele al\u0131nmas\u0131 ve tart\u0131\u015f\u0131lmas\u0131yla devam edecek. Baraka\u2019n\u0131n de\u011ferleri, Baraka K\u00fclt\u00fcr Merkezi\u2019nin her Cuma saat 19.00\u2019da, K\u0131z\u0131lba\u015f\u2019taki Baraka lokalinde ger\u00e7ekle\u015ftirdi\u011fi ve herkese a\u00e7\u0131k olan \u2018Cuma Toplant\u0131lar\u0131\u2019nda tart\u0131\u015f\u0131l\u0131yor.<\/p>\n<p><b>Ba\u011f\u0131ms\u0131zl\u0131k de\u011ferinin son hali ise \u015f\u00f6yle:<\/b><\/p>\n<p>Baraka ba\u011f\u0131ms\u0131zl\u0131k\u00e7\u0131d\u0131r. Barak aktivistleri ki\u015fisel ba\u011f\u0131ms\u0131zl\u0131klar\u0131n\u0131 tutkuyla savunurlar. Baraka \u00f6rg\u00fctsel ba\u011f\u0131ms\u0131zl\u0131\u011f\u0131ndan hi\u00e7bir ko\u015fulda taviz vermez. \u00dclkemiz K\u0131br\u0131s\u2019\u0131n ba\u011f\u0131ms\u0131zl\u0131\u011f\u0131n\u0131 sosyalizm m\u00fccadelesi ile ayr\u0131 d\u00fc\u015f\u00fcnemez. K\u0131br\u0131s\u2019\u0131n ba\u011f\u0131ms\u0131zl\u0131\u011f\u0131na ula\u015fmas\u0131n\u0131 ve sosyalizmi \u00f6n\u00fcne hedef olarak koyar.<\/p>\n<p>Baraka\u2019n\u0131n ki\u015fisel ba\u011f\u0131ms\u0131zl\u0131ktan anlad\u0131\u011f\u0131 \u015fey, kendi kafas\u0131n\u0131n dikine gitmek, \u00f6rg\u00fcts\u00fczl\u00fck ve \u201cben bilirim\u201dcilik de\u011fildir. Bizim i\u00e7in bireysel ba\u011f\u0131ms\u0131zl\u0131k; sosyal, ekonomik ve d\u00fc\u015f\u00fcnsel anlamda kendine yeterli bireyler olma \u00e7abas\u0131yla m\u00fcmk\u00fcnd\u00fcr. B\u00f6ylesi bir ba\u011f\u0131ms\u0131zl\u0131k, kendi gibi ba\u011f\u0131ms\u0131z di\u011fer bireylerin d\u00fc\u015f\u00fcncelerine \u00f6nem vermeyi, kolektif olarak hareket edebilme olgunlu\u011funu g\u00f6sterebilmeyi ve tart\u0131\u015fma yolu ile ikna olmaya a\u00e7\u0131k olabilmeyi i\u00e7erir. Ba\u011f\u0131ms\u0131z bireyler olarak ne birileri taraf\u0131ndan (iyi ama\u00e7lar i\u00e7in dahi olsa) k\u00f6r\u00fc k\u00f6r\u00fcne y\u00f6nlendirilmeyi ne de ba\u015fka ki\u015fileri k\u00f6r\u00fc k\u00f6r\u00fcne y\u00f6nlendirmeyi kabul ederiz. Bizler ortak ama\u00e7lara, ortak s\u00fcre\u00e7lerden ge\u00e7erek varmaya azimli ba\u011f\u0131ms\u0131z bireyler olarak d\u0131\u015ftan gelen ele\u015ftirileri tart\u0131\u015fmaya ve pratik eylemlerimizin sonu\u00e7lar\u0131ndan ders \u00e7\u0131karmaya k\u0131ymet veririz.<\/p>\n<p>Baraka \u00f6rg\u00fctsel ba\u011f\u0131ms\u0131zl\u0131k ile sekterli\u011fin birbirine kar\u0131\u015ft\u0131r\u0131lmamas\u0131 gerekti\u011finin fark\u0131ndad\u0131r. Baraka\u2019n\u0131n i\u015f-g\u00fc\u00e7-eylem birlikteli\u011fi ve cephe tarz\u0131 ili\u015fkilere bak\u0131\u015f\u0131 \u00c7al\u0131\u015fma Tarz\u0131\u2019nda ortaya konmu\u015ftur. Ancak burada k\u0131saca s\u00f6ylemek gerekirse, Baraka bu tarz birlikteliklere s\u0131cak bakmaktad\u0131r. Baraka\u2019n\u0131n \u00f6rg\u00fctsel ba\u011f\u0131ms\u0131zl\u0131\u011f\u0131 ister ekonomik-demokratik, ister siyasi isterse de ideolojik m\u00fccadele alan\u0131ndan olsun, kendi d\u0131\u015f\u0131nda hi\u00e7bir \u00f6rg\u00fct\u00fcn ekonomik, idari veya fiziki kontrol\u00fc alt\u0131na girmeyi kabul etmemesine dayan\u0131r. Baraka kendi kendini finanse eder, kendi kararlar\u0131n\u0131 al\u0131r ve kendi uygulama metotlar\u0131n\u0131 geli\u015ftirir. Bunlar\u0131 yaparken dayan\u0131\u015fma ili\u015fkilerine girmekten geri durmaz ama belirleyen veya belirlenen olmamaya \u00f6zen g\u00f6sterir. \u00dclkemizde alan \u00f6rg\u00fctlenmelerinin (kad\u0131n, k\u00fclt\u00fcr, gen\u00e7lik, ekoloji, sendika vb.) partilere ba\u011f\u0131ml\u0131 olmas\u0131 neredeyse kural durumundad\u0131r. Baraka olumlu buldu\u011fu bir partiyle dahi bu tarz bir ili\u015fki i\u00e7ine girmeyi yanl\u0131\u015f bulur. \u00c7\u00fcnk\u00fc Baraka sadece kendisinin de\u011fil B\u00dcT\u00dcN ALAN \u00d6RG\u00dcTLER\u0130N\u0130N her bak\u0131mdan partilerden ba\u011f\u0131ms\u0131z olmas\u0131 gerekti\u011fi fikrindedir. Bununla birlikte Baraka\u2019n\u0131n alan ba\u011f\u0131ms\u0131zl\u0131\u011f\u0131ndan veya \u00f6rg\u00fctsel ba\u011f\u0131ms\u0131zl\u0131ktan anlad\u0131\u011f\u0131 \u015fey ideolojiden ba\u011f\u0131ms\u0131zl\u0131k de\u011fildir. Baraka devrimci (Marksist) ideolojiye s\u0131k\u0131 s\u0131k\u0131ya ba\u011fl\u0131d\u0131r ve bu ideolojiye kendi alan\u0131ndan katk\u0131 koymak i\u00e7in \u00f6rg\u00fctsel ba\u011f\u0131ms\u0131zl\u0131\u011f\u0131n \u00f6nde gelen bir \u015fart oldu\u011funun bilincindedir.<\/p>\n<p>Baraka anti-kapitalist zeminde ba\u011f\u0131ms\u0131z bir K\u0131br\u0131s i\u00e7in m\u00fccadele eder. Ancak bu, kendi i\u00e7ine kapal\u0131 ulusalc\u0131 ba\u011f\u0131ms\u0131zl\u0131k olmad\u0131\u011f\u0131 gibi, \u201ckurtulu\u015f\u201d ad\u0131na emperyalist olu\u015fumlara (AB, BM) bel ba\u011flamak da de\u011fildir. Bug\u00fcn siyasi anlamda ba\u011f\u0131ms\u0131z oldu\u011fu iddia edilen bir\u00e7ok \u00fclkenin, ekonomik, k\u00fclt\u00fcrel, askeri ve idari anlamda emperyalizmin yeni- s\u00f6m\u00fcrgesi oldu\u011fu inkar edilemez. \u00d6yleyse K\u0131br\u0131s i\u00e7in talep etti\u011fimiz ba\u011f\u0131ms\u0131zl\u0131k \u015fekilsel bir s\u00f6zde ba\u011f\u0131ms\u0131zl\u0131k de\u011fil; her y\u00f6n\u00fc ile ger\u00e7ek bir ba\u011f\u0131ms\u0131zl\u0131k olmal\u0131d\u0131r. Ba\u011f\u0131ms\u0131z bir \u00fclkede ya\u015fayan ba\u011f\u0131ms\u0131z bir halk, d\u00fcnya halklar\u0131n\u0131n ba\u011f\u0131ms\u0131z (demek ki g\u00f6n\u00fcll\u00fc) bir dayan\u0131\u015fma a\u011f\u0131 olu\u015fturmas\u0131n\u0131n temel ko\u015fuludur. Enternasyonalizmin en \u00f6nemli \u00f6zelli\u011fi halklar\u0131n g\u00f6n\u00fcll\u00fc (demek ki ba\u011f\u0131ms\u0131z) ortak m\u00fccadele ve dayan\u0131\u015fma birlikteli\u011fine dayan\u0131yor olmas\u0131d\u0131r.<\/p>\n<p>T\u00fcm bu sebeplerle Baraka, ba\u011f\u0131ms\u0131zl\u0131k\u00e7\u0131d\u0131r ve Baraka aktivistleri bulunduklar\u0131 her zeminde ger\u00e7ek ba\u011f\u0131ms\u0131zl\u0131k i\u00e7in m\u00fccadele eder.<\/p>\n","protected":false},"excerpt":{"rendered":"<p>Baraka K\u00fclt\u00fcr Merkezi, yakla\u015f\u0131k 10 y\u0131l \u00f6nce belirleyerek kitapla\u015ft\u0131rd\u0131\u011f\u0131 de\u011ferlerini yeniden tart\u0131\u015fmaya ve geli\u015ftirmeye devam ediyor. Baraka\u2019da son olarak \u2018Ba\u011f\u0131ms\u0131zl\u0131k\u2019 de\u011feri, \u2018Cuma Toplant\u0131lar\u0131\u2019nda yap\u0131lan tart\u0131\u015fmalar<\/p>\n","protected":false},"author":12,"featured_media":7130,"comment_status":"open","ping_status":"open","sticky":false,"template":"","format":"standard","meta":{"jetpack_post_was_ever_published":false,"_jetpack_newsletter_access":"","_jetpack_newsletter_tier_id":0,"jetpack_publicize_message":"Baraka, De\u011ferlerini T\u00fcm Halka A\u00e7\u0131k Olan \u201cCuma Toplant\u0131lar\u0131\u201dnda Tart\u0131\u015farak G\u00fcncelliyor","jetpack_is_tweetstorm":false,"jetpack_publicize_feature_enabled":true,"jetpack_social_post_already_shared":true,"jetpack_social_options":{"image_generator_settings":{"template":"highway","enabled":false}}},"categories":[9,1],"tags":[],"jetpack_publicize_connections":[],"jetpack_featured_media_url":"https:\/\/baraka.cc\/wp-content\/uploads\/2019\/10\/baraka-hemen-s\u0327imdi.jpg","jetpack_shortlink":"https:\/\/wp.me\/p4eHWX-1Uo","jetpack_sharing_enabled":true,"_links":{"self":[{"href":"https:\/\/baraka.cc\/index.php?rest_route=\/wp\/v2\/posts\/7340"}],"collection":[{"href":"https:\/\/baraka.cc\/index.php?rest_route=\/wp\/v2\/posts"}],"about":[{"href":"https:\/\/baraka.cc\/index.php?rest_route=\/wp\/v2\/types\/post"}],"author":[{"embeddable":true,"href":"https:\/\/baraka.cc\/index.php?rest_route=\/wp\/v2\/users\/12"}],"replies":[{"embeddable":true,"href":"https:\/\/baraka.cc\/index.php?rest_route=%2Fwp%2Fv2%2Fcomments&post=7340"}],"version-history":[{"count":1,"href":"https:\/\/baraka.cc\/index.php?rest_route=\/wp\/v2\/posts\/7340\/revisions"}],"predecessor-version":[{"id":7341,"href":"https:\/\/baraka.cc\/index.php?rest_route=\/wp\/v2\/posts\/7340\/revisions\/7341"}],"wp:featuredmedia":[{"embeddable":true,"href":"https:\/\/baraka.cc\/index.php?rest_route=\/wp\/v2\/media\/7130"}],"wp:attachment":[{"href":"https:\/\/baraka.cc\/index.php?rest_route=%2Fwp%2Fv2%2Fmedia&parent=7340"}],"wp:term":[{"taxonomy":"category","embeddable":true,"href":"https:\/\/baraka.cc\/index.php?rest_route=%2Fwp%2Fv2%2Fcategories&post=7340"},{"taxonomy":"post_tag","embeddable":true,"href":"https:\/\/baraka.cc\/index.php?rest_route=%2Fwp%2Fv2%2Ftags&post=7340"}],"curies":[{"name":"wp","href":"https:\/\/api.w.org\/{rel}","templated":true}]}}