{"id":7343,"date":"2020-01-27T14:11:51","date_gmt":"2020-01-27T12:11:51","guid":{"rendered":"https:\/\/baraka.cc\/?p=7343"},"modified":"2020-01-27T14:11:51","modified_gmt":"2020-01-27T12:11:51","slug":"gancelli-davasi-protesto-edildi","status":"publish","type":"post","link":"https:\/\/baraka.cc\/?p=7343","title":{"rendered":"\u201cGancelli Davas\u0131\u201d Protesto Edildi"},"content":{"rendered":"<p style=\"text-align: center;\"><b>\u201cGancelli Davas\u0131\u201d Protesto Edildi<\/b><\/p>\n<p>Baraka K\u00fclt\u00fcr Merkezi ve Ba\u011f\u0131ms\u0131zl\u0131k Yolu, Lefko\u015fa Mahkemesi \u00f6n\u00fcnde \u201cGancelli Davas\u0131\u201d ile ilgili bas\u0131n a\u00e7\u0131klamas\u0131 ger\u00e7ekle\u015ftirdi. Ba\u011f\u0131ms\u0131zl\u0131k Yolu Bas\u0131n Yay\u0131n Propaganda Sekreteri Mustafa Kele\u015fzade, Girne da\u011f yolunda ger\u00e7ekle\u015fen \u201ckaza\u201d sonras\u0131 1 Aral\u0131k 2016\u2019da d\u00fczenlenen kitlesel eylemler s\u0131ras\u0131nda Ba\u015fbakanl\u0131k gancellisinin k\u0131r\u0131lmas\u0131 nedeniyle \u00e7e\u015fitli \u00f6rg\u00fctlerden toplam 24 ki\u015fiye dava a\u00e7\u0131ld\u0131\u011f\u0131n\u0131 hat\u0131rlatarak, savc\u0131l\u0131\u011f\u0131n g\u00f6revini yapmamas\u0131 sebebiyle davan\u0131n s\u00fcrekli ertelendi\u011fini ve bunun da eylemcilere fiili bir cezaya d\u00f6n\u00fc\u015ft\u00fc\u011f\u00fcn\u00fc s\u00f6yledi. A\u00e7\u0131klamada, aleyhlerine dava getirilen Ba\u011f\u0131ms\u0131zl\u0131k Yolu ve Baraka \u00fcyelerinin, di\u011fer davac\u0131lar\u0131 ma\u011fdur etmemek ve adaletin tecellisine yard\u0131mc\u0131 olmak i\u00e7in, polis taraf\u0131ndan aylarca iletilemeyen tebligatlar\u0131n\u0131 kendilerinin gidip ald\u0131\u011f\u0131 ve en k\u0131sa s\u00fcrede yarg\u0131lanmay\u0131 talep etti\u011fi ancak aradan y\u0131llar ge\u00e7mesine ra\u011fmen davaya bir t\u00fcrl\u00fc ba\u015flanamad\u0131\u011f\u0131 belirtildi. Savc\u0131l\u0131\u011f\u0131n bu ihmalinin, insan haklar\u0131ndan olan makul s\u00fcrede adil yarg\u0131lanma hakk\u0131n\u0131 ve hatta halk\u0131n eylem yapma \u00f6zg\u00fcrl\u00fc\u011f\u00fcn\u00fc de ihlal etti\u011fi vurguland\u0131.<\/p>\n<p style=\"text-align: center;\"><a href=\"https:\/\/baraka.cc\/wp-content\/uploads\/2020\/01\/foto1.jpg\"><img decoding=\"async\" loading=\"lazy\" class=\"alignnone size-medium wp-image-7344\" alt=\"foto1\" src=\"https:\/\/baraka.cc\/wp-content\/uploads\/2020\/01\/foto1-300x168.jpg\" width=\"300\" height=\"168\" srcset=\"https:\/\/baraka.cc\/wp-content\/uploads\/2020\/01\/foto1-300x168.jpg 300w, https:\/\/baraka.cc\/wp-content\/uploads\/2020\/01\/foto1-1024x576.jpg 1024w, https:\/\/baraka.cc\/wp-content\/uploads\/2020\/01\/foto1.jpg 1728w\" sizes=\"(max-width: 300px) 100vw, 300px\" \/><\/a><\/p>\n<p><b>\u201cSavc\u0131l\u0131k Yarg\u0131s\u0131z \u0130nfaz Yap\u0131yor, Adil Yarg\u0131lanma ve Eylem Yapma Hakk\u0131 \u0130hlal Ediliyor\u201d<\/b><\/p>\n<p>Baraka aktivisti Mustafa Batak ise iki \u00f6rg\u00fct ad\u0131na okudu\u011fu ortak a\u00e7\u0131klamada, \u201cGancellinin k\u0131r\u0131lmas\u0131yla hi\u00e7bir ilgisi olmayan eylemcilere g\u00f6zda\u011f\u0131 vermek ama\u00e7l\u0131 a\u00e7\u0131ld\u0131\u011f\u0131na inand\u0131\u011f\u0131m\u0131z bu dava ile halk\u0131n eylem yapma hakk\u0131 bask\u0131 alt\u0131na al\u0131narak ihlal edilmekte, bu da demokrasi k\u00fclt\u00fcr\u00fcne zarar vermektedir. K\u0131sacas\u0131 savc\u0131l\u0131\u011f\u0131n kamu mal\u0131na zarar bahanesiyle a\u00e7t\u0131\u011f\u0131 bu dava, asl\u0131nda kamu vicdan\u0131na hasar vermekte ve hem adaleti hem de eylemcileri oyalamakta, kamu kaynaklar\u0131n\u0131n israf\u0131na yol a\u00e7maktad\u0131r. Gencecik canlar\u0131m\u0131z\u0131n kayb\u0131yla sonu\u00e7lanan trafik \u201ckazas\u0131\u201dn\u0131n esas sorumlular\u0131; yollar\u0131 do\u011fru d\u00fczg\u00fcn yapmayan gelmi\u015f ge\u00e7mi\u015f h\u00fck\u00fcmetler ile T\u00fcrkiye\u2019ye yaranmak i\u00e7in saatleri geri almayarak \u00f6\u011frencileri karanl\u0131kta okula gitmeye mahkum b\u0131rakanlar, adalet kar\u015f\u0131s\u0131na \u00e7\u0131kmam\u0131\u015f fakat eylemciler aylard\u0131r yarg\u0131s\u0131z infaz edilerek cezaland\u0131r\u0131lm\u0131\u015ft\u0131r.\u201d s\u00f6zlerine yer verdi.<\/p>\n<p><b>Dava Duru\u015fma Ama\u00e7l\u0131 Ertelendi<\/b><\/p>\n<p>Bu sabah g\u00f6r\u00fc\u015f\u00fclen ve san\u0131klar\u0131n avukatlar\u0131 ile birlikte duru\u015fmaya haz\u0131r bulundu\u011fu dava, Savc\u0131l\u0131\u011f\u0131n iste\u011fiyle yine ertelendi.\u00a0 Aylardan sonra duru\u015fmay\u0131 y\u00fcr\u00fctecek savc\u0131n\u0131n belirlendi\u011fi bug\u00fcnk\u00fc oturumda, savc\u0131l\u0131k kendi a\u00e7t\u0131\u011f\u0131 ve daval\u0131lar\u0131 her seferinde Mahkemeye getirtti\u011fi davada yine duru\u015fmaya ba\u015flayamad\u0131. \u201cGancelli davas\u0131\u201d, savc\u0131l\u0131\u011f\u0131n haz\u0131rlanmas\u0131 ve g\u00f6r\u00fcnt\u00fcleri incelemesi amac\u0131yla 27 \u015eubat Per\u015fembe g\u00fcn\u00fcne, duru\u015fma i\u00e7in ertelendi. Polisin halen daha tebligat yapamad\u0131\u011f\u0131 ki\u015filer varken, bug\u00fcn bir eylemci daha kendi tebligat\u0131n\u0131 kendisi alarak yarg\u0131lanmay\u0131 talep etti.<\/p>\n<p><b>Bug\u00fcn Mahkeme \u00f6n\u00fcnde okunan bas\u0131n a\u00e7\u0131klamas\u0131n\u0131 tam metni ise \u015f\u00f6yle: <\/b><\/p>\n<p>De\u011ferli bas\u0131n emek\u00e7ileri, de\u011ferli halk\u0131m\u0131z;<\/p>\n<p>Bildi\u011finiz gibi Girne da\u011f yolunda ger\u00e7ekle\u015fen \u201ckaza\u201d sonras\u0131 1 Aral\u0131k 2016\u2019da d\u00fczenlenen eylemler s\u0131ras\u0131nda Ba\u015fbakanl\u0131k gancellisinin k\u0131r\u0131lmas\u0131 nedeniyle \u00e7e\u015fitli \u00f6rg\u00fctlerden toplam 24 ki\u015fiye dava a\u00e7\u0131lm\u0131\u015ft\u0131. Eylemciler aleyhine, Ba\u015fbakanl\u0131k kap\u0131s\u0131n\u0131n yan\u0131 s\u0131ra kap\u0131n\u0131n yan\u0131ndaki duvar\u0131 ve projekt\u00f6r\u00fc k\u0131rarak devleti 15,010TL\u2019lik hasara u\u011fratmaktan dava getirilmi\u015fti.<\/p>\n<p>16 Ekim 2018 tarihinde dosyalanan dava, savc\u0131l\u0131\u011f\u0131n g\u00f6revini yapmamas\u0131 sebebiyle bir bu\u00e7uk senedir ertelenmeye devam ediyor. Aleyhlerine dava getirilen Ba\u011f\u0131ms\u0131zl\u0131k Yolu ve Baraka \u00fcyeleri, di\u011fer davac\u0131lar\u0131 ma\u011fdur etmemek ve adaletin tecellisine yard\u0131mc\u0131 olmak i\u00e7in, polis taraf\u0131ndan aylarca iletilemeyen tebligatlar\u0131n\u0131 kendileri gidip alm\u0131\u015f ve en k\u0131sa s\u00fcrede yarg\u0131lanmay\u0131 talep etmi\u015fti.<\/p>\n<p>Ancak aradan aylar hatta y\u0131l ge\u00e7mesine ra\u011fmen davaya bir t\u00fcrl\u00fc ba\u015flanamamakta \u00e7\u00fcnk\u00fc savc\u0131l\u0131k, dava etti\u011fi ki\u015filere bir t\u00fcrl\u00fc tebligat yapt\u0131ramamaktad\u0131r. Bu durum bir yandan savc\u0131l\u0131\u011f\u0131n kendi a\u00e7t\u0131\u011f\u0131 davaya olan ilgisizli\u011fini ve ciddiyetsizli\u011fini g\u00f6sterirken di\u011fer yandan her ay i\u015fini g\u00fcc\u00fcn\u00fc b\u0131rak\u0131p, \u00f6\u011frencilerini, mesai arkada\u015flar\u0131n\u0131, hizmet almaya gelen vatanda\u015f\u0131 zor duruma sokmak pahas\u0131na mahkemeye gelen \u00f6\u011fretmenleri, kamu emek\u00e7ilerini, \u00f6zel sekt\u00f6r \u00e7al\u0131\u015fanlar\u0131n\u0131 ma\u011fdur etmektedir. H\u0131zl\u0131 ve makul bir s\u00fcrede yarg\u0131lanma hakk\u0131, adil yarg\u0131lanma hakk\u0131n\u0131n bir par\u00e7as\u0131 olup \u00f6nemli bir insan hakk\u0131d\u0131r. Savc\u0131l\u0131k bir y\u0131ldan uzun bir s\u00fcredir gereken tebligatlar\u0131 yapmay\u0131p davas\u0131n\u0131 ilerletmeyerek, eyleme kat\u0131lan ki\u015filerin insan haklar\u0131n\u0131 ihlal etmektedir; daha dava ba\u015flayamadan, t\u0131pk\u0131 bir mahkeme gibi fiilen ceza uygulamaktad\u0131r. Keza gancellinin k\u0131r\u0131lmas\u0131yla hi\u00e7bir ilgisi olmayan eylemcilere g\u00f6zda\u011f\u0131 vermek ama\u00e7l\u0131 a\u00e7\u0131ld\u0131\u011f\u0131na inand\u0131\u011f\u0131m\u0131z bu dava ile halk\u0131n eylem yapma hakk\u0131 da bask\u0131 alt\u0131na al\u0131narak ihlal edilmekte, bu da demokrasi k\u00fclt\u00fcr\u00fcne zarar vermektedir. K\u0131sacas\u0131 savc\u0131l\u0131\u011f\u0131n \u201ckamu mal\u0131na zarar\u201d bahanesiyle a\u00e7t\u0131\u011f\u0131 bu dava, asl\u0131nda kamu vicdan\u0131na hasar vermekte ve hem adaleti hem de eylemcileri oyalamakta, kamu kaynaklar\u0131n\u0131n israf\u0131na yol a\u00e7maktad\u0131r.<\/p>\n<p>Gencecik canlar\u0131m\u0131z\u0131n kayb\u0131yla sonu\u00e7lanan trafik \u201ckazas\u0131\u201dn\u0131n esas sorumlular\u0131; yollar\u0131 do\u011fru d\u00fczg\u00fcn yapmayan gelmi\u015f ge\u00e7mi\u015f h\u00fck\u00fcmetler ile T\u00fcrkiye\u2019ye yaranmak i\u00e7in saatleri geri almayarak \u00f6\u011frencileri karanl\u0131kta okula gitmeye mahkum b\u0131rakanlar, adalet kar\u015f\u0131s\u0131na \u00e7\u0131kmam\u0131\u015f fakat eylemciler aylard\u0131r yarg\u0131s\u0131z infaz edilerek cezaland\u0131r\u0131lm\u0131\u015ft\u0131r.<\/p>\n<p>Mahkemenin duru\u015fma safhas\u0131na ge\u00e7ece\u011fi \u00f6n\u00fcm\u00fczdeki g\u00fcnlerde, ifade ve eylem \u00f6zg\u00fcrl\u00fc\u011f\u00fcnden, adil yarg\u0131lanma hakk\u0131ndan ve demokrasiden yana t\u00fcm halk\u0131m\u0131z\u0131 bu davay\u0131 yak\u0131ndan takip etmeye ve adaletten yana taraf olmaya \u00e7a\u011f\u0131r\u0131r\u0131z.<\/p>\n<p><b>Baraka K\u00fclt\u00fcr Merkezi, Ba\u011f\u0131ms\u0131zl\u0131k Yolu<\/b><\/p>\n<p style=\"text-align: center;\">\u00a0<a href=\"https:\/\/baraka.cc\/wp-content\/uploads\/2020\/01\/foto2.jpg\"><img decoding=\"async\" loading=\"lazy\" class=\"alignnone size-medium wp-image-7345\" alt=\"foto2\" src=\"https:\/\/baraka.cc\/wp-content\/uploads\/2020\/01\/foto2-300x168.jpg\" width=\"300\" height=\"168\" srcset=\"https:\/\/baraka.cc\/wp-content\/uploads\/2020\/01\/foto2-300x168.jpg 300w, https:\/\/baraka.cc\/wp-content\/uploads\/2020\/01\/foto2-1024x576.jpg 1024w, https:\/\/baraka.cc\/wp-content\/uploads\/2020\/01\/foto2.jpg 1728w\" sizes=\"(max-width: 300px) 100vw, 300px\" \/><\/a><\/p>\n<p><i>\u00a0<\/i><\/p>\n","protected":false},"excerpt":{"rendered":"<p>\u201cGancelli Davas\u0131\u201d Protesto Edildi Baraka K\u00fclt\u00fcr Merkezi ve Ba\u011f\u0131ms\u0131zl\u0131k Yolu, Lefko\u015fa Mahkemesi \u00f6n\u00fcnde \u201cGancelli Davas\u0131\u201d ile ilgili bas\u0131n a\u00e7\u0131klamas\u0131 ger\u00e7ekle\u015ftirdi. Ba\u011f\u0131ms\u0131zl\u0131k Yolu Bas\u0131n Yay\u0131n Propaganda<\/p>\n","protected":false},"author":3,"featured_media":7344,"comment_status":"open","ping_status":"open","sticky":false,"template":"","format":"standard","meta":{"jetpack_post_was_ever_published":false,"_jetpack_newsletter_access":"","_jetpack_newsletter_tier_id":0,"jetpack_publicize_message":"","jetpack_is_tweetstorm":false,"jetpack_publicize_feature_enabled":true,"jetpack_social_post_already_shared":true,"jetpack_social_options":{"image_generator_settings":{"template":"highway","enabled":false}}},"categories":[66,45,47,9,1],"tags":[],"jetpack_publicize_connections":[],"jetpack_featured_media_url":"https:\/\/baraka.cc\/wp-content\/uploads\/2020\/01\/foto1.jpg","jetpack_shortlink":"https:\/\/wp.me\/p4eHWX-1Ur","jetpack_sharing_enabled":true,"_links":{"self":[{"href":"https:\/\/baraka.cc\/index.php?rest_route=\/wp\/v2\/posts\/7343"}],"collection":[{"href":"https:\/\/baraka.cc\/index.php?rest_route=\/wp\/v2\/posts"}],"about":[{"href":"https:\/\/baraka.cc\/index.php?rest_route=\/wp\/v2\/types\/post"}],"author":[{"embeddable":true,"href":"https:\/\/baraka.cc\/index.php?rest_route=\/wp\/v2\/users\/3"}],"replies":[{"embeddable":true,"href":"https:\/\/baraka.cc\/index.php?rest_route=%2Fwp%2Fv2%2Fcomments&post=7343"}],"version-history":[{"count":1,"href":"https:\/\/baraka.cc\/index.php?rest_route=\/wp\/v2\/posts\/7343\/revisions"}],"predecessor-version":[{"id":7346,"href":"https:\/\/baraka.cc\/index.php?rest_route=\/wp\/v2\/posts\/7343\/revisions\/7346"}],"wp:featuredmedia":[{"embeddable":true,"href":"https:\/\/baraka.cc\/index.php?rest_route=\/wp\/v2\/media\/7344"}],"wp:attachment":[{"href":"https:\/\/baraka.cc\/index.php?rest_route=%2Fwp%2Fv2%2Fmedia&parent=7343"}],"wp:term":[{"taxonomy":"category","embeddable":true,"href":"https:\/\/baraka.cc\/index.php?rest_route=%2Fwp%2Fv2%2Fcategories&post=7343"},{"taxonomy":"post_tag","embeddable":true,"href":"https:\/\/baraka.cc\/index.php?rest_route=%2Fwp%2Fv2%2Ftags&post=7343"}],"curies":[{"name":"wp","href":"https:\/\/api.w.org\/{rel}","templated":true}]}}