{"id":7347,"date":"2020-01-28T11:52:34","date_gmt":"2020-01-28T09:52:34","guid":{"rendered":"https:\/\/baraka.cc\/?p=7347"},"modified":"2020-01-28T11:52:34","modified_gmt":"2020-01-28T09:52:34","slug":"baraka-2019-yili-faaliyet-raporunu-acikladi","status":"publish","type":"post","link":"https:\/\/baraka.cc\/?p=7347","title":{"rendered":"Baraka 2019 Y\u0131l\u0131 Faaliyet Raporunu A\u00e7\u0131klad\u0131"},"content":{"rendered":"<p>Baraka K\u00fclt\u00fcr Merkezi, 2019 y\u0131l\u0131 i\u00e7erisinde yine pek \u00e7ok k\u00fclt\u00fcrel ve sanatsal aktiviteye ve toplumsal sorunlara dikkat \u00e7eken eylem ve etkinli\u011fe imza att\u0131.<\/p>\n<p>Dernekler Yasas\u0131 \u00e7er\u00e7evesinde Kaymakaml\u0131\u011fa sunulan 2019 Y\u0131l\u0131 Faaliyet Raporumuzu, esas de\u011ferlendirme yetkisine sahip olan halk\u0131m\u0131zla payla\u015f\u0131yoruz:<\/p>\n<p><b>K\u00dcLT\u00dcR-SANAT-POL\u0130T\u0130KA DERG\u0130S\u0130 \u201cARGASD\u0130\u201d<\/b><\/p>\n<p>2019 y\u0131l\u0131nda \u201cBertolt Brecht\u201d, \u201cAdalet\u201d, \u201c\u00c7ocukluk\u201d ve \u201cBilim-Teknoloji-\u00dctopya\u201d dosya konular\u0131n\u0131 okurla bulu\u015fturan \u00fc\u00e7 ayl\u0131k ne\u015friyat Argasdi, Baraka K\u00fclt\u00fcr Merkezi\u2019nin k\u00fclt\u00fcr-sanat-politika dergisidir. Dosya konular\u0131n\u0131n \u00e7e\u015fitli boyutlar\u0131yla irdelendi\u011fi dergide bu y\u0131l yine derginin s\u00fcrekli sayfalar\u0131 olan \u201cMemleketin Ahvali\u201d, \u201cFeminist-\u0130Z\u201d, \u201cK\u0131br\u0131s K\u00fclt\u00fcr\u00fc\u201d gibi b\u00f6l\u00fcmler okuyucuyla bulu\u015fmaya devam etti. Hem d\u00fcnyada hem de K\u0131br\u0131s tarihinde ya\u015fanan olaylar \u201cBellek\u201d sayfas\u0131ndan aktar\u0131l\u0131rken, \u00fclke g\u00fcndemindeki konular\u0131n de\u011ferlendirilmesi ile \u00e7e\u015fitli m\u00fccadele alanlar\u0131ndan yaz\u0131lar Argasdi sayfalar\u0131na ta\u015f\u0131nd\u0131. Bunun yan\u0131 s\u0131ra \u015fiir, m\u00fczik, karikat\u00fcr, kitap, film ve tiyatro yaz\u0131lar\u0131n\u0131n yer ald\u0131\u011f\u0131 k\u00fclt\u00fcr-sanat sayfalar\u0131 da pek \u00e7ok farkl\u0131 yazar\u0131n kaleminden okurlar\u0131n be\u011fenisine sunuldu. 24 sayfal\u0131k renkli dergi, \u00fclkemizin en uzun s\u00fcre kesintisiz yay\u0131nlanan k\u00fclt\u00fcr-sanat-politika dergisi olarak 2020 y\u0131l\u0131nda da yay\u0131n hayat\u0131n\u0131 devam ettirecek.<\/p>\n<p style=\"text-align: center;\">\u00a0<a href=\"https:\/\/baraka.cc\/wp-content\/uploads\/2020\/01\/67262636_2682921281718231_6993801711173238784_n.jpg\"><img decoding=\"async\" loading=\"lazy\" class=\"alignnone size-medium wp-image-7348\" alt=\"67262636_2682921281718231_6993801711173238784_n\" src=\"https:\/\/baraka.cc\/wp-content\/uploads\/2020\/01\/67262636_2682921281718231_6993801711173238784_n-300x225.jpg\" width=\"300\" height=\"225\" srcset=\"https:\/\/baraka.cc\/wp-content\/uploads\/2020\/01\/67262636_2682921281718231_6993801711173238784_n-300x225.jpg 300w, https:\/\/baraka.cc\/wp-content\/uploads\/2020\/01\/67262636_2682921281718231_6993801711173238784_n.jpg 960w\" sizes=\"(max-width: 300px) 100vw, 300px\" \/><\/a><\/p>\n<p><b>L\u0130SEL\u0130 GEN\u00c7LER VE YET\u0130\u015eK\u0130NLER \u0130\u00c7\u0130N T\u0130YATRO EK\u0130PLER\u0130M\u0130Z<\/b><\/p>\n<p>Baraka Tiyatro Ekibi, yeti\u015fkin ve gen\u00e7lik gruplar\u0131 ile 2019 y\u0131l\u0131nda sahne ve sokak tiyatrolar\u0131 ger\u00e7ekle\u015ftirdi. Baraka Gen\u00e7lik Tiyatrosu \u201cNeler Oluyor Hayatta?\u201d adl\u0131 oyununu \u015fubat ay\u0131nda Arabahmet K\u00fclt\u00fcr Evi\u2019nde, ard\u0131ndan da mart ay\u0131nda Lefko\u015fa T\u00fcrk Lisesi \u00f6\u011frencilerine \u00f6zel g\u00f6sterim olarak AKM\u2019de ve Alayk\u00f6y K\u00fclt\u00fcr Derne\u011fi\u2019nin davetlisi olarak Alayk\u00f6y\u2019de sahneledi. Hababam s\u0131n\u0131f\u0131ndan esintilerle, e\u011fitim sisteminin s\u0131k\u0131nt\u0131lar\u0131n\u0131 gen\u00e7lerin g\u00f6z\u00fcnden mizahi bir dille anlatan oyun, \u0130slam \u00fclkelerindeki k\u0131z \u00e7ocuklar\u0131n\u0131n e\u011fitim hakk\u0131na da vurgu yapmaktayd\u0131.\u00a0 Yeti\u015fkinler tiyatro ekibimiz ise Sermet \u00c7a\u011fan\u2019\u0131n \u201cAyak Bacak Fabrikas\u0131\u201d oyununu Nisan ay\u0131nda Arabahmet K\u00fclt\u00fcr Evi&#8217;nde sahneledi, ard\u0131ndan da may\u0131s ay\u0131nda Ma\u011fusa ve Omorfo seyircisiyle bulu\u015fturdu. Sermaye ile i\u015fbirli\u011fi yapan y\u00f6neticilerin kendi \u00e7\u0131karlar\u0131 i\u00e7in halk\u0131 kand\u0131rma \u00e7abalar\u0131n\u0131 ve halk\u0131n aymazl\u0131\u011f\u0131n\u0131 anlatan oyun canl\u0131 m\u00fczik ve dansl\u0131 sahneleriyle de be\u011feni toplad\u0131. 2019 y\u0131l\u0131n\u0131n eyl\u00fcl ve ekim aylar\u0131nda tiyatro ekiplerimiz yeni d\u00f6neme, yeni kat\u0131lanlarla birlikte e\u011fitim \u00e7al\u0131\u015fmalar\u0131 yaparak ba\u015flad\u0131. Belediye ve Devlet Tiyatrolar\u0131 oyuncular\u0131n\u0131n da at\u00f6lye \u00e7al\u0131\u015fmalar\u0131 ile katk\u0131 koydu\u011fu e\u011fitim s\u00fcrecinde Lapta gen\u00e7lik Kamp\u0131 tesislerinde Tiyatro Kamp\u0131 da ger\u00e7ekle\u015ftirildi. Devlet Tiyatrosu \u00f6n\u00fcnde, sanatta sans\u00fcr\u00fcn olmamas\u0131 ve \u00f6zerk tiyatro i\u00e7in;\u00a0 Lefko\u015fa \u00e7ar\u015f\u0131s\u0131nda ise g\u00f6zetim toplumuna kar\u015f\u0131 Mobeseye NObese demek i\u00e7in sokaklamalar da yapan tiyatrocular\u0131m\u0131z, John Steinbeck\u2019in \u201cAy Batarken\u201d roman\u0131ndan uyarlad\u0131klar\u0131 oyun i\u00e7in provalara devam ediyor.<\/p>\n<p style=\"text-align: center;\">\u00a0\u00a0<a href=\"https:\/\/baraka.cc\/wp-content\/uploads\/2020\/01\/51982121_2409958759014486_8918296627169460224_o.jpg\"><img decoding=\"async\" loading=\"lazy\" class=\"alignnone size-medium wp-image-7350\" alt=\"51982121_2409958759014486_8918296627169460224_o\" src=\"https:\/\/baraka.cc\/wp-content\/uploads\/2020\/01\/51982121_2409958759014486_8918296627169460224_o-300x128.jpg\" width=\"300\" height=\"128\" srcset=\"https:\/\/baraka.cc\/wp-content\/uploads\/2020\/01\/51982121_2409958759014486_8918296627169460224_o-300x128.jpg 300w, https:\/\/baraka.cc\/wp-content\/uploads\/2020\/01\/51982121_2409958759014486_8918296627169460224_o-1024x439.jpg 1024w\" sizes=\"(max-width: 300px) 100vw, 300px\" \/><\/a>\u00a0 \u00a0\u00a0<a href=\"https:\/\/baraka.cc\/wp-content\/uploads\/2020\/01\/56902443_2508174542526240_6247345689437667328_n.jpg\"><img decoding=\"async\" loading=\"lazy\" class=\"alignnone size-medium wp-image-7351\" alt=\"56902443_2508174542526240_6247345689437667328_n\" src=\"https:\/\/baraka.cc\/wp-content\/uploads\/2020\/01\/56902443_2508174542526240_6247345689437667328_n-300x225.jpg\" width=\"300\" height=\"225\" srcset=\"https:\/\/baraka.cc\/wp-content\/uploads\/2020\/01\/56902443_2508174542526240_6247345689437667328_n-300x225.jpg 300w, https:\/\/baraka.cc\/wp-content\/uploads\/2020\/01\/56902443_2508174542526240_6247345689437667328_n.jpg 960w\" sizes=\"(max-width: 300px) 100vw, 300px\" \/><\/a><\/p>\n<p><b>M\u00dcZ\u0130K GRUBUMUZ: SOL ANAHTARI<\/b><\/p>\n<p>Baraka M\u00fczik Grubu Sol Anahtar\u0131, 2019 y\u0131l\u0131 i\u00e7erisinde her y\u0131l oldu\u011fu gibi yine pek \u00e7ok festivalde, eylemde ve etkinlikte \u00fccretsiz olarak sahne ald\u0131. Grup, \u201c3. Uluslararas\u0131 Fikret Demira\u011f \u015eiir Festivali\u201d, \u201c10. Lefke Hurma Festivali\u201d, \u201c11. G\u00f6\u00e7menk\u00f6y &#8211; Ta\u015fk\u0131nk\u00f6y K\u00fclt\u00fcr ve Sanat Festivali\u201d, \u201cTurnalar K\u0131rsal K\u00f6y Festivali\u201d gibi festivallere kat\u0131larak her zaman oldu\u011fu gibi \u00fccretsiz konserler verdi. Ge\u00e7itkale Belediyesi Engelli Meclisi taraf\u0131ndan organize edilen ve engelli bireylerin de rol ald\u0131\u011f\u0131 tiyatro oyunu i\u00e7in \u201cEngelsiziz\u201d adl\u0131 par\u00e7ay\u0131 besteleyen grup, oyun \u00f6ncesi Ge\u00e7itkale\u2019de mini bir konser verdi. \u00c7ernobil facias\u0131n\u0131n y\u0131ld\u00f6n\u00fcm\u00fc nedeniyle Lefko\u015fa\u2019da ara b\u00f6lgede d\u00fczenlenen iki toplumlu n\u00fckleer kar\u015f\u0131t\u0131 eyleme destek veren Sol Anahtar\u0131, eylemde \u015fark\u0131lar\u0131n\u0131 seslendirdi. Grup, kat\u0131ld\u0131\u011f\u0131 festivallerde verdi\u011fi konserlerin yan\u0131 s\u0131ra eyl\u00fcl ay\u0131nda Baraka K\u00fclt\u00fcr Merkezi lokali bah\u00e7esinde halka a\u00e7\u0131k \u00fccretsiz konser d\u00fczenledi. Sol Anahtar\u0131 ayr\u0131ca aral\u0131k ay\u0131nda Ba\u011f\u0131ms\u0131zl\u0131k Yolu\u2019nun dayan\u0131\u015fma yeme\u011finde de sahne ald\u0131. Arif Hasan Tahsin\u2019in \u00f6l\u00fcm y\u0131ld\u00f6n\u00fcm\u00fcnde sebebiyle d\u00fczenlenen anma etkinli\u011finde sahne alan Sol Anahtar\u0131, Ta\u015fkent\u2019te d\u00fczenlenen \u201cYaban Hayat Destek Konseri\u201dnde de konser verdi. Sol Anahtar\u0131 2018 yaz\u0131nda \u00e7\u0131kard\u0131\u011f\u0131 \u201cYolda\u201d alb\u00fcm\u00fcnde yer alan \u201cGurtulaman Elimden\u201d \u015fark\u0131s\u0131na K\u00fclt\u00fcr Dairesinden ald\u0131\u011f\u0131 maddi destekle klip \u00e7ekti. Grup, yine ayn\u0131 alb\u00fcmde yer alan \u201cVaraca\u011f\u0131z\u201d isimli \u015fark\u0131s\u0131 i\u00e7in de klip \u00e7ekimi \u00e7al\u0131\u015fmalar\u0131na halen devam etmektedir.<\/p>\n<p style=\"text-align: center;\">\u00a0<a href=\"https:\/\/baraka.cc\/wp-content\/uploads\/2020\/01\/71220850_2806703762673315_9179581357758611456_n.jpg\"><img decoding=\"async\" loading=\"lazy\" class=\"alignnone size-medium wp-image-7352\" alt=\"71220850_2806703762673315_9179581357758611456_n\" src=\"https:\/\/baraka.cc\/wp-content\/uploads\/2020\/01\/71220850_2806703762673315_9179581357758611456_n-300x225.jpg\" width=\"300\" height=\"225\" srcset=\"https:\/\/baraka.cc\/wp-content\/uploads\/2020\/01\/71220850_2806703762673315_9179581357758611456_n-300x225.jpg 300w, https:\/\/baraka.cc\/wp-content\/uploads\/2020\/01\/71220850_2806703762673315_9179581357758611456_n.jpg 960w\" sizes=\"(max-width: 300px) 100vw, 300px\" \/><\/a><\/p>\n<p><b>\u00c7OCUKLARA Y\u00d6NEL\u0130K \u00dcCRETS\u0130Z YAZ KURSLARI<\/b><b><\/b><\/p>\n<p>Baraka aktivistleri, ge\u00e7mi\u015f y\u0131llarda oldu\u011fu gibi 2019 yaz tatilinde de 5 hafta boyunca, ilkokul \u00e7ocuklar\u0131na y\u00f6nelik kurslar d\u00fczenledi. \u201cKalem Ka\u011f\u0131da Sar\u0131l\u0131n\u201d temas\u0131yla haftan\u0131n alt\u0131 g\u00fcn\u00fc ger\u00e7ekle\u015ftirilen kurslar, \u201cOkuyan \u0130nsan Halk\u0131n\u0131n Yan\u0131ndad\u0131r\u201d \u00e7a\u011fr\u0131s\u0131yla katk\u0131 koymak isteyen, alan\u0131nda uzman ve deneyimli g\u00f6n\u00fcll\u00fc e\u011fitmenlerle birlikte ger\u00e7ekle\u015ftirildi. \u0130ki etaptan olu\u015fan yaz kurslar\u0131nda \u00e7ocuklar ilk 2 hafta boyunca e\u011fitsel spor oyunlar\u0131 ile hem bedenlerini daha iyi tan\u0131ma f\u0131rsat\u0131 yakalad\u0131 hem de fiziksel becerilerini geli\u015ftirme imkan\u0131 buldu.<\/p>\n<p>Kurslar\u0131n ikinci etab\u0131nda da g\u00f6rsel sanatlar, m\u00fczik, seramik, satran\u00e7, \u0130ngilizce, evrim, fen deneyleri, halk danslar\u0131, modern dans gibi konular\u0131n yan\u0131nda, engelliler ad\u0131na empati, \u00e7ocuk haklar\u0131, hayvan sevgisi, \u00e7evre bilinci, felsefe treni ve yarat\u0131c\u0131 drama gibi \u00e7e\u015fitli temalarda bilgilendirici ve fark\u0131ndal\u0131k yarat\u0131c\u0131 seminerler de verildi. Ayn\u0131 zaman da k\u00fclt\u00fcr gezisi \u00e7er\u00e7evesinde Girne Liman\u0131 ve Girne Kalesi\u2019ne gezi d\u00fczenlendi. \u00c7ocuklar gezi boyunca hem e\u011flenceli vakit ge\u00e7irdi hem de Girne Liman\u0131 ve Girne Kalesi hakk\u0131nda bilgiler edindi. Kurs sonunda yap\u0131lan \u015fenlikte koro, halk danslar\u0131 ve modern dans g\u00f6sterileri sunuldu. Ayn\u0131 zamanda \u00e7ocuklar\u0131n g\u00f6rsel sanatlar ve seramik dersindeki \u00fcretimleri sergilendi ve okuma al\u0131\u015fkanl\u0131\u011f\u0131n\u0131 geli\u015ftirmek i\u00e7in onlara kitaplar hediye edildi.\u00a0 \u00c7ocuklar\u0131n spor, bilim, sanat ve k\u00fclt\u00fcrel de\u011ferlerle b\u00fcy\u00fcmesinin \u00f6nemine inanan ve t\u00fcm \u00e7ocuklara \u00fccretsiz olarak kap\u0131lar\u0131n\u0131 a\u00e7man\u0131n en b\u00fcy\u00fck sorumluluklardan biri oldu\u011funu d\u00fc\u015f\u00fcnen Baraka aktivistleri, yedi y\u0131ld\u0131r devam eden etkinli\u011fi \u00fccretsiz olarak her y\u0131l tekrarlamay\u0131 planl\u0131yorlar.<\/p>\n<p><a href=\"https:\/\/baraka.cc\/wp-content\/uploads\/2020\/01\/66390582_2661150343895325_7160280699470086144_o.jpg\"><img decoding=\"async\" loading=\"lazy\" class=\"alignnone size-medium wp-image-7353\" alt=\"66390582_2661150343895325_7160280699470086144_o\" src=\"https:\/\/baraka.cc\/wp-content\/uploads\/2020\/01\/66390582_2661150343895325_7160280699470086144_o-300x168.jpg\" width=\"300\" height=\"168\" srcset=\"https:\/\/baraka.cc\/wp-content\/uploads\/2020\/01\/66390582_2661150343895325_7160280699470086144_o-300x168.jpg 300w, https:\/\/baraka.cc\/wp-content\/uploads\/2020\/01\/66390582_2661150343895325_7160280699470086144_o-1024x576.jpg 1024w, https:\/\/baraka.cc\/wp-content\/uploads\/2020\/01\/66390582_2661150343895325_7160280699470086144_o.jpg 2048w\" sizes=\"(max-width: 300px) 100vw, 300px\" \/><\/a>\u00a0<a href=\"https:\/\/baraka.cc\/wp-content\/uploads\/2020\/01\/66397540_2664655156878177_8305591363114631168_o.jpg\"><img decoding=\"async\" loading=\"lazy\" class=\"alignnone size-medium wp-image-7354\" alt=\"66397540_2664655156878177_8305591363114631168_o\" src=\"https:\/\/baraka.cc\/wp-content\/uploads\/2020\/01\/66397540_2664655156878177_8305591363114631168_o-300x225.jpg\" width=\"300\" height=\"225\" srcset=\"https:\/\/baraka.cc\/wp-content\/uploads\/2020\/01\/66397540_2664655156878177_8305591363114631168_o-300x225.jpg 300w, https:\/\/baraka.cc\/wp-content\/uploads\/2020\/01\/66397540_2664655156878177_8305591363114631168_o.jpg 960w\" sizes=\"(max-width: 300px) 100vw, 300px\" \/><\/a>\u00a0<a href=\"https:\/\/baraka.cc\/wp-content\/uploads\/2020\/01\/66639431_2668595976484095_3507230363602649088_o.jpg\"><img decoding=\"async\" loading=\"lazy\" class=\"alignnone size-medium wp-image-7355\" alt=\"66639431_2668595976484095_3507230363602649088_o\" src=\"https:\/\/baraka.cc\/wp-content\/uploads\/2020\/01\/66639431_2668595976484095_3507230363602649088_o-300x168.jpg\" width=\"300\" height=\"168\" srcset=\"https:\/\/baraka.cc\/wp-content\/uploads\/2020\/01\/66639431_2668595976484095_3507230363602649088_o-300x168.jpg 300w, https:\/\/baraka.cc\/wp-content\/uploads\/2020\/01\/66639431_2668595976484095_3507230363602649088_o-1024x576.jpg 1024w, https:\/\/baraka.cc\/wp-content\/uploads\/2020\/01\/66639431_2668595976484095_3507230363602649088_o.jpg 1440w\" sizes=\"(max-width: 300px) 100vw, 300px\" \/><\/a>\u00a0<a href=\"https:\/\/baraka.cc\/wp-content\/uploads\/2020\/01\/65241028_2627325140611179_472591297576697856_o.jpg\"><img decoding=\"async\" loading=\"lazy\" class=\"alignnone size-medium wp-image-7356\" alt=\"65241028_2627325140611179_472591297576697856_o\" src=\"https:\/\/baraka.cc\/wp-content\/uploads\/2020\/01\/65241028_2627325140611179_472591297576697856_o-300x168.jpg\" width=\"300\" height=\"168\" srcset=\"https:\/\/baraka.cc\/wp-content\/uploads\/2020\/01\/65241028_2627325140611179_472591297576697856_o-300x168.jpg 300w, https:\/\/baraka.cc\/wp-content\/uploads\/2020\/01\/65241028_2627325140611179_472591297576697856_o-1024x576.jpg 1024w, https:\/\/baraka.cc\/wp-content\/uploads\/2020\/01\/65241028_2627325140611179_472591297576697856_o.jpg 2048w\" sizes=\"(max-width: 300px) 100vw, 300px\" \/><\/a><\/p>\n<p><b>SUN-\u0130ZLE-TARTI\u015e (\u00dcCRETS\u0130Z S\u0130NEMA ETK\u0130NL\u0130\u011e\u0130)<\/b><\/p>\n<p>Baraka K\u00fclt\u00fcr Merkezinin on alt\u0131 y\u0131ldan fazla s\u00fcredir kesintisiz olarak devam ettirdi\u011fi \u00fccretsiz sinema etkinli\u011fi Sun-\u0130zle-Tart\u0131\u015f, 2019 y\u0131l\u0131nda da kat\u0131l\u0131mc\u0131lar\u0131n yo\u011fun ilgisi ile devam etti. \u0130zleyicilerin \u00f6nerileriyle belirlenen filmler, bir\u00e7ok farkl\u0131 konu ve g\u00f6r\u00fc\u015f\u00fc bar\u0131nd\u0131rarak; verdi\u011fi mesaj ve tart\u0131\u015ft\u0131\u011f\u0131 konular ile ufuk a\u00e7\u0131p ba\u015fka bir sinema k\u00fclt\u00fcr\u00fcn\u00fcn de m\u00fcmk\u00fcn oldu\u011funu bir kez daha g\u00f6sterdi. Her ay Baraka\u2019n\u0131n K\u0131z\u0131lba\u015f\u2019taki lokalinde ger\u00e7ekle\u015fen, halka a\u00e7\u0131k ve \u00fccretsiz etkinliklerde, \u00f6zel g\u00fcnlerde \u00f6zel g\u00f6sterimlere de yer verildi. Y\u0131l\u0131n ilk filmi olarak ocak ay\u0131nda \u201cBen Malala\u201d izlendi. \u015eubat ay\u0131nda okullar\u0131n da tatile girmesiyle \u00e7ocuklara da hitap edebilecek bir film tercih edilerek \u201cYerdeki Y\u0131ld\u0131zlar \u2013 Her \u00c7ocuk \u00d6zeldir\u201d filmi izlenip toplumun \u00f6zel \u00e7ocuklara kar\u015f\u0131 tutumu tart\u0131\u015f\u0131ld\u0131. mart ay\u0131nda ise \u201c\u0130tiraz\u0131m Var\u201d filmi izlendi. \u00dccretsiz ger\u00e7ekle\u015ftirilen bu etkinlik \u00e7er\u00e7evesinde nisan ay\u0131nda \u201cBlack Panter\u201d filmi izlenirken bir sonraki ayda da \u201cWonder\u201d sinema severlerle bulu\u015ftu. Havalar\u0131n \u0131s\u0131nmas\u0131yla bah\u00e7eye ta\u015f\u0131nan \u0130zle-Tart\u0131\u015f\u2019ta yaz filmleri olarak \u201cHanna\u201d, \u201cBulut Atlas\u0131\u201d, \u201cHayat Treni\u201d\u00a0 izlenerek farkl\u0131 temalarda s\u00f6yle\u015filer ger\u00e7ekle\u015ftirildi. Sonras\u0131nda serinleyen hava ile tekrar salona ta\u015f\u0131nan etkinlik, \u201cDer Verdingbub\u201d ve \u201cYe\u015fil Rehber\u201d filmlerinin izlenmesi ile bir y\u0131l\u0131 daha tamamlad\u0131. \u0130zlenen filmler vas\u0131tas\u0131yla; muhafazakarla\u015fma, k\u0131z \u00e7ocuklar\u0131n\u0131n e\u011fitim hakk\u0131, toplumun \u00f6zel veya farkl\u0131 g\u00f6rd\u00fc\u011f\u00fc ki\u015filere kar\u015f\u0131 tak\u0131nd\u0131\u011f\u0131 tutum, liderlerin s\u00f6zde halk ad\u0131na ald\u0131\u011f\u0131 kararlar\u0131n sorgulanmas\u0131, \u0131rk\u00e7\u0131l\u0131k, birlik olman\u0131n g\u00fcc\u00fc art\u0131rd\u0131\u011f\u0131 ve haklar\u0131n ancak u\u011fruna m\u00fccadele dilerek kazan\u0131labilece\u011fi gibi konular hakk\u0131nda derin sohbetlere yer verildi.<\/p>\n<p>Kat\u0131lanlar\u0131n \u00f6nerileri ile se\u00e7ilen filmler, \u00f6nerenlerin diledi\u011fi gibi ger\u00e7ekle\u015ftirdi\u011fi sunumlar ve g\u00f6sterim sonras\u0131 ger\u00e7ekle\u015fen serbest sohbet ortam\u0131 ile Sun-\u0130zle-Tart\u0131\u015f etkinli\u011fimiz, birlikte film izlemenin yan\u0131 s\u0131ra farkl\u0131 bak\u0131\u015f a\u00e7\u0131lar\u0131n\u0131 yakalamak, sinema izlemenin sadece pasif izleme alanlar\u0131 olan kocaman salonlardan ibaret olmad\u0131\u011f\u0131n\u0131 g\u00f6stermek amac\u0131n\u0131 ta\u015f\u0131maktad\u0131r.<\/p>\n<p><b>OKUMA-TARTI\u015eMA GRUBU<\/b><br \/>\nBaraka\u2019n\u0131n en uzun soluklu etkinlik gruplar\u0131ndan bir tanesi olan \u201cOkuma-Tart\u0131\u015fma\u201d grubu 2019 y\u0131l\u0131nda da birlikte okuyup birlikte tart\u0131\u015fmaya devam etti. Haftada bir periyoduyla devam eden bu faaliyetimiz, kar\u015f\u0131l\u0131kl\u0131 \u00f6\u011frenme \u00fczerine kurulu bir yap\u0131ya sahiptir. Etkinli\u011fe kat\u0131lan \u00fcyelerin birlikte belirledikleri kitap, yaz\u0131 veya makaleler birlikte okunup tart\u0131\u015f\u0131lmaktad\u0131r. Ge\u00e7ti\u011fimiz y\u0131l da bir\u00e7ok farkl\u0131 kitap se\u00e7ilerek okunmaya devam etti. 2019 y\u0131l\u0131na <a href=\"https:\/\/www.dr.com.tr\/Sanatci\/andrew-boyd\/s=311450\">Andrew Boyd<\/a> ve\u00a0<a href=\"https:\/\/www.dr.com.tr\/Sanatci\/dave-oswald-mitchell\/s=311451\">Dave Oswald Mitchell<\/a>\u2019\u0131n derledi\u011fi \u201cBela \u0130yidir\u201d isimli kitab\u0131n ard\u0131ndan <a href=\"https:\/\/www.idefix.com\/Yazar\/stefan-zweig\/s=125486\">Stefan Zweig<\/a>\u2019in kaleme ald\u0131\u011f\u0131 \u201cSatran\u00e7\u201d kitab\u0131 se\u00e7ildi. Keyifli ge\u00e7en bu okumalar\u0131n devam\u0131nda Eduardo Galeano\u2019nun \u201cAynalar\u201d kitab\u0131 tamamland\u0131 ve hemen ard\u0131ndan \u201cEn Uuzun Ko\u015fuda Adal\u0131lar\u201d isimli kitaba ba\u015fland\u0131. S\u00f6yle\u015fileri Ali \u015eahin taraf\u0131ndan yap\u0131lan bu kitap \u015fu s\u0131ralar devam etmektedir. Okuma-tart\u0131\u015fma grubu, kitaplar\u0131 seven ve birlikte okuma keyfi ile birlikte disiplinine sahip olan herkese a\u00e7\u0131k bir etkinliktir.<\/p>\n<p><b>V\u0130DEO AT\u00d6LYES\u0130<\/b><\/p>\n<p>2019 y\u0131l\u0131nda olu\u015fturulan Baraka Video At\u00f6lyesi, video \u00e7ekim ve montaj tekniklerinin hep birlikte \u00f6\u011frenilmesini, video \u00fcretiminin kolektif hale getirilmesini ve g\u00f6rsel alandaki \u00fcretimlerin \u00e7o\u011falt\u0131labilmesi hedefiyle yola \u00e7\u0131kt\u0131. E\u011flenerek ve keyif alarak, videonun etkin kullan\u0131m\u0131, montaj, videoda ses\/\u0131\u015f\u0131k, senaryo\/kurgu \u00e7al\u0131\u015fmas\u0131, temel kamera a\u00e7\u0131lar\u0131\/a\u00e7\u0131lar\u0131n kullan\u0131m\u0131 gibi alanlarda dersler d\u00fczenlendi. Bildiklerini birbirleriyle payla\u015fan ve birlikte \u00f6\u011frenen kat\u0131l\u0131mc\u0131lar, Baraka Video At\u00f6lyesi imzas\u0131yla 2019 y\u0131l\u0131 i\u00e7erisinde k\u0131sa video denemeleri haz\u0131rlarken, Baraka gen\u00e7lik ve yeti\u015fkin tiyatro ekiplerinin fragman ve oyun \u00e7ekimlerini ger\u00e7ekle\u015ftirdi, m\u00fczik grubu Sol Anahtar\u0131\u2019n\u0131n performans kay\u0131t ve montajlar\u0131n\u0131 yapt\u0131. At\u00f6lye ayr\u0131ca y\u0131l i\u00e7erisinde d\u00fczenlenen 1 May\u0131s gibi kitlesel mitingler i\u00e7in Baraka K\u00fclt\u00fcr Merkezi ad\u0131na \u00e7a\u011fr\u0131 videolar\u0131 haz\u0131rlarken, baz\u0131 eylemleri de kay\u0131t alt\u0131na alarak teorinin yan\u0131na prati\u011fi de ekledi\u011fi ilk d\u00f6nemini geride b\u0131rakm\u0131\u015f oldu.<\/p>\n<p style=\"text-align: center;\">\u00a0<a href=\"https:\/\/baraka.cc\/wp-content\/uploads\/2020\/01\/68757163_2739229659420726_6527073572236558336_n.jpg\"><img decoding=\"async\" loading=\"lazy\" class=\"alignnone size-medium wp-image-7357\" alt=\"68757163_2739229659420726_6527073572236558336_n\" src=\"https:\/\/baraka.cc\/wp-content\/uploads\/2020\/01\/68757163_2739229659420726_6527073572236558336_n-300x170.jpg\" width=\"300\" height=\"170\" srcset=\"https:\/\/baraka.cc\/wp-content\/uploads\/2020\/01\/68757163_2739229659420726_6527073572236558336_n-300x170.jpg 300w, https:\/\/baraka.cc\/wp-content\/uploads\/2020\/01\/68757163_2739229659420726_6527073572236558336_n.jpg 960w\" sizes=\"(max-width: 300px) 100vw, 300px\" \/><\/a><\/p>\n<p><b>YAZ KAMPI<\/b><\/p>\n<p>Baraka K\u00fclt\u00fcr Merkezi bu y\u0131l 13\u2019\u00fcnc\u00fcs\u00fcn\u00fc ger\u00e7ekle\u015ftirdi\u011fi yaz kamp\u0131nda t\u00fcm y\u0131l\u0131n yorgunlu\u011funu atmay\u0131 ve yeni etkinliklere haz\u0131rlanmay\u0131 ama\u00e7lad\u0131. Kamp, Akatu\u2019da 2 &#8211; 4 A\u011fustos tarihleri aras\u0131nda ger\u00e7ekle\u015ftirildi. Baraka aktivistleri ve dostlar\u0131na a\u00e7\u0131k bir \u015fekilde \u00e7ad\u0131r kamp\u0131 olarak d\u00fczenlenen kampta yeni bir \u00fcretim ve m\u00fccadele d\u00f6nemi i\u00e7in enerji topland\u0131. Baraka Tiyatro Ekibi\u2019nin ve Sol Anahtar\u0131 m\u00fczik grubunun etkinlikleriyle kat\u0131l\u0131mc\u0131lar keyifli vakit ge\u00e7irdi. Satran\u00e7 ve tavla turnuvas\u0131 yan\u0131nda sportif aktiviteler de d\u00fczenlendi. Ayr\u0131ca \u201cK\u00fclt\u00fcrel alan ara\u00e7lar\u0131n\u0131n politik m\u00fccadeleye katk\u0131s\u0131 ve aralar\u0131ndaki diyalektik ili\u015fki\u201d konulu bir de forum (s\u00f6yle\u015fi) ger\u00e7ekle\u015ftirildi.<\/p>\n<p><b>KADIN E\u011e\u0130T\u0130M\u0130 KOLEKT\u0130F\u0130 <\/b><\/p>\n<p>Baraka aktivistlerinin de g\u00f6n\u00fcll\u00fc e\u011fitmen olarak g\u00f6rev ald\u0131\u011f\u0131 Kad\u0131n E\u011fitimi Kolektifi, 2019 y\u0131l\u0131nda e\u011fitimlerine devam ederken, kad\u0131n cinayetleri, gece kul\u00fcpleri, kad\u0131na y\u00f6nelik \u015fiddet gibi konularda da eylem ve etkinlikler ger\u00e7ekle\u015ftirdi. Ayr\u0131ca 17 May\u0131s, 8 Mart ve 25 Kas\u0131m gibi toplumsal cinsiyet e\u015fitli\u011fi yolunda verilen m\u00fccadeleleri simgeleyen g\u00fcnlerde yap\u0131lan eylemlerin organizasyonu da bulundu veya katk\u0131 koydu. Kolektif, mart ay\u0131nda 8 Mart etkinlikleri kapsam\u0131nda TEL-SEN\u2019in d\u00fczenledi\u011fi konferansa konu\u015fmac\u0131 olarak kat\u0131ld\u0131. Ayr\u0131ca, kad\u0131n filmleri ve s\u00f6yle\u015filerden olu\u015fan FeM\u0130N\u0130stival adl\u0131 film festivali kapsam\u0131nda, \u015fubat ay\u0131nda Lefko\u015fa, Akdo\u011fan, Omorfo ve Ma\u011fusa olmak \u00fczere 4 farkl\u0131 b\u00f6lgede film g\u00f6sterimleri d\u00fczenlendi. Baraka aktivistlerinin de toplumsal cinsiyet e\u015fitli\u011fi alan\u0131nda \u00e7al\u0131\u015fmalar y\u00fcr\u00fctt\u00fc\u011f\u00fc Kad\u0131n E\u011fitimi Kolektifi, may\u0131s ay\u0131nda Girne \u00dcniversitesi, ocak ay\u0131nda ise Yak\u0131ndo\u011fu \u00dcniversitesi Sosyal Hizmetler B\u00f6l\u00fcm\u00fc \u00f6\u011frencilerini, seminer ve drama at\u00f6lyelerinde bulu\u015fturdu. Her seminerin ard\u0131ndan yap\u0131lan drama \u00e7al\u0131\u015fmalar\u0131 ile e\u011fitimin peki\u015ftirilmesi ve kat\u0131l\u0131mc\u0131lar\u0131n \u00f6zg\u00fcrle\u015fmeyi ve de\u011fi\u015fimi prova etmesi sa\u011fland\u0131. \u00dccretsiz olan e\u011fitimlerin en az 4\u2019\u00fcne kat\u0131lanlara sertifika da verildi. Ocak ay\u0131nda ise \u201cAkile i\u00e7in adalet\u201d talebiyle, kocas\u0131 taraf\u0131ndan \u00f6ld\u00fcr\u00fclen Akile Nacisoy davas\u0131n\u0131n takip\u00e7isi oldu ve mahkemede bulundu. Bunlar\u0131n d\u0131\u015f\u0131nda Kolektif aktivistleri y\u0131l boyunca g\u00fcndemde olan \u00e7e\u015fitli toplumsal cinsiyet e\u015fitli\u011fi, kad\u0131n cinayeti, gece kul\u00fcpleri, emek s\u00f6m\u00fcr\u00fcs\u00fc gibi konularda gazete\/tv\/radyo programlar\u0131na kat\u0131lm\u0131\u015f ve deme\u00e7 vermi\u015ftir.<\/p>\n<p><b>UMUT BAH\u00c7ES\u0130 BAKIM ETK\u0130NL\u0130KLER\u0130<\/b><\/p>\n<p>Ba\u011f\u0131ms\u0131zl\u0131k Yolu ile birlikte Haydarpa\u015fa Ticaret Lisesi\u2019nin yan\u0131nda Lefko\u015fa T\u00fcrk Belediyesi\u2019ne ait bir ye\u015fil alan\u0131n a\u011fa\u00e7land\u0131r\u0131lmas\u0131n\u0131 \u00fcstlenen ve buraya Belediye Meclisi karar\u0131yla \u201cUmut Bah\u00e7esi\u201d ad\u0131n\u0131 veren Baraka aktivisteri, a\u011fa\u00e7land\u0131rm\u0131\u015f olduklar\u0131 bah\u00e7enin bak\u0131m\u0131n\u0131 yapmaya, sulamaya ve otlardan temizlemeye devam etti. \u015eehrin i\u00e7inde nefes al\u0131nabilecek bir alan yaratma gayesi ile \u00e7\u0131kt\u0131\u011f\u0131m\u0131z bu yolda, gelecek y\u0131l da bak\u0131m ve yeni ekim \u00e7al\u0131\u015fmalar\u0131m\u0131za devam edece\u011fiz.<\/p>\n<p><a href=\"https:\/\/baraka.cc\/wp-content\/uploads\/2020\/01\/59400268_2538248162852211_6766826119942373376_o.jpg\"><img decoding=\"async\" loading=\"lazy\" class=\"alignnone size-medium wp-image-7358\" alt=\"59400268_2538248162852211_6766826119942373376_o\" src=\"https:\/\/baraka.cc\/wp-content\/uploads\/2020\/01\/59400268_2538248162852211_6766826119942373376_o-300x225.jpg\" width=\"300\" height=\"225\" srcset=\"https:\/\/baraka.cc\/wp-content\/uploads\/2020\/01\/59400268_2538248162852211_6766826119942373376_o-300x225.jpg 300w, https:\/\/baraka.cc\/wp-content\/uploads\/2020\/01\/59400268_2538248162852211_6766826119942373376_o.jpg 960w\" sizes=\"(max-width: 300px) 100vw, 300px\" \/><\/a>\u00a0<a href=\"https:\/\/baraka.cc\/wp-content\/uploads\/2020\/01\/53347528_2452267954783566_8528424333834452992_o.jpg\"><img decoding=\"async\" loading=\"lazy\" class=\"alignnone size-medium wp-image-7359\" alt=\"53347528_2452267954783566_8528424333834452992_o\" src=\"https:\/\/baraka.cc\/wp-content\/uploads\/2020\/01\/53347528_2452267954783566_8528424333834452992_o-300x110.jpg\" width=\"300\" height=\"110\" srcset=\"https:\/\/baraka.cc\/wp-content\/uploads\/2020\/01\/53347528_2452267954783566_8528424333834452992_o-300x110.jpg 300w, https:\/\/baraka.cc\/wp-content\/uploads\/2020\/01\/53347528_2452267954783566_8528424333834452992_o-1024x375.jpg 1024w, https:\/\/baraka.cc\/wp-content\/uploads\/2020\/01\/53347528_2452267954783566_8528424333834452992_o.jpg 1500w\" sizes=\"(max-width: 300px) 100vw, 300px\" \/><\/a>\u00a0<a href=\"https:\/\/baraka.cc\/wp-content\/uploads\/2020\/01\/69224006_2746884755321883_4846662107233517568_o.jpg\"><img decoding=\"async\" loading=\"lazy\" class=\"alignnone size-medium wp-image-7360\" alt=\"69224006_2746884755321883_4846662107233517568_o\" src=\"https:\/\/baraka.cc\/wp-content\/uploads\/2020\/01\/69224006_2746884755321883_4846662107233517568_o-300x145.jpg\" width=\"300\" height=\"145\" srcset=\"https:\/\/baraka.cc\/wp-content\/uploads\/2020\/01\/69224006_2746884755321883_4846662107233517568_o-300x145.jpg 300w, https:\/\/baraka.cc\/wp-content\/uploads\/2020\/01\/69224006_2746884755321883_4846662107233517568_o-1024x497.jpg 1024w, https:\/\/baraka.cc\/wp-content\/uploads\/2020\/01\/69224006_2746884755321883_4846662107233517568_o.jpg 2048w\" sizes=\"(max-width: 300px) 100vw, 300px\" \/><\/a>\u00a0<a href=\"https:\/\/baraka.cc\/wp-content\/uploads\/2020\/01\/68484449_2731904753486550_2794443531098259456_o.jpg\"><img decoding=\"async\" loading=\"lazy\" class=\"alignnone size-medium wp-image-7361\" alt=\"68484449_2731904753486550_2794443531098259456_o\" src=\"https:\/\/baraka.cc\/wp-content\/uploads\/2020\/01\/68484449_2731904753486550_2794443531098259456_o-300x168.jpg\" width=\"300\" height=\"168\" srcset=\"https:\/\/baraka.cc\/wp-content\/uploads\/2020\/01\/68484449_2731904753486550_2794443531098259456_o-300x168.jpg 300w, https:\/\/baraka.cc\/wp-content\/uploads\/2020\/01\/68484449_2731904753486550_2794443531098259456_o-1024x576.jpg 1024w, https:\/\/baraka.cc\/wp-content\/uploads\/2020\/01\/68484449_2731904753486550_2794443531098259456_o.jpg 1743w\" sizes=\"(max-width: 300px) 100vw, 300px\" \/><\/a><\/p>\n<p><b>\u00c7E\u015e\u0130TL\u0130 EYLEM, ETK\u0130NL\u0130K, PANEL VE SEM\u0130NERLER:<\/b><\/p>\n<p><b>8 Mart D\u00fcnya Emek\u00e7i Kad\u0131nlar G\u00fcn\u00fc: <\/b>Eme\u011fi ve bedeni s\u00f6m\u00fcr\u00fclen, e\u015fi, sevgilisi, patronu taraf\u0131ndan tacize ve tecav\u00fcze u\u011frayan, bask\u0131 ve \u015fiddet alt\u0131nda ezilen kad\u0131nlar\u0131n sesi olmak ve kad\u0131nlarla birlikte t\u00fcm toplumu \u00f6zg\u00fcrle\u015ftirmek i\u00e7in bu y\u0131l da \u00e7e\u015fitli \u00f6rg\u00fctlerle Lefko\u015fa sokaklar\u0131n\u0131 doldurduk.<\/p>\n<p><b>1 May\u0131s \u0130\u015f\u00e7ilerin Birlik, Dayan\u0131\u015fma ve M\u00fccadele G\u00fcn\u00fc: <\/b>Do\u011fam\u0131z\u0131 ve eme\u011fimizi s\u00f6m\u00fcren; d\u00fc\u015f\u00fck \u00fccretlerle, uzun mesai saatleriyle, g\u00fcvencesiz \u00e7al\u0131\u015fma ortamlar\u0131yla daha fazla kar ve kazan\u00e7 i\u00e7in emek\u00e7ileri ezenlere kar\u015f\u0131 m\u00fccadelemizi b\u00fcy\u00fctmek i\u00e7in \u00c7a\u011flayan Park\u0131\u2019nda ba\u015flatt\u0131\u011f\u0131m\u0131z y\u00fcr\u00fcy\u00fc\u015f\u00fcm\u00fcz\u00fc ara b\u00f6lgedeki iki toplumlu etkinlikle sonland\u0131rd\u0131k.<\/p>\n<p><b>17 May\u0131s Uluslararas\u0131 Homofobi, Transfobi ve Bifobi Kar\u015f\u0131tl\u0131\u011f\u0131 G\u00fcn\u00fc: <\/b>Cinsiyet kimli\u011fi ve cinsel y\u00f6nelimlere kar\u015f\u0131 her t\u00fcrl\u00fc ayr\u0131mc\u0131l\u0131\u011fa ve \u015fiddete kar\u015f\u0131 ses \u00e7\u0131karmak i\u00e7in ge\u00e7mi\u015f y\u0131llarda da dahil oldu\u011fumuz 17 May\u0131s Komitesi\u2019ne bu y\u0131l da dahil olduk ve d\u00fczenlenen etkinliklerde ve y\u00fcr\u00fcy\u00fc\u015fte yer ald\u0131k.<\/p>\n<p><b>\u201cLgbti+ ve S\u0131n\u0131f M\u00fccadelesini Konu\u015fuyoruz\u201d Semineri: <\/b>17 May\u0131s Uluslararas\u0131 Homofobi, Transfobi ve Bifobi Kar\u015f\u0131tl\u0131\u011f\u0131 Haftas\u0131 etkinlikleri kapsam\u0131nda, Kaos GL aktivisti ve Praksis dergisi yay\u0131n kurulu \u00fcyesi Remzi Altunpolat derne\u011fimiz taraf\u0131ndan konuk edildi. S\u00f6yle\u015fide lgbti+ ve s\u0131n\u0131f m\u00fccadelesinin kesi\u015fti\u011fi ve ayr\u0131\u015ft\u0131\u011f\u0131 noktalar, kapitalist d\u00fczene kar\u015f\u0131 hep birlikte bir m\u00fccadelenin verilmesi gereklili\u011fi gibi konular konu\u015fuldu.<\/p>\n<p><b>\u201cD\u00fcnden Bug\u00fcne K\u0131br\u0131s Sorunu &#8211; Beklemekten \u00d6te Bir Bar\u0131\u015f M\u00fccadelesi \u0130\u00e7in Neler Yap\u0131labilir?\u201d Paneli: <\/b>Ba\u011f\u0131ms\u0131z K\u0131br\u0131s etkinlikleri \u00e7er\u00e7evesinde 10 A\u011fustos g\u00fcn\u00fc lokalimizde Ba\u011f\u0131ms\u0131zl\u0131k Yolu\u2019yla birlikte organize etti\u011fimiz panelde K\u0131br\u0131s sorununun devrimciler a\u00e7\u0131s\u0131ndan nas\u0131l okunmas\u0131 gerekti\u011fi ve ger\u00e7ek bir bar\u0131\u015f i\u00e7in neler yap\u0131labilece\u011fi \u00fczerine konu\u015fuldu.<\/p>\n<p><b>Ba\u011f\u0131ms\u0131z K\u0131br\u0131s Eylemi: <\/b>\u00dclkemizdeki t\u00fcm i\u015fgallere, fa\u015fizme, gericili\u011fe kar\u015f\u0131 y\u00fcr\u00fctt\u00fc\u011f\u00fcm\u00fcz halklar\u0131 karde\u015f bir K\u0131br\u0131s yaratma m\u00fccadelemizi bu sene de \u015fark\u0131larla, \u015fiirlerle ve sloganlarla 14 A\u011fustos g\u00fcn\u00fc Ba\u011f\u0131ms\u0131zl\u0131k Yolu\u2019yla birlikte sokaklara ta\u015f\u0131d\u0131k.<\/p>\n<p><b>Sokak Tiyatrosuyla \u00d6zerk Tiyatro Talebi: <\/b>Devlet Tiyatrolar\u0131\u2019n\u0131n yasak\u00e7\u0131 zihniyetine ve sanat\u0131 sans\u00fcrleyi\u015fine kar\u015f\u0131 bug\u00fcne kadar \u00f6zerk tiyatro yasas\u0131 ge\u00e7irmeyen h\u00fck\u00fcmetlere tepkimizi g\u00f6stermek ve Devlet Tiyatrolar\u0131\u2019n\u0131n sanat\u00e7\u0131lar ve tiyatro emek\u00e7ilerinin\u00a0 kolektif kararlar\u0131yla y\u00f6netilmesini talebimizi sokak tiyatromuzla dile getirdik.<\/p>\n<p><b>1 Eyl\u00fcl D\u00fcnya Bar\u0131\u015f G\u00fcn\u00fc: <\/b>Halklar\u0131 karde\u015f ba\u011f\u0131ms\u0131z bir K\u0131br\u0131s i\u00e7in emekten yana federal bir bar\u0131\u015f\u0131n gereklili\u011fini ve sendikalar\u0131n, partilerin, demokratik kitle \u00f6rg\u00fctlerinin vazge\u00e7ti\u011fi sokaklarda kurulabilece\u011fi ger\u00e7e\u011fini benimseyerek Ba\u011f\u0131ms\u0131zl\u0131k Yolu\u2019yla birlikte D\u0131\u015fi\u015fleri Bakanl\u0131\u011f\u0131 \u00f6n\u00fcnde bir eylem ger\u00e7ekle\u015ftirdik.<\/p>\n<p><b>\u201cPetrol U\u011fruna \u00dclkene K\u0131yma\u201d Bas\u0131n A\u00e7\u0131klamas\u0131: <\/b>G\u00f6zlerini Akdeniz\u2019deki do\u011falgaz kaynaklar\u0131na diken emperyalist \u00fclkelere ve bu kaynaklar\u0131n halk\u0131n de\u011fil egemenlerin \u00e7\u0131karlar\u0131 do\u011frultusunda kullan\u0131laca\u011f\u0131n\u0131, adam\u0131z\u0131n ekosistemine b\u00fcy\u00fck zararlar verece\u011fini ve buna kar\u015f\u0131 kuzey ve g\u00fcneydeki ada halklar\u0131 olarak birlikte m\u00fccadele etmemizi gereklili\u011fini bas\u0131n a\u00e7\u0131klamam\u0131zla bildirdik.<\/p>\n<p><b>Mobeseye NObese Sokak Tiyatrosu: <\/b>TC ile onaylanan protokol ve meclisteki t\u00fcm partilerin onay\u0131yla ge\u00e7en yasa sonucunda sokaklar\u0131m\u0131za dikilmeye ba\u015flanan MOBESE direklerinin su\u00e7lar\u0131 \u00f6nledi\u011fi iddias\u0131n\u0131n ger\u00e7ek olmad\u0131\u011f\u0131 ve halk\u0131 g\u00f6zetlemek i\u00e7in bu kameralar\u0131n dikiliyor olu\u015funu sokak tiyatromuzla anlatarak fark\u0131ndal\u0131k yaratt\u0131k.<\/p>\n<p><b>Siyan\u00fcre Kar\u015f\u0131 Ortak Eylem: <\/b>Madencilik end\u00fcstrisinde yer alan siyan\u00fcr\u00fcn \u00e7evreye verdi\u011fi zararlar\u0131n belirtildi\u011fi ve yasaklanmas\u0131 gerekti\u011fi, adan\u0131n kuzeyinde ve g\u00fcneyinde maden at\u0131klar\u0131yla kirlenmi\u015f yerlerin restore edilmesi talebinin dile getirildi\u011fi, adan\u0131n iki taraf\u0131ndan kat\u0131lan \u00f6rg\u00fctlerin d\u00fczenledi\u011fi eyleme dernek olarak biz de destek verdik.<\/p>\n<p><b>25 Kas\u0131m Kad\u0131na Y\u00f6nelik \u015eiddetle M\u00fccadele G\u00fcn\u00fc: <\/b>Kad\u0131na y\u00f6nelik \u015fiddetin her g\u00fcn artmas\u0131na ve devletin \u015fiddeti uygulayanlar\u0131 korumas\u0131na kar\u015f\u0131 tepkimizi ve \u015fiddete maruz kalan kad\u0131nlar\u0131n devlet taraf\u0131ndan kar\u015f\u0131lanmas\u0131 gereken s\u0131\u011f\u0131nma evi ihtiyac\u0131n\u0131n hemen kar\u015f\u0131lanmas\u0131 talebimizi \u00e7e\u015fitli \u00f6rg\u00fctler ve kad\u0131na y\u00f6nelik \u015fiddetle m\u00fccadele eden ki\u015filerle Dereboyu\u2019ndan Ba\u015fbakanl\u0131\u011fa kadar olan y\u00fcr\u00fcy\u00fc\u015f\u00fcm\u00fczde sokaklara yans\u0131tt\u0131k. Ba\u015fbakanl\u0131k \u00f6n\u00fcnde \u00fclkemizde son 10 y\u0131lda erkek \u015fiddeti sonucu hayat\u0131n\u0131 kaybeden kad\u0131nlar\u0131n isimleri okundu ve foto\u011fraflar\u0131 Ba\u015fbakanl\u0131\u011f\u0131n gancellisine yans\u0131t\u0131ld\u0131.<\/p>\n<p>&nbsp;<\/p>\n<p>&nbsp;<\/p>\n<p>&nbsp;<\/p>\n<p>&nbsp;<\/p>\n","protected":false},"excerpt":{"rendered":"<p>Baraka K\u00fclt\u00fcr Merkezi, 2019 y\u0131l\u0131 i\u00e7erisinde yine pek \u00e7ok k\u00fclt\u00fcrel ve sanatsal aktiviteye ve toplumsal sorunlara dikkat \u00e7eken eylem ve etkinli\u011fe imza att\u0131. Dernekler Yasas\u0131<\/p>\n","protected":false},"author":3,"featured_media":7357,"comment_status":"open","ping_status":"open","sticky":false,"template":"","format":"standard","meta":{"jetpack_post_was_ever_published":false,"_jetpack_newsletter_access":"","_jetpack_newsletter_tier_id":0,"jetpack_publicize_message":"","jetpack_is_tweetstorm":false,"jetpack_publicize_feature_enabled":true,"jetpack_social_post_already_shared":true,"jetpack_social_options":{"image_generator_settings":{"template":"highway","enabled":false}}},"categories":[9,1,73],"tags":[],"jetpack_publicize_connections":[],"jetpack_featured_media_url":"https:\/\/baraka.cc\/wp-content\/uploads\/2020\/01\/68757163_2739229659420726_6527073572236558336_n.jpg","jetpack_shortlink":"https:\/\/wp.me\/p4eHWX-1Uv","jetpack_sharing_enabled":true,"_links":{"self":[{"href":"https:\/\/baraka.cc\/index.php?rest_route=\/wp\/v2\/posts\/7347"}],"collection":[{"href":"https:\/\/baraka.cc\/index.php?rest_route=\/wp\/v2\/posts"}],"about":[{"href":"https:\/\/baraka.cc\/index.php?rest_route=\/wp\/v2\/types\/post"}],"author":[{"embeddable":true,"href":"https:\/\/baraka.cc\/index.php?rest_route=\/wp\/v2\/users\/3"}],"replies":[{"embeddable":true,"href":"https:\/\/baraka.cc\/index.php?rest_route=%2Fwp%2Fv2%2Fcomments&post=7347"}],"version-history":[{"count":1,"href":"https:\/\/baraka.cc\/index.php?rest_route=\/wp\/v2\/posts\/7347\/revisions"}],"predecessor-version":[{"id":7362,"href":"https:\/\/baraka.cc\/index.php?rest_route=\/wp\/v2\/posts\/7347\/revisions\/7362"}],"wp:featuredmedia":[{"embeddable":true,"href":"https:\/\/baraka.cc\/index.php?rest_route=\/wp\/v2\/media\/7357"}],"wp:attachment":[{"href":"https:\/\/baraka.cc\/index.php?rest_route=%2Fwp%2Fv2%2Fmedia&parent=7347"}],"wp:term":[{"taxonomy":"category","embeddable":true,"href":"https:\/\/baraka.cc\/index.php?rest_route=%2Fwp%2Fv2%2Fcategories&post=7347"},{"taxonomy":"post_tag","embeddable":true,"href":"https:\/\/baraka.cc\/index.php?rest_route=%2Fwp%2Fv2%2Ftags&post=7347"}],"curies":[{"name":"wp","href":"https:\/\/api.w.org\/{rel}","templated":true}]}}