{"id":736,"date":"2012-03-15T13:25:25","date_gmt":"2012-03-15T10:25:25","guid":{"rendered":"https:\/\/baraka.cc\/?p=736"},"modified":"2014-01-02T13:25:58","modified_gmt":"2014-01-02T10:25:58","slug":"askerdeki-siddeti-yazdigi-icin-hapis-yatacak","status":"publish","type":"post","link":"https:\/\/baraka.cc\/?p=736","title":{"rendered":"ASKERDEK\u0130 \u015e\u0130DDET\u0130 YAZDI\u011eI \u0130\u00c7\u0130N HAP\u0130S YATACAK!"},"content":{"rendered":"<p><strong><span style=\"font-size: 11pt; line-height: 150%; font-family: 'Verdana','sans-serif';\">ASKERDEK\u0130 \u015e\u0130DDET\u0130 YAZDI\u011eI \u0130\u00c7\u0130N HAP\u0130S YATACAK! <\/span><\/strong><\/p>\n<p><a href=\"https:\/\/www.baraka.cc\/images\/stories\/halil_afis_1.jpg\" target=\"_blank\"><img decoding=\"async\" alt=\" \" src=\"https:\/\/www.baraka.cc\/images\/stories\/halil_afis_1.jpg\" width=\"250\" align=\"left\" border=\"2\" \/><\/a><\/p>\n<p><span style=\"font-size: 10pt; line-height: 200%; font-family: 'Verdana','sans-serif';\">5 Ocak 2011 tarihinde GKK&#8217;nda &#8220;yarg\u0131lanan&#8221; aktivistimiz Halil Karapa\u015fao\u011flu, 10 g\u00fcn hapis cezas\u0131na mahkum edildi ve ve Hamitk\u00f6y&#8217;deki askeri cezaevine g\u00f6t\u00fcr\u00fcld\u00fc. Halil&#8217;e destek vermek i\u00e7in Bo\u011faz&#8217;a giden Baraka aktivistleri, YKP, KT\u00d6S ve KTOE\u00d6S, Vicdani Ret \u0130nisiyatifi aktivistleri, avukatlar ve bas\u0131n emek\u00e7ileri polis barikat\u0131yla kar\u015f\u0131la\u015ft\u0131. En temel insan hakk\u0131 ve Anayasal bir hak olan avukat tutma hakk\u0131 da engellenerek, avukatlar\u0131n &#8220;yarg\u0131lama&#8221;n\u0131n yap\u0131laca\u011f\u0131 binaya yakla\u015fmalar\u0131na izin verilmedi. Askerde ya\u015fanan \u015fiddet olaylar\u0131na son verilmesi ve d\u00fc\u015f\u00fcnce \u00f6zg\u00fcrl\u00fc\u011f\u00fcn\u00fcn k\u0131s\u0131tlanmas\u0131n\u0131 protesto etmek i\u00e7in Halil hapisten \u00e7\u0131kana kadar her ak\u015fam saat 18.00&#8217;de, Hamitk\u00f6y Askeri Cezaevi \u00f6n\u00fcne gidiyoruz.<\/p>\n<p>T\u00fcm antimilitarist, \u00f6zg\u00fcrl\u00fck\u00e7\u00fc ki\u015filer, e\u015fitlikten ve adaletten yana olanlar, ordu dahil her kurumda demokrasiyi savunanlar, fikirlerini ve ya\u015fad\u0131klar\u0131n\u0131 a\u00e7\u0131klad\u0131\u011f\u0131 i\u00e7in yarg\u0131lanan Halil Karapa\u015fao\u011flu\u2019nun destek\u00e7isi olmal\u0131d\u0131r.<\/p>\n<p>27 Aral\u0131k g\u00fcn\u00fc gazetelerde \u201cLokmac\u0131 Askerlerine Uygulanan \u015eiddete Hay\u0131r\u201d ba\u015fl\u0131\u011f\u0131yla yay\u0131nlanan, G\u00fcvenlik Kuvvetleri Komutanl\u0131\u011f\u0131\u2019na a\u00e7\u0131k mektupta, Halil Karapa\u015fao\u011flu, bir askerin astsubay taraf\u0131ndan d\u00f6v\u00fcld\u00fc\u011f\u00fcn\u00fc ve askerde ya\u015fanan \u015fiddet olaylar\u0131n\u0131 aktarm\u0131\u015ft\u0131. Okuyanlara, \u201cGen\u00e7lerimize bunlar\u0131 yapmaya kimsenin hakk\u0131 yok\u201d dedirten bu yaz\u0131, ger\u00e7ekleri anlatt\u0131\u011f\u0131 i\u00e7in G\u00fcvenlik Kuvvetleri Komutanl\u0131\u011f\u0131\u2019nda da tedirginlik yaratm\u0131\u015f olmal\u0131 ki, Halil Karapa\u015fao\u011flu ayn\u0131 g\u00fcn Lokmac\u0131 s\u0131n\u0131r kap\u0131s\u0131nda al\u0131konuldu. Askerli\u011fini fiilen bitirmi\u015f olan Halil Karapa\u015fao\u011flu, pek \u00e7ok K\u0131br\u0131sl\u0131 T\u00fcrk gibi g\u00fcneyde \u00e7al\u0131\u015fmaktayd\u0131 ve i\u015f i\u00e7in g\u00fcneye ge\u00e7mekteydi. Lokmac\u0131 b\u00f6l\u00fc\u011f\u00fcnden askerler taraf\u0131ndan yaka pa\u00e7a b\u00f6l\u00fc\u011fe al\u0131narak ifadesi al\u0131nd\u0131 ve kendisine dava okundu. Halil Karapa\u015fao\u011flu, en temel, en k\u0131s\u0131tlanamaz insan hakk\u0131 olan d\u00fc\u015f\u00fcnce ve ifade \u00f6zg\u00fcrl\u00fc\u011f\u00fcn\u00fc kulland\u0131\u011f\u0131 i\u00e7in \u201cho\u015fnutsuzluk yaratmak\u201d ve \u201citaatsizlik\u201dten yarg\u0131lanarak 10 g\u00fcn hapis cezas\u0131na mahkum edildi. <\/span><\/p>\n<p><a href=\"https:\/\/www.facebook.com\/photo.php?v=336039713081725\" target=\"_blank\">D\u00fc\u015f\u00fcnceye \u00d6zg\u00fcrl\u00fck Video <\/a><\/p>\n<p>&nbsp;<\/p>\n<p style=\"font-family: Verdana,Arial,Helvetica,sans-serif; font-size: 12px; font-style: normal; line-height: normal; font-weight: normal; font-variant: normal;\"><a href=\"https:\/\/www.baraka.cc\/images\/stories\/halil_eylem_3.gif\" target=\"_blank\"><img decoding=\"async\" alt=\" \" src=\"https:\/\/www.baraka.cc\/images\/stories\/halil_eylem_3.gif\" width=\"200\" border=\"2\" \/><\/a>\u00a0 <a href=\"https:\/\/www.baraka.cc\/images\/stories\/halil_eylem_5.gif\" target=\"_blank\"><img decoding=\"async\" alt=\" \" src=\"https:\/\/www.baraka.cc\/images\/stories\/halil_eylem_5.gif\" width=\"200\" border=\"2\" \/><\/a><\/p>\n","protected":false},"excerpt":{"rendered":"<p>ASKERDEK\u0130 \u015e\u0130DDET\u0130 YAZDI\u011eI \u0130\u00c7\u0130N HAP\u0130S YATACAK! 5 Ocak 2011 tarihinde GKK&#8217;nda &#8220;yarg\u0131lanan&#8221; aktivistimiz Halil Karapa\u015fao\u011flu, 10 g\u00fcn hapis cezas\u0131na mahkum edildi ve ve Hamitk\u00f6y&#8217;deki askeri<\/p>\n","protected":false},"author":1,"featured_media":0,"comment_status":"open","ping_status":"open","sticky":false,"template":"","format":"standard","meta":{"jetpack_post_was_ever_published":false,"_jetpack_newsletter_access":"","_jetpack_newsletter_tier_id":0,"jetpack_publicize_message":"","jetpack_is_tweetstorm":false,"jetpack_publicize_feature_enabled":true,"jetpack_social_post_already_shared":false,"jetpack_social_options":{"image_generator_settings":{"template":"highway","enabled":false}}},"categories":[66],"tags":[],"jetpack_publicize_connections":[],"jetpack_featured_media_url":"","jetpack_shortlink":"https:\/\/wp.me\/p4eHWX-bS","jetpack_sharing_enabled":true,"_links":{"self":[{"href":"https:\/\/baraka.cc\/index.php?rest_route=\/wp\/v2\/posts\/736"}],"collection":[{"href":"https:\/\/baraka.cc\/index.php?rest_route=\/wp\/v2\/posts"}],"about":[{"href":"https:\/\/baraka.cc\/index.php?rest_route=\/wp\/v2\/types\/post"}],"author":[{"embeddable":true,"href":"https:\/\/baraka.cc\/index.php?rest_route=\/wp\/v2\/users\/1"}],"replies":[{"embeddable":true,"href":"https:\/\/baraka.cc\/index.php?rest_route=%2Fwp%2Fv2%2Fcomments&post=736"}],"version-history":[{"count":0,"href":"https:\/\/baraka.cc\/index.php?rest_route=\/wp\/v2\/posts\/736\/revisions"}],"wp:attachment":[{"href":"https:\/\/baraka.cc\/index.php?rest_route=%2Fwp%2Fv2%2Fmedia&parent=736"}],"wp:term":[{"taxonomy":"category","embeddable":true,"href":"https:\/\/baraka.cc\/index.php?rest_route=%2Fwp%2Fv2%2Fcategories&post=736"},{"taxonomy":"post_tag","embeddable":true,"href":"https:\/\/baraka.cc\/index.php?rest_route=%2Fwp%2Fv2%2Ftags&post=736"}],"curies":[{"name":"wp","href":"https:\/\/api.w.org\/{rel}","templated":true}]}}