{"id":7412,"date":"2020-03-05T10:18:26","date_gmt":"2020-03-05T08:18:26","guid":{"rendered":"https:\/\/baraka.cc\/?p=7412"},"modified":"2020-03-05T10:18:26","modified_gmt":"2020-03-05T08:18:26","slug":"baraka-kultur-merkezi-8-mart-bildirisi-kadinlar-burada","status":"publish","type":"post","link":"https:\/\/baraka.cc\/?p=7412","title":{"rendered":"Baraka K\u00fclt\u00fcr Merkezi 8 Mart Bildirisi: Kad\u0131nlar Burada!"},"content":{"rendered":"<p align=\"center\"><b>Kad\u0131nlar Burada!<\/b><\/p>\n<p>&nbsp;<\/p>\n<p>Biz kad\u0131nlar, g\u00fcnden g\u00fcne b\u00fcy\u00fcyerek d\u00f6rt bir yan\u0131m\u0131z\u0131 saran neoliberal muhafazakarla\u015fma y\u00fcz\u00fcnden karanl\u0131\u011fa s\u00fcr\u00fckleniyor, s\u00f6m\u00fcr\u00fcl\u00fcyor, \u00f6ld\u00fcr\u00fcl\u00fcyor ve eziliyoruz.<\/p>\n<p>&nbsp;<\/p>\n<p>Y\u0131pranma pay\u0131m\u0131za g\u00f6z koyan CTP, her zaman sermayenin yan\u0131nda olan UBP ve gelece\u011fimizi patronun iki duda\u011f\u0131n\u0131n aras\u0131na teslim eden di\u011fer t\u00fcm h\u00fck\u00fcmetler \u00f6zel sekt\u00f6re sendikay\u0131 zorunlu hale getir(e)meyerek biz kad\u0131nlar\u0131 s\u00f6m\u00fcr\u00fcyor. Asgari \u00fccretle ge\u00e7inemiyor, hamile olunca i\u015ften at\u0131l\u0131yor, sigortam\u0131z yatmadan \u00e7al\u0131\u015ft\u0131r\u0131l\u0131yor, e\u015fit i\u015fe e\u015fit \u00fccret alam\u0131yoruz. Eme\u011fimizi hi\u00e7e say\u0131yor, uzun mesailer dayat\u0131p ek mesai \u00f6demiyor, yasal hakk\u0131m\u0131z olan y\u0131ll\u0131k izinlerimizi isteyince azarlay\u0131p, mobbinge u\u011frat\u0131yorlar ve t\u00fcm bunlara ses \u00e7\u0131karamaz hale getiriyorlar. \u00c7\u00fcnk\u00fc \u00f6nce kad\u0131nlar \u00e7\u0131kar\u0131l\u0131yor g\u00f6zden ilk ekonomik krizde patronlar taraf\u0131ndan.<\/p>\n<p>&nbsp;<\/p>\n<p>Maruz kald\u0131\u011f\u0131m\u0131z psikolojik\/fiziksel\/ekonomik ve benzeri t\u00fcm \u015fiddetlere boyun e\u011fmeye zorluyorlar biz kad\u0131nlar\u0131. S\u0131\u011f\u0131nma evi yok \u00e7\u00fcnk\u00fc yeterli kapasitede. \u015eiddet \u00f6nleme merkezleri hak getire. Devlet, g\u00f6revi olan s\u0131\u011f\u0131nma evi a\u00e7man\u0131n yerine b\u00fct\u00e7eyi gereksiz harcamalara ak\u0131t\u0131yor ve ortak oluyor k\u0131z karde\u015flerimizin katillerine.<\/p>\n<p>&nbsp;<\/p>\n<p>Ev i\u015fleri, \u00e7ocuk\/ya\u015fl\u0131 bak\u0131m\u0131 gibi rolleri kad\u0131nlar\u0131n \u00fczerine y\u0131k\u0131p evlere hapseden AKP zihniyetinin alt\u0131nda ezilmemizi sa\u011flayan i\u015f birlik\u00e7i gelmi\u015f ge\u00e7mi\u015f t\u00fcm h\u00fck\u00fcmetler biz kad\u0131nlar\u0131n \u00f6zg\u00fcrle\u015fmesini engelliyor ve erkek egemen bir d\u00fcnya yaratma yolunda emin ad\u0131mlarla ilerliyor.<\/p>\n<p>&nbsp;<\/p>\n<p>\u00dclkenin bir ucundan di\u011fer ucuna yay\u0131lm\u0131\u015f gece kul\u00fcplerinde seks k\u00f6lesi olarak \u00e7al\u0131\u015ft\u0131r\u0131lan kad\u0131nlar\u0131n u\u011frad\u0131\u011f\u0131 i\u015fkenceyi toplad\u0131\u011f\u0131 vergiler sayesinde g\u00f6r\u00fcnmez hale getirmeye \u00e7al\u0131\u015fan bir h\u00fck\u00fcmet giderken yerine hi\u00e7 utanmadan pezevenkleri payda\u015f olarak gece kul\u00fcpleri \u00e7al\u0131\u015ftay\u0131nda masaya oturtan h\u00fck\u00fcmet geliyor ve y\u0131llard\u0131r bu konuda hi\u00e7 bir somut ad\u0131m at\u0131lm\u0131yor.<\/p>\n<p>&nbsp;<\/p>\n<p>\u0130\u015fte sen de bunlar\u0131n tek bir tanesine bile art\u0131k katlanam\u0131yorsan ve \u201cben de buraday\u0131m!\u201d diyorsan kat\u0131l m\u00fccadeleye, b\u00fcy\u00fct kavgan\u0131, \u00f6rg\u00fctlen. Sesi ol ses veremeyen k\u0131z karde\u015flerinin. Cesareti ol eve hapsolmu\u015f kad\u0131nlar\u0131n. Tut arkada\u015f\u0131n\u0131 kolundan, \u00e7\u0131k soka\u011fa, 8 mart pazar saat 14.00\u2019de gel meclis \u00f6n\u00fcne. Kat\u0131l kortejimize ve dimdik ayakta hayk\u0131r bizimle daha g\u00fc\u00e7l\u00fc; \u201cemek s\u00f6m\u00fcr\u00fcs\u00fcne, \u015fiddete, erkek egemen sisteme kar\u015f\u0131 kad\u0131nlar burada!\u201d<\/p>\n<p>&nbsp;<\/p>\n<p>&nbsp;<\/p>\n<p>Baraka K\u00fclt\u00fcr Merkezi (a),<\/p>\n<p>&nbsp;<\/p>\n<p>Zekiye \u015eent\u00fcrkler<\/p>\n","protected":false},"excerpt":{"rendered":"<p>Kad\u0131nlar Burada! &nbsp; Biz kad\u0131nlar, g\u00fcnden g\u00fcne b\u00fcy\u00fcyerek d\u00f6rt bir yan\u0131m\u0131z\u0131 saran neoliberal muhafazakarla\u015fma y\u00fcz\u00fcnden karanl\u0131\u011fa s\u00fcr\u00fckleniyor, s\u00f6m\u00fcr\u00fcl\u00fcyor, \u00f6ld\u00fcr\u00fcl\u00fcyor ve eziliyoruz. &nbsp; Y\u0131pranma pay\u0131m\u0131za g\u00f6z<\/p>\n","protected":false},"author":9,"featured_media":7359,"comment_status":"open","ping_status":"open","sticky":false,"template":"","format":"standard","meta":{"jetpack_post_was_ever_published":false,"_jetpack_newsletter_access":"","_jetpack_newsletter_tier_id":0,"jetpack_publicize_message":"","jetpack_is_tweetstorm":false,"jetpack_publicize_feature_enabled":true,"jetpack_social_post_already_shared":true,"jetpack_social_options":{"image_generator_settings":{"template":"highway","enabled":false}}},"categories":[41,53,59,46,45,9,1],"tags":[],"jetpack_publicize_connections":[],"jetpack_featured_media_url":"https:\/\/baraka.cc\/wp-content\/uploads\/2020\/01\/53347528_2452267954783566_8528424333834452992_o.jpg","jetpack_shortlink":"https:\/\/wp.me\/p4eHWX-1Vy","jetpack_sharing_enabled":true,"_links":{"self":[{"href":"https:\/\/baraka.cc\/index.php?rest_route=\/wp\/v2\/posts\/7412"}],"collection":[{"href":"https:\/\/baraka.cc\/index.php?rest_route=\/wp\/v2\/posts"}],"about":[{"href":"https:\/\/baraka.cc\/index.php?rest_route=\/wp\/v2\/types\/post"}],"author":[{"embeddable":true,"href":"https:\/\/baraka.cc\/index.php?rest_route=\/wp\/v2\/users\/9"}],"replies":[{"embeddable":true,"href":"https:\/\/baraka.cc\/index.php?rest_route=%2Fwp%2Fv2%2Fcomments&post=7412"}],"version-history":[{"count":1,"href":"https:\/\/baraka.cc\/index.php?rest_route=\/wp\/v2\/posts\/7412\/revisions"}],"predecessor-version":[{"id":7413,"href":"https:\/\/baraka.cc\/index.php?rest_route=\/wp\/v2\/posts\/7412\/revisions\/7413"}],"wp:featuredmedia":[{"embeddable":true,"href":"https:\/\/baraka.cc\/index.php?rest_route=\/wp\/v2\/media\/7359"}],"wp:attachment":[{"href":"https:\/\/baraka.cc\/index.php?rest_route=%2Fwp%2Fv2%2Fmedia&parent=7412"}],"wp:term":[{"taxonomy":"category","embeddable":true,"href":"https:\/\/baraka.cc\/index.php?rest_route=%2Fwp%2Fv2%2Fcategories&post=7412"},{"taxonomy":"post_tag","embeddable":true,"href":"https:\/\/baraka.cc\/index.php?rest_route=%2Fwp%2Fv2%2Ftags&post=7412"}],"curies":[{"name":"wp","href":"https:\/\/api.w.org\/{rel}","templated":true}]}}