{"id":7452,"date":"2020-03-27T18:24:37","date_gmt":"2020-03-27T16:24:37","guid":{"rendered":"https:\/\/baraka.cc\/?p=7452"},"modified":"2020-03-27T18:24:37","modified_gmt":"2020-03-27T16:24:37","slug":"dunya-tiyatro-gununde-barakadan-videolu-mesaj","status":"publish","type":"post","link":"https:\/\/baraka.cc\/?p=7452","title":{"rendered":"D\u00fcnya Tiyatro G\u00fcn\u00fc&#8217;nde Baraka&#8217;dan Videolu Mesaj"},"content":{"rendered":"<p>&nbsp;<\/p>\n<p style=\"text-align: center;\"><a href=\"https:\/\/baraka.cc\/wp-content\/uploads\/2019\/09\/55475321_2481405055203189_3183348503308926976_n.jpg\"><img decoding=\"async\" loading=\"lazy\" class=\"alignnone size-medium wp-image-7079\" alt=\"55475321_2481405055203189_3183348503308926976_n\" src=\"https:\/\/baraka.cc\/wp-content\/uploads\/2019\/09\/55475321_2481405055203189_3183348503308926976_n-300x125.jpg\" width=\"300\" height=\"125\" srcset=\"https:\/\/baraka.cc\/wp-content\/uploads\/2019\/09\/55475321_2481405055203189_3183348503308926976_n-300x125.jpg 300w, https:\/\/baraka.cc\/wp-content\/uploads\/2019\/09\/55475321_2481405055203189_3183348503308926976_n.jpg 960w\" sizes=\"(max-width: 300px) 100vw, 300px\" \/><\/a><\/p>\n<p>D\u00fcnya Tiyatro G\u00fcn\u00fc&#8217;nde tiyatrolar\u0131m\u0131z perde a\u00e7amaz, sokaklar sanats\u0131z ve insans\u0131z kal\u0131rken Baraka K\u00fclt\u00fcr Merkezi, sanat\u0131n her daim, her yerde oldu\u011funu hat\u0131rlatan bir mesaj yay\u0131mlad\u0131.<\/p>\n<p>Her y\u0131l 27 Mart&#8217;\u0131 sokakta kutlayan Baraka&#8217;n\u0131n videolu olarak haz\u0131rlad\u0131\u011f\u0131 mesajda &#8220;\u00c7\u00fcnk\u00fc tiyatro her \u015feye ra\u011fmen insan kalmaktan, umuttan, dayan\u0131\u015fmadan, e\u015fitlikten ve adaletten taraft\u0131r.\u00a0\u00c7\u00fcnk\u00fc sanat karanl\u0131\u011f\u0131 ayd\u0131nlat\u0131r.&#8221; s\u00f6zlerine yer veriliyor ve videoda baz\u0131 tiyatro metinlerinden al\u0131nt\u0131lar yap\u0131l\u0131yor.<\/p>\n<p>Ayr\u0131ca dernekten yap\u0131lan a\u00e7\u0131klamada; sanat severler bu ak\u015fam saat 20.00&#8217;de evlerinde tiyatro izlemeye davet edildi. 2013 y\u0131l\u0131nda sahnelenen ve be\u011feniyle izlenen, Dario Fo&#8217;nun yazd\u0131\u011f\u0131 &#8220;\u00d6denmeyecek \u00d6demiyoruz&#8221; adl\u0131 komedi oyunu, bu ak\u015fam 20.00&#8217;de derne\u011fin sosyal medya hesab\u0131ndan payla\u015f\u0131lacak. Oyunun ad\u0131 ve i\u00e7eri\u011fi, ekonomik krizlerde oldu\u011fu gibi korona salg\u0131n\u0131nda da sermayeye dokunmayarak faturay\u0131 halka kesmeye \u00e7al\u0131\u015fanlara cevap olarak yorumlanabilir.<\/p>\n<p>Baraka&#8217;n\u0131n 2020 D\u00fcnya Tiyatro G\u00fcn\u00fc Mesaj\u0131 \u015f\u00f6yle:<\/p>\n<p><i>&#8220;T\u00fcm d\u00fcnya \u00e7aresizlik, korku ve endi\u015fe i\u00e7indeyken;<\/i><\/p>\n<p><i>i\u00e7inde ya\u015fad\u0131\u011f\u0131m\u0131z s\u00f6m\u00fcr\u00fc ve kar d\u00fczeni, sadece insan\u0131 de\u011fil bir par\u00e7as\u0131 oldu\u011fumuz do\u011fay\u0131 da hi\u00e7e sayman\u0131n bedelini hepimize \u00f6detirken;<\/i><\/p>\n<p><i>h\u00fck\u00fcmet edenler, al(ama)d\u0131klar\u0131 tedbirlerle ya\u015famlar\u0131m\u0131z\u0131 daha da karanl\u0131\u011fa s\u00fcr\u00fcklerken;<\/i><\/p>\n<p><i>Baraka oyuncular\u0131, baz\u0131 tiyatro metinlerinden se\u00e7ti\u011fimiz repliklerle kutluyor D\u00fcnya Tiyatro G\u00fcn\u00fcn\u00fcz\u00fc&#8230;<\/i><\/p>\n<p><i>\u00c7\u00fcnk\u00fc tiyatro her \u015feye ra\u011fmen insan kalmaktan, umuttan, dayan\u0131\u015fmadan, e\u015fitlikten ve adaletten taraft\u0131r.<\/i><\/p>\n<p><i>\u00c7\u00fcnk\u00fc sanat karanl\u0131\u011f\u0131 ayd\u0131nlat\u0131r.<\/i><\/p>\n<p><i>\u00c7\u00fcnk\u00fc tiyatro devrim provas\u0131d\u0131r!&#8221;<\/i><\/p>\n<p><i>\u00a0<\/i><\/p>\n<p>Video ise \u015fu linkten izlenebilir:<\/p>\n<p><i>\u00a0<a href=\"https:\/\/www.youtube.com\/watch?v=8aKyLPCId9s\">https:\/\/www.youtube.com\/watch?v=8aKyLPCId9s<\/a><\/i><\/p>\n","protected":false},"excerpt":{"rendered":"<p>&nbsp; D\u00fcnya Tiyatro G\u00fcn\u00fc&#8217;nde tiyatrolar\u0131m\u0131z perde a\u00e7amaz, sokaklar sanats\u0131z ve insans\u0131z kal\u0131rken Baraka K\u00fclt\u00fcr Merkezi, sanat\u0131n her daim, her yerde oldu\u011funu hat\u0131rlatan bir mesaj yay\u0131mlad\u0131.<\/p>\n","protected":false},"author":3,"featured_media":0,"comment_status":"open","ping_status":"open","sticky":false,"template":"","format":"standard","meta":{"jetpack_post_was_ever_published":false,"_jetpack_newsletter_access":"","_jetpack_newsletter_tier_id":0,"jetpack_publicize_message":"","jetpack_is_tweetstorm":false,"jetpack_publicize_feature_enabled":true,"jetpack_social_post_already_shared":true,"jetpack_social_options":{"image_generator_settings":{"template":"highway","enabled":false}}},"categories":[70,21,41,38,20,9,1],"tags":[],"jetpack_publicize_connections":[],"jetpack_featured_media_url":"","jetpack_shortlink":"https:\/\/wp.me\/p4eHWX-1Wc","jetpack_sharing_enabled":true,"_links":{"self":[{"href":"https:\/\/baraka.cc\/index.php?rest_route=\/wp\/v2\/posts\/7452"}],"collection":[{"href":"https:\/\/baraka.cc\/index.php?rest_route=\/wp\/v2\/posts"}],"about":[{"href":"https:\/\/baraka.cc\/index.php?rest_route=\/wp\/v2\/types\/post"}],"author":[{"embeddable":true,"href":"https:\/\/baraka.cc\/index.php?rest_route=\/wp\/v2\/users\/3"}],"replies":[{"embeddable":true,"href":"https:\/\/baraka.cc\/index.php?rest_route=%2Fwp%2Fv2%2Fcomments&post=7452"}],"version-history":[{"count":1,"href":"https:\/\/baraka.cc\/index.php?rest_route=\/wp\/v2\/posts\/7452\/revisions"}],"predecessor-version":[{"id":7454,"href":"https:\/\/baraka.cc\/index.php?rest_route=\/wp\/v2\/posts\/7452\/revisions\/7454"}],"wp:attachment":[{"href":"https:\/\/baraka.cc\/index.php?rest_route=%2Fwp%2Fv2%2Fmedia&parent=7452"}],"wp:term":[{"taxonomy":"category","embeddable":true,"href":"https:\/\/baraka.cc\/index.php?rest_route=%2Fwp%2Fv2%2Fcategories&post=7452"},{"taxonomy":"post_tag","embeddable":true,"href":"https:\/\/baraka.cc\/index.php?rest_route=%2Fwp%2Fv2%2Ftags&post=7452"}],"curies":[{"name":"wp","href":"https:\/\/api.w.org\/{rel}","templated":true}]}}