{"id":7468,"date":"2020-04-13T13:00:01","date_gmt":"2020-04-13T11:00:01","guid":{"rendered":"https:\/\/baraka.cc\/?p=7468"},"modified":"2020-04-13T13:00:01","modified_gmt":"2020-04-13T11:00:01","slug":"ay-batarken-safak-soker-sezgin-keser","status":"publish","type":"post","link":"https:\/\/baraka.cc\/?p=7468","title":{"rendered":"Ay Batarken \u015eafak S\u00f6ker-Sezgin Keser"},"content":{"rendered":"<p><a href=\"https:\/\/baraka.cc\/wp-content\/uploads\/2020\/04\/ay-batarken-foto.jpg\"><img decoding=\"async\" loading=\"lazy\" class=\"size-medium wp-image-7469 alignright\" alt=\"ay batarken foto\" src=\"https:\/\/baraka.cc\/wp-content\/uploads\/2020\/04\/ay-batarken-foto-200x300.jpg\" width=\"200\" height=\"300\" srcset=\"https:\/\/baraka.cc\/wp-content\/uploads\/2020\/04\/ay-batarken-foto-200x300.jpg 200w, https:\/\/baraka.cc\/wp-content\/uploads\/2020\/04\/ay-batarken-foto-682x1024.jpg 682w, https:\/\/baraka.cc\/wp-content\/uploads\/2020\/04\/ay-batarken-foto.jpg 1200w\" sizes=\"(max-width: 200px) 100vw, 200px\" \/><\/a><em>Bug\u00fcn sizlere Argasdi&#8217;nin sanat sayfas\u0131nda yer alan bir kitap yorumuyla sesleniyoruz. John Steinbeck taraf\u0131ndan kaleme al\u0131nan Ay Batarken isimli kitap, i\u015fgal edilen bir kasaban\u0131n i\u015fgalciyle ve sava\u015fla imtihan\u0131n\u0131 yal\u0131n ama \u00e7arp\u0131c\u0131 bir dille ele al\u0131yor. Baraka aktivisti Sezgin Keser taraf\u0131ndan yorumlanan kitab\u0131n, tiyatro oyunu ise Baraka Tiyatro ekibi taraf\u0131ndan Mart ve Nisan aylar\u0131nda sahnelenmek \u00fczere haz\u0131rlanmas\u0131na ra\u011fmen seyirciyle kavu\u015famam\u0131\u015ft\u0131. Bulu\u015fma karantina g\u00fcnlerinin ard\u0131na sizlerle olacak. Ay batarken \u015fafak s\u00f6ker; yeni g\u00fcn\u00fcn do\u011fumunda bulu\u015fmak \u00fczere&#8230;<\/em><\/p>\n<p>G\u00fcne\u015fin do\u011fu\u015fu yeni bir m\u00fccadelenin; tarlada ekip bi\u00e7meyle, denizde bal\u0131k av\u0131yla, pazarda meyve sebze satmayla, kamu binas\u0131nda halka hizmetle, at\u00f6lyede mevsimine g\u00f6re k\u0131yafetler dikmeyle ge\u00e7ecek bir g\u00fcn\u00fcn habercisidir. G\u00fcne\u015fin bat\u0131\u015f\u0131, ay\u0131n y\u00fckseli\u015fiyle hayat dura\u011fanla\u015f\u0131r, insanlar yaln\u0131zla\u015fmaya, kendi i\u00e7lerine \u00e7ekilmeye ba\u015flar. Bir kasaba halk\u0131 d\u00fc\u015f\u00fcn\u00fcn ki gecesinde de g\u00fcnd\u00fcz\u00fcnde de kendi kendine yetebilen, kasaban\u0131n y\u00f6neticilerinin halktan kopmad\u0131\u011f\u0131 hatta halktan \u00e7ekindi\u011fi ve halktan ba\u011f\u0131ms\u0131z kararlar alamad\u0131\u011f\u0131, s\u0131n\u0131fsal \u00e7at\u0131\u015fmalar\u0131n, fikirsel farkl\u0131l\u0131klar\u0131n da oldu\u011fu&#8230; Bir i\u015fgal ordusunun kasabay\u0131 fethetti\u011fi g\u00fcne kadar sava\u015fmay\u0131 bilmeyen bu halk\u0131n g\u00fcne\u015fi batarken, ay\u0131n do\u011fu\u015fuyla kasaba i\u00e7in karanl\u0131k bir d\u00f6nem ba\u015flar.<\/p>\n<p>&nbsp;<\/p>\n<p>Sava\u015flarda halklar, egemenlerin daha fazla topra\u011fa, do\u011fal kayna\u011fa, g\u00fcce sahip olmak arzular\u0131 i\u00e7in sava\u015ft\u0131r\u0131l\u0131r ve g\u00fcn\u00fcn sonunda ise kaybeden halklar, kazananlar saraylar\u0131nda oturanlar olur. D\u00fcnya \u00fczerinde topra\u011f\u0131na, do\u011fal kayna\u011f\u0131na g\u00f6z dikilmeyen yer yoktur. \u0130\u015fte bu kasaba halk\u0131n\u0131n da \u00fcst\u00fcnde ya\u015fad\u0131\u011f\u0131 toprak ve sahip oldu\u011fu k\u00f6m\u00fcr madeni nice \u00fclkeleri fetheden i\u015fgal g\u00fcc\u00fcn\u00fcn yeni hedefi olmu\u015ftur. \u0130\u015fgalci g\u00fc\u00e7 yukar\u0131dan ald\u0131\u011f\u0131 emirlerle kasabay\u0131 fetheder ve kasaba halk\u0131n\u0131n bug\u00fcne kadar \u00e7\u0131karmad\u0131\u011f\u0131 k\u00f6m\u00fcr\u00fc \u00e7\u0131karman\u0131n planlar\u0131n\u0131 yapar. \u00d6zg\u00fcr insanlar\u0131n \u00f6zg\u00fcrl\u00fcklerini ellerinden al\u0131p istemediklerini yapt\u0131rmak zordur ve \u00fczerlerindeki bask\u0131 artt\u0131k\u00e7a g\u00f6sterecekleri direni\u015f de artacakt\u0131r. \u0130\u015fgalci g\u00fc\u00e7 i\u00e7in mevzu madenin \u00e7\u0131kar\u0131lmas\u0131 kadar basit g\u00f6r\u00fcn\u00fcrken halk i\u00e7in mevzu asl\u0131nda o kadar da basit de\u011fildir. \u0130nsanlar\u0131n ge\u00e7mi\u015flerinin, bug\u00fcnlerinin ve geleceklerinin karar\u0131n\u0131 o topraklar \u00fczerinde eme\u011fi ge\u00e7meyen, oran\u0131n k\u00fclt\u00fcr\u00fcn\u00fc ya\u015fatmak i\u00e7in m\u00fccadele etmeyen, oray\u0131 s\u00f6m\u00fcr\u00fclecek bir hedef olarak g\u00f6renler veremez, vermek istediklerinde de sava\u015fmak istemeyen \u00f6zg\u00fcr insanlar\u0131n yeri geldi\u011finde sava\u015ftan ka\u00e7mad\u0131klar\u0131n\u0131 g\u00f6r\u00fcrler.<\/p>\n<p>&nbsp;<\/p>\n<p><a href=\"https:\/\/baraka.cc\/wp-content\/uploads\/2020\/04\/91178107_10156076156347395_2998436808162803712_n.jpg\"><img decoding=\"async\" loading=\"lazy\" class=\"size-medium wp-image-7470 alignleft\" alt=\"91178107_10156076156347395_2998436808162803712_n\" src=\"https:\/\/baraka.cc\/wp-content\/uploads\/2020\/04\/91178107_10156076156347395_2998436808162803712_n-212x300.jpg\" width=\"212\" height=\"300\" srcset=\"https:\/\/baraka.cc\/wp-content\/uploads\/2020\/04\/91178107_10156076156347395_2998436808162803712_n-212x300.jpg 212w, https:\/\/baraka.cc\/wp-content\/uploads\/2020\/04\/91178107_10156076156347395_2998436808162803712_n.jpg 679w\" sizes=\"(max-width: 212px) 100vw, 212px\" \/><\/a>\u0130\u015fgal ettikleri topraklar \u00fczerinde sorunsuz ve s\u0131k\u0131nt\u0131s\u0131z bir \u015fekilde, kasaba halk\u0131n\u0131n kendilerini kabul edeceklerini d\u00fc\u015f\u00fcnen, kimisi s\u0131k\u0131 s\u0131k\u0131ya emirlere itaat eden, kimisi hayalperest, kimisi romantik, kimisi duygusuz askerlerin y\u00fczle\u015fece\u011fi ger\u00e7ek, ilk ba\u015flarda as\u0131k suratlarken zamanla \u00f6fkeli y\u00fczler olacakt\u0131r. Zorla madende \u00e7al\u0131\u015ft\u0131r\u0131lan i\u015f\u00e7isinden e\u015fleri \u00f6ld\u00fcr\u00fclen kad\u0131nlara, halk\u0131na ba\u011fl\u0131 belediye ba\u015fkan\u0131ndan direni\u015fi ye\u015ferten ve b\u00fcy\u00fcten gen\u00e7lerine, ba\u011f\u0131ms\u0131zl\u0131\u011f\u0131na ve \u00f6zg\u00fcrl\u00fc\u011f\u00fcne d\u00fc\u015fk\u00fcn kasaba halk\u0131, kendi i\u00e7lerindeki hainlere ve bireysel \u00e7\u0131karlar\u0131n\u0131 halk\u0131n\u0131n \u00f6n\u00fcnde tutanlara ra\u011fmen s\u00f6n\u00fck bir mum \u0131\u015f\u0131\u011f\u0131 gibi ba\u015flayan m\u00fccadelelerini i\u015fgal ordusunu yakacak koca bir ate\u015fe d\u00f6n\u00fc\u015ft\u00fcrecektir. Kasabay\u0131 fetheden sinek ka\u011f\u0131d\u0131 zamanla g\u00fcne\u015fin do\u011fu\u015fuyla sinekler taraf\u0131ndan fethedilecektir.<\/p>\n<p>&nbsp;<\/p>\n<p>Irgat bir ailenin \u00e7ocu\u011fu olan, gen\u00e7lik y\u0131llar\u0131nda \u00e7iftliklerde ve \u00fcniversite d\u00f6neminde de \u00e7ok farkl\u0131 i\u015flerde \u00e7al\u0131\u015fan John Steinbeck\u2019in 1942 y\u0131l\u0131nda yay\u0131mlanan Ay Batarken adl\u0131 roman\u0131 bir kasaba halk\u0131n\u0131n yurtlar\u0131n\u0131 i\u015fgal edenlere kar\u015f\u0131 verdi\u011fi m\u00fccadeleyi anlatmaktad\u0131r. Steinbeck, yurt savunmas\u0131nda bir halk\u0131n kendi potansiyelini a\u015f\u0131p neler yapabilece\u011fini anlatt\u0131\u011f\u0131 bu eserinden \u00f6ncesinde ve sonras\u0131nda yazd\u0131\u011f\u0131 eserlerinde d\u00f6nem d\u00f6nem bireysel hikayelere y\u00f6nelmi\u015f d\u00f6nem d\u00f6nem ise toplumsal sorunlar\u0131 kaleme alm\u0131\u015ft\u0131r. Yazar ilk eserlerinde kendi ama\u00e7lar\u0131 u\u011fruna toplumdan kopmu\u015f bireylerin hikayelerini anlat\u0131r. Daha sonraki y\u0131llarda yazd\u0131\u011f\u0131 Gazap \u00dcz\u00fcmleri, Bitmeyen Kavga gibi romanlar\u0131nda ise i\u015f\u00e7i ve i\u015fveren aras\u0131ndaki \u00e7at\u0131\u015fmalar\u0131, g\u00f6\u00e7men ve mevsimlik i\u015f\u00e7ilerin sorunlar\u0131n\u0131 ve \u00e7al\u0131\u015fma ko\u015fullar\u0131n\u0131 okurlar\u0131na aktar\u0131r.<\/p>\n<p>&nbsp;<\/p>\n<p>Steinbeck\u2019in ba\u011f\u0131ms\u0131zl\u0131k ve \u00f6zg\u00fcrl\u00fck u\u011fruna halklar\u0131n m\u00fccadelelerine bir \u00f6rnek, belki de bir \u0131\u015f\u0131k olabilecek Ay Batarken adl\u0131 eseri umudumuzla, sevgimizle, dayan\u0131\u015fmam\u0131zla, kavgam\u0131zla ya\u015fad\u0131\u011f\u0131m\u0131z\u0131 bir kere daha bize hat\u0131rlatmaktad\u0131r.<\/p>\n<p><a href=\"https:\/\/www.facebook.com\/barakakulturmerkezi\/videos\/653211562167840\">https:\/\/www.facebook.com\/barakakulturmerkezi\/videos\/653211562167840<\/a><\/p>\n<p>&nbsp;<\/p>\n<p>&nbsp;<\/p>\n<p>&nbsp;<\/p>\n","protected":false},"excerpt":{"rendered":"<p>Bug\u00fcn sizlere Argasdi&#8217;nin sanat sayfas\u0131nda yer alan bir kitap yorumuyla sesleniyoruz. John Steinbeck taraf\u0131ndan kaleme al\u0131nan Ay Batarken isimli kitap, i\u015fgal edilen bir kasaban\u0131n i\u015fgalciyle<\/p>\n","protected":false},"author":7,"featured_media":7469,"comment_status":"open","ping_status":"open","sticky":false,"template":"","format":"standard","meta":{"jetpack_post_was_ever_published":false,"_jetpack_newsletter_access":"","_jetpack_newsletter_tier_id":0,"jetpack_publicize_message":"","jetpack_is_tweetstorm":false,"jetpack_publicize_feature_enabled":true,"jetpack_social_post_already_shared":true,"jetpack_social_options":{"image_generator_settings":{"template":"highway","enabled":false}}},"categories":[40,67,44,9,1,65],"tags":[],"jetpack_publicize_connections":[],"jetpack_featured_media_url":"https:\/\/baraka.cc\/wp-content\/uploads\/2020\/04\/ay-batarken-foto.jpg","jetpack_shortlink":"https:\/\/wp.me\/p4eHWX-1Ws","jetpack_sharing_enabled":true,"_links":{"self":[{"href":"https:\/\/baraka.cc\/index.php?rest_route=\/wp\/v2\/posts\/7468"}],"collection":[{"href":"https:\/\/baraka.cc\/index.php?rest_route=\/wp\/v2\/posts"}],"about":[{"href":"https:\/\/baraka.cc\/index.php?rest_route=\/wp\/v2\/types\/post"}],"author":[{"embeddable":true,"href":"https:\/\/baraka.cc\/index.php?rest_route=\/wp\/v2\/users\/7"}],"replies":[{"embeddable":true,"href":"https:\/\/baraka.cc\/index.php?rest_route=%2Fwp%2Fv2%2Fcomments&post=7468"}],"version-history":[{"count":1,"href":"https:\/\/baraka.cc\/index.php?rest_route=\/wp\/v2\/posts\/7468\/revisions"}],"predecessor-version":[{"id":7471,"href":"https:\/\/baraka.cc\/index.php?rest_route=\/wp\/v2\/posts\/7468\/revisions\/7471"}],"wp:featuredmedia":[{"embeddable":true,"href":"https:\/\/baraka.cc\/index.php?rest_route=\/wp\/v2\/media\/7469"}],"wp:attachment":[{"href":"https:\/\/baraka.cc\/index.php?rest_route=%2Fwp%2Fv2%2Fmedia&parent=7468"}],"wp:term":[{"taxonomy":"category","embeddable":true,"href":"https:\/\/baraka.cc\/index.php?rest_route=%2Fwp%2Fv2%2Fcategories&post=7468"},{"taxonomy":"post_tag","embeddable":true,"href":"https:\/\/baraka.cc\/index.php?rest_route=%2Fwp%2Fv2%2Ftags&post=7468"}],"curies":[{"name":"wp","href":"https:\/\/api.w.org\/{rel}","templated":true}]}}