{"id":7489,"date":"2020-04-25T20:10:51","date_gmt":"2020-04-25T18:10:51","guid":{"rendered":"https:\/\/baraka.cc\/?p=7489"},"modified":"2020-04-25T20:14:08","modified_gmt":"2020-04-25T18:14:08","slug":"nukleer-santrallere-karsi-sesimizi-yukseltmezsek-koronanin-yarim-biraktigini-akkuyu-tamamlar","status":"publish","type":"post","link":"https:\/\/baraka.cc\/?p=7489","title":{"rendered":"N\u00fckleer Santrallere Kar\u015f\u0131 Sesimizi Y\u00fckseltmezsek Koronan\u0131n Yar\u0131m B\u0131rakt\u0131\u011f\u0131n\u0131 Akkuyu Tamamlar"},"content":{"rendered":"<p>&nbsp;<\/p>\n<p style=\"text-align: center;\"><a href=\"https:\/\/baraka.cc\/wp-content\/uploads\/2020\/04\/NukleereHayir.jpg\"><img decoding=\"async\" loading=\"lazy\" class=\"alignnone size-medium wp-image-7490\" alt=\"NukleereHayir\" src=\"https:\/\/baraka.cc\/wp-content\/uploads\/2020\/04\/NukleereHayir-300x220.jpg\" width=\"300\" height=\"220\" srcset=\"https:\/\/baraka.cc\/wp-content\/uploads\/2020\/04\/NukleereHayir-300x220.jpg 300w, https:\/\/baraka.cc\/wp-content\/uploads\/2020\/04\/NukleereHayir-1024x752.jpg 1024w, https:\/\/baraka.cc\/wp-content\/uploads\/2020\/04\/NukleereHayir.jpg 1129w\" sizes=\"(max-width: 300px) 100vw, 300px\" \/><\/a><\/p>\n<p>Korona vir\u00fcs\u00fc ile m\u00fccadele etmeye \u00e7al\u0131\u015ft\u0131\u011f\u0131m\u0131z bu zorlu d\u00f6nemde, bir\u00e7o\u011fumuzun elinden gelen tek \u015fey evde kalmak. \u00c7al\u0131\u015fmak zorunda olan ve sa\u011fl\u0131\u011f\u0131n\u0131 tehlikeye atan ya da \u00e7al\u0131\u015famad\u0131\u011f\u0131 i\u00e7in maddi sorunlar ya\u015fayan insanlar\u0131n s\u0131k\u0131nt\u0131lar\u0131yla ilgilenmek yerine, T\u00fcrkiye h\u00fck\u00fcmeti gururla Akkuyu N\u00fckleer G\u00fc\u00e7 Santrali ie ilgili a\u00e7\u0131klamalar yap\u0131yor. T\u00fcrkiye&#8217;de vaka say\u0131s\u0131 100.000 civar\u0131nda, hayat\u0131n\u0131 kaybedenler 2.000&#8217;den fazla, \u00f6te yandan 34 y\u0131l \u00f6nce ya\u015fanan \u00c7ernobil facias\u0131 halen hayatlar\u0131m\u0131z\u0131 ve do\u011fay\u0131 tehdit ediyor. Ukrayna&#8217;da , \u00c7ernobil n\u00fckleer santrali yak\u0131nlar\u0131nda 4 Nisan&#8217;da \u00e7\u0131kan orman yang\u0131n\u0131 nedeniyle, ba\u015fkent Kiev&#8217;in \u00fcst\u00fc yo\u011fun bir duman tabakas\u0131yla kapland\u0131 ve kent d\u00fcnyada hava kirlili\u011finin en k\u00f6t\u00fc oldu\u011fu yerlerden biri haline geldi. Yang\u0131n\u0131n radyasyon art\u0131\u015f\u0131na neden olmas\u0131 ve bir felaketin daha ya\u015fanmas\u0131 an meselesiiydi.<\/p>\n<p>T\u00fcm bunlara ra\u011fmen T\u00fcrkiye Cumhuriyeti Maliye Bakan\u0131 Berat Albayrak Twitter&#8217;dan \u015f\u00f6yle bir mesaj payla\u015ft\u0131: \u201cB\u00fcy\u00fck hayallerimiz, tamamlanacak hik\u00e2yelerimiz, milletimize s\u00f6zlerimiz var. 70 y\u0131ll\u0131k stratejik n\u00fckleer hayalimiz ger\u00e7e\u011fe d\u00f6n\u00fc\u015f\u00fcyor. Akkuyu NGS in\u015faat\u0131 atom \u00e7ekirde\u011fi \u00fczerinde y\u00fckseliyor.\u201d A\u00e7\u0131klamalar\u0131na utanmadan korona ile \u00e7ok iyi m\u00fccadele ettiklerini ve vir\u00fcs bitti\u011finde, yeni d\u00fcnya d\u00fczeninde en g\u00fc\u00e7l\u00fclerden olmay\u0131 planlad\u0131klar\u0131n\u0131 da ekledi.<\/p>\n<p>\u00dclkemizde \u201cN\u00fckleere Hay\u0131r Platformu\u201dnda birle\u015fen onlarca \u00f6rg\u00fct ve binlerce ki\u015finin imzalar\u0131 ve eylemleri ile n\u00fckleere kar\u015f\u0131 oldu\u011fumuzu defalarca vurgulam\u0131\u015ft\u0131k. \u015eimdi soka\u011fa \u00e7\u0131kamasak da n\u00fckleer santrallere kar\u015f\u0131 oldu\u011fumuzu her f\u0131rsatta hat\u0131rlat\u0131yoruz.<\/p>\n<p>Akkuyu&#8217;da; sadece 90km mesafemizde ve hatta deprem riski olan bir b\u00f6lgede kurulacak bir n\u00fckleer santralin, adam\u0131zdaki t\u00fcm ya\u015fam\u0131 ve gelecek nesilleri \u00f6nemli \u00f6l\u00e7\u00fcde etkileyece\u011fi a\u015fikard\u0131r. \u00c7evre m\u00fchendisleri r\u00fczg\u00e2r ak\u0131mlar\u0131na ve meteorolojik verilere dayanarak yapt\u0131klar\u0131 bilimsel ara\u015ft\u0131rma sonucunda, olas\u0131 bir kazan\u0131n ilk \u00f6nce ve yo\u011funluklu olarak K\u0131br\u0131s\u2019\u0131 etkileyece\u011fini s\u00f6ylemektedir. Herhangi bir kaza olmasa bile Akdeniz\u2019in su s\u0131cakl\u0131\u011f\u0131n\u0131n n\u00fckleer santrale uygun olmad\u0131\u011f\u0131, denizdeki t\u00fcm ekosistemlerin olumsuz etkilenece\u011fi de bilinmektedir.<\/p>\n<p>Koronan\u0131n yar\u0131m b\u0131rakt\u0131\u011f\u0131n\u0131 Akkuyu tamamlamas\u0131n! Sen de 26 Nisan Pazar g\u00fcn\u00fc saat 4&#8217;te K\u0131br\u0131s N\u00fckleere Hay\u0131r Platformu&#8217;nun sosyal medya eylemine destek ver. Bir ka\u011f\u0131da &#8220;K\u0131br\u0131s n\u00fckleere hay\u0131r diyor&#8221; yaz, gerek\u00e7eni bir c\u00fcmle ile ekle ve foto\u011fraf\u0131n\u0131\u00a0<a href=\"https:\/\/www.facebook.com\/hashtag\/stopnuclear?source=feed_text&amp;epa=HASHTAG\" data-ft=\"{&quot;type&quot;:104,&quot;tn&quot;:&quot;*N&quot;}\">#StopNuclear<\/a>\u00a0ha\u015fta\u011f\u0131yla payla\u015f.<\/p>\n<p>&nbsp;<\/p>\n","protected":false},"excerpt":{"rendered":"<p>&nbsp; Korona vir\u00fcs\u00fc ile m\u00fccadele etmeye \u00e7al\u0131\u015ft\u0131\u011f\u0131m\u0131z bu zorlu d\u00f6nemde, bir\u00e7o\u011fumuzun elinden gelen tek \u015fey evde kalmak. \u00c7al\u0131\u015fmak zorunda olan ve sa\u011fl\u0131\u011f\u0131n\u0131 tehlikeye atan ya<\/p>\n","protected":false},"author":3,"featured_media":7490,"comment_status":"open","ping_status":"open","sticky":false,"template":"","format":"standard","meta":{"jetpack_post_was_ever_published":false,"_jetpack_newsletter_access":"","_jetpack_newsletter_tier_id":0,"jetpack_publicize_message":"","jetpack_is_tweetstorm":false,"jetpack_publicize_feature_enabled":true,"jetpack_social_post_already_shared":true,"jetpack_social_options":{"image_generator_settings":{"template":"highway","enabled":false}}},"categories":[41,38,9,1],"tags":[],"jetpack_publicize_connections":[],"jetpack_featured_media_url":"https:\/\/baraka.cc\/wp-content\/uploads\/2020\/04\/NukleereHayir.jpg","jetpack_shortlink":"https:\/\/wp.me\/p4eHWX-1WN","jetpack_sharing_enabled":true,"_links":{"self":[{"href":"https:\/\/baraka.cc\/index.php?rest_route=\/wp\/v2\/posts\/7489"}],"collection":[{"href":"https:\/\/baraka.cc\/index.php?rest_route=\/wp\/v2\/posts"}],"about":[{"href":"https:\/\/baraka.cc\/index.php?rest_route=\/wp\/v2\/types\/post"}],"author":[{"embeddable":true,"href":"https:\/\/baraka.cc\/index.php?rest_route=\/wp\/v2\/users\/3"}],"replies":[{"embeddable":true,"href":"https:\/\/baraka.cc\/index.php?rest_route=%2Fwp%2Fv2%2Fcomments&post=7489"}],"version-history":[{"count":4,"href":"https:\/\/baraka.cc\/index.php?rest_route=\/wp\/v2\/posts\/7489\/revisions"}],"predecessor-version":[{"id":7494,"href":"https:\/\/baraka.cc\/index.php?rest_route=\/wp\/v2\/posts\/7489\/revisions\/7494"}],"wp:featuredmedia":[{"embeddable":true,"href":"https:\/\/baraka.cc\/index.php?rest_route=\/wp\/v2\/media\/7490"}],"wp:attachment":[{"href":"https:\/\/baraka.cc\/index.php?rest_route=%2Fwp%2Fv2%2Fmedia&parent=7489"}],"wp:term":[{"taxonomy":"category","embeddable":true,"href":"https:\/\/baraka.cc\/index.php?rest_route=%2Fwp%2Fv2%2Fcategories&post=7489"},{"taxonomy":"post_tag","embeddable":true,"href":"https:\/\/baraka.cc\/index.php?rest_route=%2Fwp%2Fv2%2Ftags&post=7489"}],"curies":[{"name":"wp","href":"https:\/\/api.w.org\/{rel}","templated":true}]}}