{"id":7508,"date":"2020-05-01T09:08:53","date_gmt":"2020-05-01T07:08:53","guid":{"rendered":"https:\/\/baraka.cc\/?p=7508"},"modified":"2020-05-01T09:08:53","modified_gmt":"2020-05-01T07:08:53","slug":"kapitalizm-salginina-inat-yasasin-hayat-yasasin-1-mayis-2","status":"publish","type":"post","link":"https:\/\/baraka.cc\/?p=7508","title":{"rendered":"Kapitalizm Salg\u0131n\u0131na \u0130nat Ya\u015fas\u0131n Hayat, Ya\u015fas\u0131n 1 May\u0131s!"},"content":{"rendered":"<p>D\u00fcnyay\u0131 ve \u00fclkemizi saran Covid \u2013 19 salg\u0131n\u0131 bizlere, kapitalizmin vah\u015fetini, bu d\u00fczenin kimlerin \u00e7\u0131kar\u0131na i\u015fledi\u011fini ve s\u0131n\u0131f m\u00fccadelesinin gereklili\u011fini tekrar hat\u0131rlat\u0131rken, ya\u015fanabilir bir d\u00fcnya i\u00e7in daha fazla m\u00fccadele etmemiz ger\u00e7e\u011fini de ortaya\u00a0koymaktad\u0131r. Vir\u00fcs herkese bula\u015fabilir, dolay\u0131s\u0131yla zengin yoksul ayr\u0131m\u0131 yapmaz s\u00f6ylemi, kapitalizmin her krizinde ortaya at\u0131lan hepimiz ayn\u0131 gemideyiz kand\u0131rmacas\u0131yla e\u015fde\u011ferdir. Hatta bu kand\u0131rmaca bu sefer direkt sa\u011fl\u0131\u011f\u0131m\u0131z\u0131 ve can\u0131m\u0131z\u0131 tehdit etmektedir.<\/p>\n<p>Sa\u011fl\u0131k en temel hakk\u0131m\u0131zken ve devletin \u00fccretsiz bir \u015fekilde sa\u011flamas\u0131 gerekirken, neoliberal politikalarla \u00f6zelle\u015ftirilen sa\u011fl\u0131k sistemimizin salg\u0131na kar\u015f\u0131 yetersizli\u011fini g\u00f6r\u00fcyor ve ya\u015f\u0131yoruz. Vir\u00fcs\u00fcn adam\u0131zda g\u00f6r\u00fcld\u00fc\u011f\u00fc ilk g\u00fcnden bug\u00fcne kadar yakla\u015f\u0131k bir bu\u00e7uk ay kadar bir zaman ge\u00e7mesine ra\u011fmen pandemi hastanesinin yap\u0131lmamas\u0131, \u00f6zelle\u015ftirilen sa\u011fl\u0131k sistemimizin kayma\u011f\u0131n\u0131 yiyen \u00f6zel hastanelerden birinin bile kamula\u015ft\u0131r\u0131l\u0131p pandemi hastanesine d\u00f6n\u00fc\u015ft\u00fcr\u00fclmemesi ve devlet hastanesinin pandemi hastanesi yap\u0131lmas\u0131, canla ba\u015fla \u00e7al\u0131\u015fan sa\u011fl\u0131k emek\u00e7ilerine yap\u0131lan bir ihanet ve halk\u0131n sa\u011fl\u0131\u011f\u0131n\u0131 hi\u00e7e saymakt\u0131r.<\/p>\n<p>Mevcut asgari \u00fccretle dahi ge\u00e7inemeyen \u00f6zel sekt\u00f6r emek\u00e7isine, salg\u0131n d\u00f6neminde reva g\u00f6r\u00fclen 1500 TL\u2019lik s\u00f6zde destek, ya a\u00e7l\u0131ktan ya da hastal\u0131ktan \u00f6lmek se\u00e7imini sunmakt\u0131r. Kamu emek\u00e7ilerinden kesintiler yap\u0131l\u0131rken bu \u00fclkenin kaynaklar\u0131n\u0131, emek\u00e7ilerini s\u00f6m\u00fcrerek zenginliklerini kat kat artt\u0131ran sermayedarlara dokunmamak, iktidar\u0131n kimlerin elinde oldu\u011funu g\u00f6stermektedir. Salg\u0131n hen\u00fcz bitmemi\u015f, a\u015f\u0131 ve ila\u00e7 bulunmam\u0131\u015f ve sa\u011fl\u0131k imkanlar\u0131 sosyal ya\u015fama d\u00f6nmek i\u00e7in yeterli h\u00e2le getirilmemi\u015fken elzem yerler d\u0131\u015f\u0131ndaki i\u015fyerlerini a\u00e7may\u0131 hedefleyen h\u00fck\u00fcmetin tek derdi patronlar\u0131n cebini doldurmakt\u0131r.<\/p>\n<p>Vergi muafiyetlerinden, te\u015fviklerinden faydalanarak, emek\u00e7inin hakk\u0131n\u0131 gasp ederek, vergi \u00f6demeyerek sermayelerini b\u00fcy\u00fcten ultrazenginlerin servetlerinden vergi almak yerine, kamu dairelerini a\u00e7arak bu d\u00f6nem i\u015f yapmayan esnaftan ve emek\u00e7iden vergiyle kaynak sa\u011flamak, halk\u0131 soymak ve bu salg\u0131n g\u00fcnlerinde halk\u0131 daha fazla \u00e7aresiz h\u00e2le getirmektir.<\/p>\n<p>Bizlere her \u015feyin ba\u015f\u0131 sa\u011fl\u0131k dedirten bug\u00fcnlerde, sermayenin kazanc\u0131n\u0131n halk\u0131n sa\u011fl\u0131\u011f\u0131ndan daha de\u011ferli k\u0131l\u0131nd\u0131\u011f\u0131 bu d\u00fczende sa\u011fl\u0131k da ya\u015famak da politiktir. Bir\u00e7ok i\u015fletmenin, fabrikan\u0131n kapand\u0131\u011f\u0131 bu s\u00fcre\u00e7te kapitalizmin ihtiya\u00e7tan fazla \u00fcretim ve t\u00fcketim anlay\u0131\u015f\u0131n\u0131n do\u011fay\u0131 nas\u0131l katletti\u011fini bug\u00fcn i\u00e7imize \u00e7ekti\u011fimiz temiz havayla anlayabiliyoruz. Evlere kapand\u0131\u011f\u0131m\u0131z bu s\u00fcrecin \u00fcreten bir halk\u0131n \u00fcretmesine engel olmad\u0131\u011f\u0131n\u0131, m\u00fczi\u011finden tiyatrosuna, el i\u015finden bah\u00e7e i\u015fine, sosyal medya eyleminden birbirimizle dayan\u0131\u015fmaya kadar yapt\u0131klar\u0131m\u0131zla deneyimliyoruz. \u00dcretenlerin y\u00f6netenler olmas\u0131 gerekti\u011fini bir daha \u00f6\u011freniyoruz.<\/p>\n<p>Salg\u0131n sebebiyle bu 1 May\u0131s\u2019ta sokaklar\u0131 dolduramasak da i\u00e7imizdeki 1 May\u0131s ruhu dinmek yerine daha fazla b\u00fcy\u00fcmektedir. \u0130nsan sa\u011fl\u0131\u011f\u0131n\u0131 hi\u00e7e sayan, eme\u011fimizi ve do\u011fam\u0131z\u0131 s\u00f6m\u00fcren, ayn\u0131 gemideyiz yalanlar\u0131yla s\u0131rt\u0131m\u0131zdan ge\u00e7inenlere bug\u00fcnden, tekrardan sokaklar\u0131 dolduraca\u011f\u0131m\u0131z g\u00fcnleri beklemeden, hesap sormaya, bug\u00fcnlerin bedelini \u00f6detmeye ve kavgam\u0131z\u0131 s\u00fcrd\u00fcrmeye devam edece\u011fiz.<\/p>\n<p>Kapitalizm Salg\u0131n\u0131na \u0130nat Ya\u015fas\u0131n Hayat!<\/p>\n<p>Ya\u015fas\u0131n 1 May\u0131s!<\/p>\n<p>&nbsp;<\/p>\n","protected":false},"excerpt":{"rendered":"<p>D\u00fcnyay\u0131 ve \u00fclkemizi saran Covid \u2013 19 salg\u0131n\u0131 bizlere, kapitalizmin vah\u015fetini, bu d\u00fczenin kimlerin \u00e7\u0131kar\u0131na i\u015fledi\u011fini ve s\u0131n\u0131f m\u00fccadelesinin gereklili\u011fini tekrar hat\u0131rlat\u0131rken, ya\u015fanabilir bir d\u00fcnya<\/p>\n","protected":false},"author":4,"featured_media":7509,"comment_status":"open","ping_status":"open","sticky":false,"template":"","format":"standard","meta":{"jetpack_post_was_ever_published":false,"_jetpack_newsletter_access":"","_jetpack_newsletter_tier_id":0,"jetpack_publicize_message":"","jetpack_is_tweetstorm":false,"jetpack_publicize_feature_enabled":true,"jetpack_social_post_already_shared":true,"jetpack_social_options":{"image_generator_settings":{"template":"highway","enabled":false}}},"categories":[51,47,9,1],"tags":[],"jetpack_publicize_connections":[],"jetpack_featured_media_url":"https:\/\/baraka.cc\/wp-content\/uploads\/2020\/05\/9.jpg","jetpack_shortlink":"https:\/\/wp.me\/p4eHWX-1X6","jetpack_sharing_enabled":true,"_links":{"self":[{"href":"https:\/\/baraka.cc\/index.php?rest_route=\/wp\/v2\/posts\/7508"}],"collection":[{"href":"https:\/\/baraka.cc\/index.php?rest_route=\/wp\/v2\/posts"}],"about":[{"href":"https:\/\/baraka.cc\/index.php?rest_route=\/wp\/v2\/types\/post"}],"author":[{"embeddable":true,"href":"https:\/\/baraka.cc\/index.php?rest_route=\/wp\/v2\/users\/4"}],"replies":[{"embeddable":true,"href":"https:\/\/baraka.cc\/index.php?rest_route=%2Fwp%2Fv2%2Fcomments&post=7508"}],"version-history":[{"count":1,"href":"https:\/\/baraka.cc\/index.php?rest_route=\/wp\/v2\/posts\/7508\/revisions"}],"predecessor-version":[{"id":7510,"href":"https:\/\/baraka.cc\/index.php?rest_route=\/wp\/v2\/posts\/7508\/revisions\/7510"}],"wp:featuredmedia":[{"embeddable":true,"href":"https:\/\/baraka.cc\/index.php?rest_route=\/wp\/v2\/media\/7509"}],"wp:attachment":[{"href":"https:\/\/baraka.cc\/index.php?rest_route=%2Fwp%2Fv2%2Fmedia&parent=7508"}],"wp:term":[{"taxonomy":"category","embeddable":true,"href":"https:\/\/baraka.cc\/index.php?rest_route=%2Fwp%2Fv2%2Fcategories&post=7508"},{"taxonomy":"post_tag","embeddable":true,"href":"https:\/\/baraka.cc\/index.php?rest_route=%2Fwp%2Fv2%2Ftags&post=7508"}],"curies":[{"name":"wp","href":"https:\/\/api.w.org\/{rel}","templated":true}]}}