{"id":7512,"date":"2020-05-05T11:20:24","date_gmt":"2020-05-05T09:20:24","guid":{"rendered":"https:\/\/baraka.cc\/?p=7512"},"modified":"2020-05-05T11:20:24","modified_gmt":"2020-05-05T09:20:24","slug":"pandemiden-kacarken-siddete-yakalanmak-pinar-piro","status":"publish","type":"post","link":"https:\/\/baraka.cc\/?p=7512","title":{"rendered":"Pandemiden Ka\u00e7arken \u015eiddete Yakalanmak- P\u0131nar Piro"},"content":{"rendered":"<p><em>Argasdi&#8217;nin pandemi \u00f6zel say\u0131s\u0131ndan; kad\u0131na kar\u015f\u0131 \u015fiddet vakalar\u0131n\u0131 ele ald\u0131\u011f\u0131m\u0131z\u00a0 &#8220;Pandemiden Ka\u00e7arken \u015eiddete Yakalanmak&#8221; isimli makalemizi\u00a0payla\u015f\u0131yoruz sizlerle&#8230; <\/em><\/p>\n<p><a href=\"https:\/\/baraka.cc\/wp-content\/uploads\/2020\/05\/PANDEM\u0130DEN-KA\u00c7ARKEN-\u015e\u0130DDETE-YAKALANMAK-2.jpg\"><img decoding=\"async\" loading=\"lazy\" class=\"size-medium wp-image-7513 alignright\" alt=\"PANDEM\u0130DEN KA\u00c7ARKEN \u015e\u0130DDETE YAKALANMAK 2\" src=\"https:\/\/baraka.cc\/wp-content\/uploads\/2020\/05\/PANDEM\u0130DEN-KA\u00c7ARKEN-\u015e\u0130DDETE-YAKALANMAK-2-300x280.jpg\" width=\"300\" height=\"280\" srcset=\"https:\/\/baraka.cc\/wp-content\/uploads\/2020\/05\/PANDEM\u0130DEN-KA\u00c7ARKEN-\u015e\u0130DDETE-YAKALANMAK-2-300x280.jpg 300w, https:\/\/baraka.cc\/wp-content\/uploads\/2020\/05\/PANDEM\u0130DEN-KA\u00c7ARKEN-\u015e\u0130DDETE-YAKALANMAK-2.jpg 720w\" sizes=\"(max-width: 300px) 100vw, 300px\" \/><\/a>Yaz\u0131l\u0131\u015f\u0131 \u00e7ok g\u00fczel olan ve bir\u00e7ok ki\u015finin yeni ba\u015flang\u0131\u00e7lar i\u00e7in \u00f6n\u00fcne hedef koydu\u011fu 2020 y\u0131l\u0131n\u0131n \u00fclkemiz i\u00e7in \u00e7ok g\u00fczel ba\u015flad\u0131\u011f\u0131 s\u00f6ylenemez. D\u00fcnyay\u0131 sarsan korona vir\u00fcs\u00fcn\u00fcn bir anda \u00fclkemize gelmesi ve ne b\u00fcy\u00fck talihsizlik ki \u00e7ok k\u0131sa bir s\u00fcre \u00f6nce de Lefko\u015fa Devlet Hastanesi&#8217;nin yang\u0131n sebebi ile b\u00fcy\u00fck hasar g\u00f6rm\u00fc\u015f olmas\u0131, K\u0131br\u0131s gibi k\u00fc\u00e7\u00fck bir \u00fclke i\u00e7in felaket olarak tan\u0131mlanabilir. Hele ki o \u00fclke y\u00f6netimi de ba\u015fl\u0131 ba\u015f\u0131na bir felaketse!<\/p>\n<p>Ne var ki kendilerini evlerine kapatan bilin\u00e7li insanlarla, &#8220;bize bir \u015fey olmaz&#8221;c\u0131 kesim aras\u0131nda uzun s\u00fcren karma\u015f\u0131k durum s\u00fcreci zorla\u015ft\u0131rsa da, sa\u011fl\u0131k emek\u00e7lerimizin bilgilendirmeleri ve \u00f6zverili \u00e7al\u0131\u015fmalar\u0131 sayesinde ve devletin asl\u0131nda ilk g\u00fcnden yap\u0131lmas\u0131 gereken k\u0131smi soka\u011fa \u00e7\u0131kma yasa\u011f\u0131n\u0131 i\u015fleve koymas\u0131 ile pandeminin \u00fclkemizdeki yay\u0131lma h\u0131z\u0131 d\u00fc\u015ft\u00fc. Tabii kendine i\u015fleyen emek\u00e7inin hi\u00e7e say\u0131ld\u0131\u011f\u0131 ya da i\u015fyeri kapan\u0131nca maa\u015f alamayacak emek\u00e7iye de \u00fc\u00e7 kuru\u015f sadaka verilece\u011fi, hatta onun da \u00f6yle kriterlere dayand\u0131r\u0131laca\u011f\u0131 ki neredeyse kimsenin o yard\u0131m\u0131 alamayaca\u011f\u0131 kadar sa\u00e7ma kararlar al\u0131nm\u0131\u015f olmas\u0131 da ba\u015fka bir yaz\u0131n\u0131n konusu&#8230;<\/p>\n<p><b>Kimse i\u015fe gitmiyor, ne g\u00fczel de\u011fil mi?<\/b><\/p>\n<p>Ve i\u015fte o evlere kapanma ile birlikte, \u00fclkemizin \u00e7ok uzun y\u0131llard\u0131r ya\u015fad\u0131\u011f\u0131 ama aynen bu g\u00fcnlerde oldu\u011fu gibi hep ba\u015fka g\u00fcndemlerin g\u00f6lgesinde kalan ve hi\u00e7bir yetkilinin de \u00f6ncelik vermedi\u011fi ba\u015fka bir ac\u0131 ger\u00e7ek katlanarak devam ediyor. Ev i\u00e7i \u015fiddet! Bir\u00e7ok e\u015f, gen\u00e7 ve \u00e7ocuk, \u00f6zellikle de kad\u0131nlar pandemiden korunmak i\u00e7in s\u0131\u011f\u0131nd\u0131klar\u0131 evlerinde ba\u015fka bir hastal\u0131kl\u0131 zihniyetin oda\u011f\u0131 olmak durumunda kal\u0131yor. D\u00fcnyan\u0131n d\u00f6rt bir yan\u0131nda yap\u0131lan ara\u015ft\u0131rmalar ve korunmaya ba\u015fvuranlar\u0131n hesaplanmas\u0131 ile yap\u0131lan istatistikler, bu s\u00fcre\u00e7lerde ya\u015fanan kad\u0131na y\u00f6nelik ev i\u00e7i \u015fiddet vakalar\u0131n\u0131n en az %30 civarlar\u0131nda artt\u0131\u011f\u0131n\u0131 g\u00f6steriyor.<\/p>\n<p><b>Peki neden?<\/b><\/p>\n<p>Salg\u0131n sebepli ev izolasyonu nedeni ile normalde birlikte \u00e7ok az vakit ge\u00e7irebilen aile bireyleri 24 saatin neredeyse her saniyesini birlikte ge\u00e7irmeye ba\u015flad\u0131. Hal b\u00f6yle olunca da g\u00fcnl\u00fck ya\u015fam ko\u015fu\u015fturmacas\u0131ndan fark\u0131na bile varamad\u0131\u011f\u0131m\u0131z \u00f6zelliklerimizi kar\u015f\u0131l\u0131kl\u0131 olarak yeniden ke\u015ffetmeye ba\u015flad\u0131k. Bunun yan\u0131 s\u0131ra ne yaz\u0131k ki i\u015flerimize gitmememizin sebebi tatil olmad\u0131\u011f\u0131ndan ve eve giren gelirin azalmas\u0131yla s\u00fcrekli evde ge\u00e7en vakitte \u00f6zellikle de mutfak giderlerinin de artmas\u0131yla dengesiz bir maddi durum ile kar\u015f\u0131 kar\u015f\u0131ya kald\u0131k. Kimimiz bor\u00e7lar\u0131n\u0131 nas\u0131l \u00f6deyece\u011finin derdine d\u00fc\u015ft\u00fc, kimimiz \u00e7ocu\u011fun okulu ne olacak diye endi\u015felenmekte. G\u00fcnl\u00fck ya\u015famlar\u0131m\u0131z aile fertlerini g\u00fcnd\u00fcz bir araya getirebilecek ko\u015fullarda olmad\u0131\u011f\u0131 i\u00e7in ilk g\u00fcnler birlikteli\u011fin keyfini \u00e7\u0131kar\u0131rken haftalar i\u00e7erisinde bocalamalar ya\u015famaya ba\u015flayan aileler oldu. S\u00fcrekli birlikte olman\u0131n belirli bir kar\u015f\u0131l\u0131kl\u0131 anlay\u0131\u015f ve ho\u015fg\u00f6r\u00fc gerektirdi\u011fi g\u00f6z \u00f6n\u00fcnde bulunduruldu\u011funda, s\u00fcrekli evde olup art\u0131k s\u0131k\u0131lmalar ba\u015f g\u00f6sterince, \u00fcst\u00fcne bir de zaten salg\u0131na yakalan\u0131r m\u0131y\u0131m korkusu ve maddi ge\u00e7imimiz ne olacak s\u0131k\u0131nt\u0131s\u0131 da eklenince sinirler y\u0131prand\u0131, gerilimler ve tart\u0131\u015fmalar ba\u015flad\u0131. Ve bu gerilimden en b\u00fcy\u00fck zarar\u0131 da kad\u0131nlar g\u00f6r\u00fcyor. Kendini \u00fcst\u00fcn g\u00f6ren erkek egemen zihniyetli ki\u015filer, \u00e7al\u0131\u015famad\u0131\u011f\u0131 \u015fu g\u00fcnlerde g\u00fcc\u00fcn\u00fc kaybetti\u011fi hissiyat\u0131 ile kendini g\u00fc\u00e7l\u00fc hissetmenin yolunu kad\u0131na \u015fiddet uygulamakta buldu. \u00c7\u00fcnk\u00fc \u015fiddetin k\u00f6keninde, bask\u0131c\u0131 ataerkil yap\u0131n\u0131n yan\u0131 s\u0131ra, \u015fiddet uygulayan\u0131n bir \u015fekilde yoksun ve yoksul olmas\u0131 nedeniyle kendini yeniden g\u00fc\u00e7l\u00fc hissetme, hayat\u0131n\u0131n kontrol\u00fcn\u00fc kaybetti\u011finde bir ba\u015fka hayat\u0131 kontrol alt\u0131na alma \u00e7abas\u0131 vard\u0131r. \u015eu g\u00fcnlerde de insanlar devlet eli ile yoksulla\u015ft\u0131r\u0131lmakta ve yoksunla\u015ft\u0131r\u0131lmaktad\u0131r. Ve maalesef \u015fiddete u\u011frayan kad\u0131nlar\u0131n \u00e7o\u011fu \u015fu an \u00fclke g\u00fcndemi salg\u0131n ile me\u015fgul oldu\u011fundan ve bir\u00e7ok hizmet de devlet taraf\u0131ndan durdurulmu\u015f oldu\u011fundan nereye ba\u015fvuraca\u011f\u0131n\u0131, ne yapabilece\u011fini bilmez bir halde susup katlanarak artan \u015fiddete maruz kalmaktad\u0131r.<\/p>\n<p><b>Ancak bundan \u00f6nce oldu\u011fu gibi bu g\u00fcn de yar\u0131n da susmamal\u0131y\u0131z!<\/b><\/p>\n<p>\u00c7\u00fcnk\u00fc ev i\u00e7i izolasyona mecbur olu\u015fumuz \u015fiddet g\u00f6rmeye mecbur oldu\u011fumuz veya buna sessiz kalaca\u011f\u0131m\u0131z anlam\u0131na gelmez. \u015eiddeti yok etmek i\u00e7in verilen \u00e7abalar ara verilebilecek, ertelenebilecek ya da ikinci s\u0131raya itilebilecek t\u00fcrden de\u011fildir. Salg\u0131n \u00f6ncesi verilen m\u00fccadele bug\u00fcnlerde de verilecek, \u015fikayet etmekten geri kal\u0131nmayacak ve su\u00e7lular\u0131n ceza alabilmesi i\u00e7in at\u0131lacak t\u00fcm ad\u0131mlar at\u0131lacakt\u0131r. \u00c7\u00fcnk\u00fc \u015fiddet bir su\u00e7tur ve di\u011fer t\u00fcm su\u00e7lar gibi cezaland\u0131r\u0131lmal\u0131d\u0131r. Sessiz kalmayarak \u015fiddete direnenlerin korunmas\u0131 en k\u0131sa s\u00fcrede sa\u011flanmal\u0131d\u0131r. Hi\u00e7bir kad\u0131n d\u00f6rt duvar aras\u0131nda s\u0131k\u0131\u015fm\u0131\u015f kalmamal\u0131d\u0131r. Devlet taraf\u0131ndan verilen idari tatillerin adli yard\u0131m s\u00fcre\u00e7lerini etkilemedi\u011fi bilinmelidir. \u015eiddet g\u00f6ren ki\u015filer Sosyal Hizmetler ihbar hatt\u0131 183 veya 155 polis \u015fikayet hatt\u0131n\u0131 arayarak \u015fikayette ve yard\u0131m talebinde bulunabilirler. Lefko\u015fa Belediyesi&#8217;nin kad\u0131n s\u0131\u011f\u0131nma evine ba\u015fvuruda bulunabilirler. \u0130dari izin s\u00fcresinde dahi adli yard\u0131m hizmetinden faydalan\u0131l\u0131p mahkemeden koruma emri alabilirler.<\/p>\n<p>Bu g\u00fcnler elbet ge\u00e7ecek. Umuyoruz ki en az zararla ge\u00e7ecek. Ama \u015fiddet y\u00fcz\u00fcnde \u00f6len bir kad\u0131n, gelecek g\u00fczel g\u00fcnleri g\u00f6remeyecek. Her g\u00fcn \u015fiddet g\u00f6rd\u00fc\u011f\u00fc ev bir daha \u015fenlenmeyecek, ruhu asla eskisi gibi ne\u015felenmeyecek. Buna sessiz kalabilir miyiz?<\/p>\n<p><b>Kad\u0131n E\u011fitimi Kolektifi dayan\u0131\u015fmaya devam ediyor<\/b><\/p>\n<p>Kad\u0131n E\u011fitimi Kolektifi, bu s\u00fcrecin ba\u015f\u0131ndan beri &#8220;dayan\u0131\u015fma ya\u015fat\u0131r&#8221; diyerek bilgi payla\u015f\u0131mlar\u0131na ve \u015fiddet g\u00f6ren kad\u0131nlarla dayan\u0131\u015fmaya devam ediyor. \u015eiddet an\u0131nda neler yap\u0131lmas\u0131 gerekti\u011fi, yard\u0131m alma ve polise \u015fikayet y\u00f6ntemleri, koruma emri ba\u015fvurusu, s\u0131\u011f\u0131nma evinden yararlanma ko\u015fullar\u0131 gibi konularda bilgi edinmek i\u00e7in Kolektifi takip edebilir ve katk\u0131 koyabilirsiniz.<\/p>\n","protected":false},"excerpt":{"rendered":"<p>Argasdi&#8217;nin pandemi \u00f6zel say\u0131s\u0131ndan; kad\u0131na kar\u015f\u0131 \u015fiddet vakalar\u0131n\u0131 ele ald\u0131\u011f\u0131m\u0131z\u00a0 &#8220;Pandemiden Ka\u00e7arken \u015eiddete Yakalanmak&#8221; isimli makalemizi\u00a0payla\u015f\u0131yoruz sizlerle&#8230; Yaz\u0131l\u0131\u015f\u0131 \u00e7ok g\u00fczel olan ve bir\u00e7ok ki\u015finin yeni<\/p>\n","protected":false},"author":7,"featured_media":7513,"comment_status":"open","ping_status":"open","sticky":false,"template":"","format":"standard","meta":{"jetpack_post_was_ever_published":false,"_jetpack_newsletter_access":"","_jetpack_newsletter_tier_id":0,"jetpack_publicize_message":"","jetpack_is_tweetstorm":false,"jetpack_publicize_feature_enabled":true,"jetpack_social_post_already_shared":true,"jetpack_social_options":{"image_generator_settings":{"template":"highway","enabled":false}}},"categories":[40,67,44,9,1,39],"tags":[],"jetpack_publicize_connections":[],"jetpack_featured_media_url":"https:\/\/baraka.cc\/wp-content\/uploads\/2020\/05\/PANDEM\u0130DEN-KA\u00c7ARKEN-\u015e\u0130DDETE-YAKALANMAK-2.jpg","jetpack_shortlink":"https:\/\/wp.me\/p4eHWX-1Xa","jetpack_sharing_enabled":true,"_links":{"self":[{"href":"https:\/\/baraka.cc\/index.php?rest_route=\/wp\/v2\/posts\/7512"}],"collection":[{"href":"https:\/\/baraka.cc\/index.php?rest_route=\/wp\/v2\/posts"}],"about":[{"href":"https:\/\/baraka.cc\/index.php?rest_route=\/wp\/v2\/types\/post"}],"author":[{"embeddable":true,"href":"https:\/\/baraka.cc\/index.php?rest_route=\/wp\/v2\/users\/7"}],"replies":[{"embeddable":true,"href":"https:\/\/baraka.cc\/index.php?rest_route=%2Fwp%2Fv2%2Fcomments&post=7512"}],"version-history":[{"count":1,"href":"https:\/\/baraka.cc\/index.php?rest_route=\/wp\/v2\/posts\/7512\/revisions"}],"predecessor-version":[{"id":7514,"href":"https:\/\/baraka.cc\/index.php?rest_route=\/wp\/v2\/posts\/7512\/revisions\/7514"}],"wp:featuredmedia":[{"embeddable":true,"href":"https:\/\/baraka.cc\/index.php?rest_route=\/wp\/v2\/media\/7513"}],"wp:attachment":[{"href":"https:\/\/baraka.cc\/index.php?rest_route=%2Fwp%2Fv2%2Fmedia&parent=7512"}],"wp:term":[{"taxonomy":"category","embeddable":true,"href":"https:\/\/baraka.cc\/index.php?rest_route=%2Fwp%2Fv2%2Fcategories&post=7512"},{"taxonomy":"post_tag","embeddable":true,"href":"https:\/\/baraka.cc\/index.php?rest_route=%2Fwp%2Fv2%2Ftags&post=7512"}],"curies":[{"name":"wp","href":"https:\/\/api.w.org\/{rel}","templated":true}]}}