{"id":7519,"date":"2020-05-16T11:42:12","date_gmt":"2020-05-16T09:42:12","guid":{"rendered":"https:\/\/baraka.cc\/?p=7519"},"modified":"2020-05-16T11:42:12","modified_gmt":"2020-05-16T09:42:12","slug":"sosyal-izolasyon-ve-sosyalizasyon-sezgin-keser","status":"publish","type":"post","link":"https:\/\/baraka.cc\/?p=7519","title":{"rendered":"Sosyal \u0130zolasyon ve Sosyalizasyon-Sezgin Keser"},"content":{"rendered":"<p><em>Normalle\u015fme s\u00fcrecine ge\u00e7ti\u011fimiz \u015fu g\u00fcnlerde Pandemi g\u00fcnlerinde ya\u015fad\u0131klar\u0131m\u0131z\u0131 g\u00f6zden ge\u00e7irebilece\u011fimiz Argasdi&#8217;nin Pandemi \u00f6zel say\u0131s\u0131nda yer alan makalemizi Sezgin Keser&#8217;in kaleminden sizlerle payla\u015f\u0131yoruz.<\/em><\/p>\n<p><a href=\"https:\/\/baraka.cc\/wp-content\/uploads\/2020\/05\/facebook_sad-1180x787_sq-68de27e7cce440b8e5e184cb7dc9c999a3f5035b-s800-c85.jpg\"><img decoding=\"async\" loading=\"lazy\" class=\"size-medium wp-image-7520 alignright\" alt=\"facebook_sad-1180x787_sq-68de27e7cce440b8e5e184cb7dc9c999a3f5035b-s800-c85\" src=\"https:\/\/baraka.cc\/wp-content\/uploads\/2020\/05\/facebook_sad-1180x787_sq-68de27e7cce440b8e5e184cb7dc9c999a3f5035b-s800-c85-300x300.jpg\" width=\"300\" height=\"300\" srcset=\"https:\/\/baraka.cc\/wp-content\/uploads\/2020\/05\/facebook_sad-1180x787_sq-68de27e7cce440b8e5e184cb7dc9c999a3f5035b-s800-c85-300x300.jpg 300w, https:\/\/baraka.cc\/wp-content\/uploads\/2020\/05\/facebook_sad-1180x787_sq-68de27e7cce440b8e5e184cb7dc9c999a3f5035b-s800-c85-150x150.jpg 150w, https:\/\/baraka.cc\/wp-content\/uploads\/2020\/05\/facebook_sad-1180x787_sq-68de27e7cce440b8e5e184cb7dc9c999a3f5035b-s800-c85-200x200.jpg 200w, https:\/\/baraka.cc\/wp-content\/uploads\/2020\/05\/facebook_sad-1180x787_sq-68de27e7cce440b8e5e184cb7dc9c999a3f5035b-s800-c85.jpg 761w\" sizes=\"(max-width: 300px) 100vw, 300px\" \/><\/a>\u0130nsanl\u0131k, bilgilerimizi, d\u00fc\u015f\u00fcncelerimizi, duygular\u0131m\u0131z\u0131, \u00fcretimlerimizi birbirimizle payla\u015fmam\u0131z sayesinde bug\u00fcne gelebilmi\u015f ve ayn\u0131 \u015fekilde bu payla\u015f\u0131mla yar\u0131na gidebilecektir. Sosyal varl\u0131klar olu\u015fumuz da bu payla\u015f\u0131m\u0131 ve birlikteli\u011fi gerekli k\u0131lmaktad\u0131r. Bu d\u00fcnyada ayr\u0131 ayr\u0131 bireyler olarak birbirimizden kopuk de\u011filiz, aksine bir toplumun par\u00e7as\u0131 olan bireyler olarak birbirimize ba\u011fl\u0131, hatta muhtac\u0131z. Ba\u015fka insanlarla konu\u015fmak, onlar\u0131 dinlemek, sevmek, sevilmek, yeri geldi\u011finde \u00f6fkelenmek, bir sorunu ortakla\u015fa \u00e7\u00f6zebilmek, birlikte \u00fcretmenin keyfini \u00e7\u0131karmak ve hayalimizdeki d\u00fcnyay\u0131 in\u015fa edebilmek i\u00e7in m\u00fccadele etmek bizi insan yapan \u015feylerdir. Bunlar\u0131 yapabilmenin yolu da birbirimizle temas etmekten ve sosyallikten ge\u00e7er. Korona g\u00fcnlerinde ya\u015fad\u0131\u011f\u0131m\u0131z izolasyon ise bu temas\u0131m\u0131z\u0131n ve sosyalli\u011fimizin kar\u015f\u0131s\u0131na, birbirimizden uzakla\u015fma ve sanal ili\u015fkilerin ger\u00e7ek temasa a\u011f\u0131r basmas\u0131 riskini koymaktad\u0131r.<\/p>\n<p><b>Yaln\u0131z ve stresli g\u00fcnler<\/b><\/p>\n<p>D\u00fcnyay\u0131 saran Covid-19 salg\u0131n\u0131, yaratt\u0131\u011f\u0131 hayati tehlikenin yan\u0131nda ya\u015fay\u0131\u015f \u015fekillerimizi de de\u011fi\u015ftirmeye ba\u015flad\u0131. Vir\u00fcs\u00fcn enfekte etti\u011fi ki\u015filer ya hafif semptomlarla bazen de hi\u00e7 semptom g\u00f6stermeyerek vir\u00fcsten kurtuluyor ya da d\u00fc\u015f\u00fck bir oranla \u00f6l\u00fcmle sonu\u00e7lanan bir hastal\u0131k s\u00fcreci ya\u015f\u0131yorlar. Enfekte olan insanlar\u0131n, semptom g\u00f6stermedik\u00e7e ya da test yap\u0131l\u0131p pozitif \u00e7\u0131kmad\u0131klar\u0131 s\u00fcrece kimler oldu\u011funu bilemeyiz. Bu durumda da ciddi boyutta bula\u015f\u0131c\u0131 olan vir\u00fcsten korunman\u0131n yolu, sosyal mesafe olu\u015fturmak yani en yak\u0131nlar\u0131m\u0131zla dahi olan temaslar\u0131m\u0131z\u0131 azaltmak oluyor. Bu do\u011frultuda bir\u00e7ok \u00fclkede soka\u011fa \u00e7\u0131kma yasaklar\u0131 ilan ediliyor ve insanlar\u0131n evlerinde kalmalar\u0131 isteniyor. Sosyal varl\u0131klar olan bizler, sosyal izolasyona maruz kald\u0131\u011f\u0131m\u0131z bu s\u00fcre\u00e7te hastal\u0131\u011fa yakalanma riskimizi azalt\u0131yoruz ama bir yandan da evlerimizde yaln\u0131z kalman\u0131n, arkada\u015flar\u0131m\u0131zdan, sevdiklerimizden uzakla\u015fman\u0131n yaratt\u0131\u011f\u0131 psikolojik sorunlar\u0131 ya\u015f\u0131yoruz. <i>&#8220;Yaln\u0131zl\u0131k strese; uzun-d\u00f6nemli ya da kronik stres ise en temel stres hormonu olan kortizol\u00fcn daha s\u0131k y\u00fckselmesine neden olur. Bu da v\u00fccutta y\u00fcksek d\u00fczeyde iltihaplanma ile yak\u0131ndan ili\u015fkilidir. Bu durum da kan damarlar\u0131na ve di\u011fer dokulara zarar verir, kalp rahats\u0131zl\u0131\u011f\u0131, diyabet, eklem hastal\u0131\u011f\u0131, depresyon, obezite ve erken \u00f6l\u00fcm riskini art\u0131r\u0131r&#8221;(1) <\/i>Yani psikolojik olarak ba\u015flayan sorunlar fiziksel sorunlara da yol a\u00e7abiliyor. Bununla birlikte bu salg\u0131n\u0131n hi\u00e7 bitmeyece\u011fi ve salg\u0131na yakalanma korkusu, \u00e7aresizlik, rutine ba\u011flanan g\u00fcnlerin s\u0131k\u0131c\u0131l\u0131\u011f\u0131 gibi ruh hallerini de ya\u015fayabiliriz.<\/p>\n<p>Psikolojik sorunlar\u0131m\u0131z\u0131 ekonomik sorunlar\u0131m\u0131zdan ba\u011f\u0131ms\u0131z d\u00fc\u015f\u00fcnemeyiz. Pek \u00e7ok i\u015fyerinin kapat\u0131ld\u0131\u011f\u0131 bu s\u00fcre\u00e7te belki de temel ihtiya\u00e7lar\u0131m\u0131z\u0131 kar\u015f\u0131lamak i\u00e7in gereken asgari geliri elde edemeyece\u011fiz ve devlet de bu ihtiya\u00e7lar\u0131m\u0131z\u0131 kar\u015f\u0131lamad\u0131\u011f\u0131 s\u00fcrece stres, korku, \u00e7aresizlik gibi sorunlar\u0131m\u0131z\u0131n \u00fczerimizdeki etkisi artacakt\u0131r. Devleti, sosyal \u00f6nlemler almaya zorlamak ve toplumsal dayan\u0131\u015fmay\u0131 g\u00fc\u00e7lendirmek \u00f6n\u00fcm\u00fczdeki s\u00fcre\u00e7te hayati \u00f6nemde olacakt\u0131r.<\/p>\n<p>Sosyal izolasyonun engelli ve hasta bireyler gibi en \u00e7ok etkileyece\u011fi kesimlerden biri de ya\u015fl\u0131lard\u0131r. Normal ya\u015fant\u0131lar\u0131nda dahi yaln\u0131zl\u0131k \u00e7eken bu insanlar i\u00e7in vir\u00fcs\u00fcn hasta etme riski hem daha fazlad\u0131r hem de sevdiklerinden ayr\u0131 kalmak \u00e7ok daha \u00fcz\u00fcc\u00fc ve y\u0131prat\u0131c\u0131 olacakt\u0131r. <i>&#8220;Ara\u015ft\u0131rmac\u0131lar, koronavir\u00fcsten \u00f6nce bile, ya\u015fl\u0131lar\u0131n yakla\u015f\u0131k d\u00f6rtte birinin -g\u00fcnl\u00fck sosyal temas\u0131 \u00f6l\u00e7en- sosyal izolasyon tan\u0131m\u0131na uydu\u011funu ve %43\u2019\u00fcn\u00fcn kendini yaln\u0131z hissetti\u011fini tespit etmi\u015fler.&#8221;(2)<\/i> Dolay\u0131s\u0131yla b\u00f6yle bir d\u00f6nemde evlerinden \u00e7\u0131kamayan ya\u015fl\u0131lar i\u00e7in sosyal projeler geli\u015ftirilmesi, sevdikleriyle s\u0131k s\u0131k temas kurabilecekleri teknolojik imkanlar sa\u011flanmas\u0131, hatta bu ara\u00e7larla onlar\u0131n hayat tecr\u00fcbelerinden yararlan\u0131lmas\u0131 \u00f6nemlidir.<\/p>\n<p><b>\u0130nternetin kurtar\u0131c\u0131l\u0131\u011f\u0131ndan kurtulmak\u00a0 <\/b><\/p>\n<p>Sosyal izolasyon sonucu evlere kapand\u0131\u011f\u0131m\u0131z bu korona g\u00fcnlerinde yaln\u0131zl\u0131\u011f\u0131 gidermenin, sevdiklerimizle, arkada\u015flar\u0131m\u0131zla vakit ge\u00e7irmenin arac\u0131 sosyal medya yani sanal alem oluyor. \u0130nternetin televizyondan, telefondan, radyodan daha fazla hayat\u0131m\u0131z\u0131n par\u00e7as\u0131 oldu\u011fu ve haberle\u015fme ve ileti\u015fim i\u00e7in elzem oldu\u011fu bu d\u00f6nemde devletlerin \u00fccretsiz bir \u015fekilde insanlara bu imkan\u0131 sa\u011flamas\u0131 \u015fartt\u0131r. Facebook, twitter gibi sosyal medya kanallar\u0131ndan hem g\u00fcndemi takip edebiliyor ve kamuoyu yaratabiliyor hem de yak\u0131nlar\u0131m\u0131zla ileti\u015fim kurabiliyoruz. Whatsapp da bir ileti\u015fim arac\u0131yken zoom, hangout gibi uygulamalar da g\u00f6r\u00fcnt\u00fcl\u00fc sohbetler i\u00e7in tercih ediliyor. &#8220;E bu kadar se\u00e7enek varken izolasyonda da yeteri kadar sosyalle\u015febiliriz&#8221; diye d\u00fc\u015f\u00fcnebiliriz. Bu d\u00fc\u015f\u00fcncenin do\u011fruluk pay\u0131 olsa da sanal platfomlarda ili\u015fki kurma bi\u00e7imlerini ger\u00e7ek ya\u015fam\u0131n bir yans\u0131mas\u0131 olarak kurgulamak; ger\u00e7ekte yapt\u0131\u011f\u0131m\u0131z \u00fcretimlerin bir payla\u015f\u0131m arac\u0131 olarak sosyal medyay\u0131 kullanmak gerekir. Merak duygusu insanlar\u0131n sosyalle\u015fmesini sa\u011flayan unsurlardan biridir. Bir \u015feyleri merak ederiz, b\u00f6ylelikle yeni ortamlara girer, yeni insanlarla tan\u0131\u015f\u0131r\u0131z. Sosyal medyada insanlar\u0131n ya\u015famlar\u0131nda ne yapt\u0131klar\u0131n\u0131 merak eder ve onlar\u0131 takip ederiz. Ama bilmeliyiz ki bu takip onlar\u0131n hayatlar\u0131na dahil oldu\u011fumuz anlam\u0131na gelmez. Ayn\u0131 evde ya\u015fad\u0131\u011f\u0131m\u0131z ya da oturup sohbet edebildi\u011fimiz bir insan\u0131n hayat\u0131na dahil olmakla e\u015fde\u011fer de\u011fildir. Dolay\u0131s\u0131yla a\u015f\u0131r\u0131 ve i\u00e7i bo\u015f \u015fekilde sosyal medyay\u0131 kullanma al\u0131\u015fkanl\u0131\u011f\u0131 bizi sanal alemle ger\u00e7ek ya\u015fam\u0131 bir k\u0131lma yan\u0131lg\u0131s\u0131na d\u00fc\u015f\u00fcrebilir. \u0130nternetin bizi en \u00e7ok esir ald\u0131\u011f\u0131 ev karantinas\u0131 g\u00fcnlerinde ise bu yan\u0131lg\u0131ya d\u00fc\u015fmek hatta bunun ba\u011f\u0131ml\u0131l\u0131\u011fa d\u00f6n\u00fc\u015ferek izolasyondan sonra da devam etmesi \u00fcrk\u00fct\u00fcc\u00fc bir olas\u0131l\u0131kt\u0131r.<\/p>\n<p><b>Hangi tu\u015f\u00a0daha etkilidir ki s\u0131cac\u0131k bir g\u00fcl\u00fc\u015ften?<\/b><\/p>\n<p>G\u00fcnl\u00fck rutinimizi evde yapaca\u011f\u0131m\u0131z hobiler, u\u011fra\u015flar, \u00fcretimler \u00fczerine kurmak ve sanal alemi bu birikimleri payla\u015fmak, kolektif \u00fcretimler yapabilmek ve duygular\u0131m\u0131z\u0131, d\u00fc\u015f\u00fcncelerimizi sevdiklerimizle payla\u015faca\u011f\u0131m\u0131z bir ara\u00e7 olarak kullanmak yukar\u0131da bahsedilen yan\u0131lg\u0131ya d\u00fc\u015fmememizi ve sosyal izolasyonda m\u00fcmk\u00fcn oldu\u011funca sa\u011fl\u0131kl\u0131 bir sosyalle\u015fme ya\u015famam\u0131z\u0131 sa\u011flayabilecektir.<\/p>\n<p>M\u00fc\u015ffik Kenter&#8217;in dedi\u011fi gibi;<\/p>\n<p><i>&#8220;Dostlu\u011fu klavyelerinde, ya\u015fam\u0131\u00a0monit\u00f6rlerinde arayanlar, size sesleniyorum!<br \/>\nHangi tu\u015f\u00a0daha etkilidir ki s\u0131cac\u0131k bir g\u00fcl\u00fc\u015ften ya\u00a0da\u00a0hangi program verebilir bir a\u011fa\u00e7 g\u00f6lgesinde uyuman\u0131n keyfini?&#8221;<\/i><\/p>\n<p>Sevdiklerimizle, bir a\u011fa\u00e7 g\u00f6lgesinde el ele, g\u00f6z g\u00f6ze g\u00fclece\u011fimiz g\u00fcnlere&#8230;<\/p>\n<p>&nbsp;<\/p>\n<p><i>(1),(2) https<\/i><a href=\"https:\/\/www.sosyalbilimler.org\/koronavirus-yalnizlik-salgini\"><i>:\/\/www.sosyalbilimler.org\/koronavirus-yalnizlik-salgini<\/i><\/a><i> <\/i><\/p>\n","protected":false},"excerpt":{"rendered":"<p>Normalle\u015fme s\u00fcrecine ge\u00e7ti\u011fimiz \u015fu g\u00fcnlerde Pandemi g\u00fcnlerinde ya\u015fad\u0131klar\u0131m\u0131z\u0131 g\u00f6zden ge\u00e7irebilece\u011fimiz Argasdi&#8217;nin Pandemi \u00f6zel say\u0131s\u0131nda yer alan makalemizi Sezgin Keser&#8217;in kaleminden sizlerle payla\u015f\u0131yoruz. \u0130nsanl\u0131k, bilgilerimizi, d\u00fc\u015f\u00fcncelerimizi,<\/p>\n","protected":false},"author":7,"featured_media":7520,"comment_status":"open","ping_status":"open","sticky":false,"template":"","format":"standard","meta":{"jetpack_post_was_ever_published":false,"_jetpack_newsletter_access":"","_jetpack_newsletter_tier_id":0,"jetpack_publicize_message":"","jetpack_is_tweetstorm":false,"jetpack_publicize_feature_enabled":true,"jetpack_social_post_already_shared":true,"jetpack_social_options":{"image_generator_settings":{"template":"highway","enabled":false}}},"categories":[40,67,44,9,1,39],"tags":[],"jetpack_publicize_connections":[],"jetpack_featured_media_url":"https:\/\/baraka.cc\/wp-content\/uploads\/2020\/05\/facebook_sad-1180x787_sq-68de27e7cce440b8e5e184cb7dc9c999a3f5035b-s800-c85.jpg","jetpack_shortlink":"https:\/\/wp.me\/p4eHWX-1Xh","jetpack_sharing_enabled":true,"_links":{"self":[{"href":"https:\/\/baraka.cc\/index.php?rest_route=\/wp\/v2\/posts\/7519"}],"collection":[{"href":"https:\/\/baraka.cc\/index.php?rest_route=\/wp\/v2\/posts"}],"about":[{"href":"https:\/\/baraka.cc\/index.php?rest_route=\/wp\/v2\/types\/post"}],"author":[{"embeddable":true,"href":"https:\/\/baraka.cc\/index.php?rest_route=\/wp\/v2\/users\/7"}],"replies":[{"embeddable":true,"href":"https:\/\/baraka.cc\/index.php?rest_route=%2Fwp%2Fv2%2Fcomments&post=7519"}],"version-history":[{"count":1,"href":"https:\/\/baraka.cc\/index.php?rest_route=\/wp\/v2\/posts\/7519\/revisions"}],"predecessor-version":[{"id":7521,"href":"https:\/\/baraka.cc\/index.php?rest_route=\/wp\/v2\/posts\/7519\/revisions\/7521"}],"wp:featuredmedia":[{"embeddable":true,"href":"https:\/\/baraka.cc\/index.php?rest_route=\/wp\/v2\/media\/7520"}],"wp:attachment":[{"href":"https:\/\/baraka.cc\/index.php?rest_route=%2Fwp%2Fv2%2Fmedia&parent=7519"}],"wp:term":[{"taxonomy":"category","embeddable":true,"href":"https:\/\/baraka.cc\/index.php?rest_route=%2Fwp%2Fv2%2Fcategories&post=7519"},{"taxonomy":"post_tag","embeddable":true,"href":"https:\/\/baraka.cc\/index.php?rest_route=%2Fwp%2Fv2%2Ftags&post=7519"}],"curies":[{"name":"wp","href":"https:\/\/api.w.org\/{rel}","templated":true}]}}