{"id":7547,"date":"2020-06-03T12:13:39","date_gmt":"2020-06-03T10:13:39","guid":{"rendered":"https:\/\/baraka.cc\/?p=7547"},"modified":"2020-06-03T12:13:39","modified_gmt":"2020-06-03T10:13:39","slug":"kktcnin-korona-ile-imtihani-mehmet-adaman","status":"publish","type":"post","link":"https:\/\/baraka.cc\/?p=7547","title":{"rendered":"kktc\u2019nin Korona \u0130le \u0130mtihan\u0131- Mehmet Adaman"},"content":{"rendered":"<p><em>Karantina g\u00fcnlerinde neler ya\u015fad\u0131\u011f\u0131m\u0131z\u0131 anlatan yaz\u0131m\u0131z Argasdi&#8217;nin Pandemi \u00d6zel say\u0131s\u0131nda sizlerle bulu\u015fuyor&#8230;<\/em><\/p>\n<p><a href=\"https:\/\/baraka.cc\/wp-content\/uploads\/2020\/06\/foto-3.jpg\"><img decoding=\"async\" loading=\"lazy\" class=\"size-medium wp-image-7548 alignright\" alt=\"foto 3\" src=\"https:\/\/baraka.cc\/wp-content\/uploads\/2020\/06\/foto-3-300x187.jpg\" width=\"300\" height=\"187\" srcset=\"https:\/\/baraka.cc\/wp-content\/uploads\/2020\/06\/foto-3-300x187.jpg 300w, https:\/\/baraka.cc\/wp-content\/uploads\/2020\/06\/foto-3-1024x638.jpg 1024w, https:\/\/baraka.cc\/wp-content\/uploads\/2020\/06\/foto-3.jpg 1200w\" sizes=\"(max-width: 300px) 100vw, 300px\" \/><\/a>2019 y\u0131l\u0131 sonunda ortaya \u00e7\u0131kan yeni tip korona vir\u00fcs\u00fc, k\u0131sa s\u00fcrede t\u00fcm d\u00fcnyaya yay\u0131larak \u00e7ok tehlikeli bir h\u00e2l ald\u0131. S\u00f6z konusu bu vir\u00fcs d\u0131\u015f\u0131nda hi\u00e7bir g\u00fcndemimizin olmad\u0131\u011f\u0131 bug\u00fcnlerde, \u00fclkemizde ya\u015fananlar\u0131 hat\u0131rlamak; ayn\u0131 zamanda s\u00fcreci kendi a\u00e7\u0131m\u0131zdan k\u0131saca de\u011ferlendirmek amac\u0131yla bu yaz\u0131y\u0131 kaleme alma ihtiyac\u0131 hissettik.<\/p>\n<p>K\u0131br\u0131s\u2019\u0131n kuzeyinde ilk pozitif vakan\u0131n ortaya \u00e7\u0131kmas\u0131ndan birka\u00e7 hafta \u00f6ncesine bakt\u0131\u011f\u0131m\u0131zda, vir\u00fcs h\u0131zla t\u00fcm d\u00fcnyada yay\u0131l\u0131p adeta ad\u0131m ad\u0131m \u00fczerimize geliyorken, kktc h\u00fck\u00fcmetinin bu tehdide kar\u015f\u0131 hi\u00e7bir \u00f6nlem almad\u0131\u011f\u0131 g\u00f6r\u00fcl\u00fcyordu. \u00d6nlem almamak bir yana dursun Ba\u015fbakan Ersin Tatar bu vir\u00fcs\u00fcn b\u00fcy\u00fct\u00fclecek bir \u015fey olmad\u0131\u011f\u0131n\u0131 dile getiriyordu. \u00dclkemizde hastal\u0131k haberini ald\u0131\u011f\u0131m\u0131z, 10 Mart g\u00fcn\u00fcn\u00fc hat\u0131rlayacak olursak, neredeyse herkeste korkun\u00e7 bir panik havas\u0131 vard\u0131. Elbette ki kriz anlar\u0131nda yap\u0131lmas\u0131 gereken son \u015fey paniktir. K\u0131br\u0131sl\u0131 T\u00fcrklerin gerek kktc devletinin sa\u011fl\u0131k sistemine g\u00fcvensizli\u011fi gerekse de h\u00fck\u00fcmetin bu krizi, halk sa\u011fl\u0131\u011f\u0131n\u0131 koruyucu anlamda iyi y\u00f6netemeyece\u011fi d\u00fc\u015f\u00fcncesi bu panik havas\u0131n\u0131n neden olu\u015ftu\u011fuyla ilgili bizlere ipu\u00e7lar\u0131 sunuyordu.<\/p>\n<p>\u0130lk pozitif vakan\u0131n \u00e7\u0131kt\u0131\u011f\u0131 g\u00fcn t\u00fcm okullar\u0131n tatil edilmesi, belki de h\u00fck\u00fcmetin bu s\u00fcre\u00e7 boyunca ald\u0131\u011f\u0131 en do\u011fru karard\u0131. Okullar kapan\u0131rken, devlet dairelerinin ve \u00f6zel sekt\u00f6rdeki i\u015f yerlerinin kapat\u0131lmas\u0131 i\u00e7inse olduk\u00e7a gecikildi. Bu gecikmenin arkas\u0131nda yatan en \u00f6nemli sebep, h\u00fck\u00fcmetin ekonomik kayg\u0131lar\u0131yd\u0131. S\u00fcrecin en ba\u015f\u0131ndan beridir, ekonomik kayg\u0131lar\u0131n\u0131 halk sa\u011fl\u0131\u011f\u0131n\u0131n \u00f6n\u00fcnde tutarken, t\u00fcm hatal\u0131 kararlar\u0131 da bu kayg\u0131yla ald\u0131. \u00d6zel sekt\u00f6rdeki az say\u0131daki i\u015f yeri bu s\u00fcre\u00e7te kendi inisiyatifleri ile i\u015fletmelerini kapatsa da asl\u0131nda bu mesele kimsenin inisiyatifine b\u0131rak\u0131lamayacak kadar ciddiydi. G\u00fcnler sonra, halk\u0131n yo\u011fun bask\u0131s\u0131yla al\u0131nan kapatma kararlar\u0131n\u0131n ge\u00e7 al\u0131nm\u0131\u015f bir karar oldu\u011funu vurgulamak gerekiyor.<\/p>\n<p>Cumhurba\u015fkan\u0131 Ak\u0131nc\u0131\u2019n\u0131n t\u00fcm \u0131srarlar\u0131na ra\u011fmen soka\u011fa \u00e7\u0131kma yasa\u011f\u0131 karar\u0131n\u0131n al\u0131nmas\u0131 i\u00e7in tam 12 g\u00fcn beklendi. Halktan gelen yo\u011fun bask\u0131 sonras\u0131nda, s\u00fcrecin ba\u015f\u0131nda asla soka\u011fa \u00e7\u0131kma yasa\u011f\u0131 ilan edilmeyece\u011fini ifade eden h\u00fck\u00fcmet geri ad\u0131m atarak, ge\u00e7 ama do\u011fru bir karara imza att\u0131 ve soka\u011fa \u00e7\u0131kmak yasakland\u0131. Bu s\u00fcre\u00e7te Ak\u0131nc\u0131\u2019n\u0131n tav\u0131rlar\u0131na da ayr\u0131 bir parantez a\u00e7mak gerekiyor. S\u00fcrecin en ba\u015f\u0131ndan beridir gerek g\u00fcneyle isti\u015fare vurgusu yapmas\u0131 gerek soka\u011fa \u00e7\u0131kma yasa\u011f\u0131 konusundaki \u0131srar\u0131, gerekse de sa\u011fl\u0131k kayg\u0131lar\u0131n\u0131n ekonomik kayg\u0131lar\u0131n ard\u0131nda kalmamas\u0131 konusundaki uyar\u0131lar\u0131 \u00e7ok yerindeydi.<\/p>\n<p>T\u00fcm bunlar ya\u015fan\u0131rken, K\u0131br\u0131s\u2019\u0131n kuzeyindeki vaka say\u0131s\u0131 da g\u00fcnden g\u00fcne art\u0131yordu. H\u00fck\u00fcmet ise halk yarar\u0131na derh\u00e2l almas\u0131 gereken kararlar\u0131, sermayeyi koruma ad\u0131na almamakta \u0131srar ediyordu. Mevcut sa\u011fl\u0131k sistemimizin ve devlet hastanelerimizin bu salg\u0131nla ba\u015f edemeyece\u011fi a\u015fik\u00e2rd\u0131. H\u00fck\u00fcmet \u00f6nce Ma\u011fusa Devlet Hastanesi\u2019nin pandemi merkezi olmas\u0131n\u0131 kararla\u015ft\u0131rd\u0131. K\u0131sa s\u00fcrede bu karardan vazge\u00e7ilerek Nalbanto\u011flu, doktorlar\u0131n t\u00fcm uyar\u0131lar\u0131na ve olumsuz g\u00f6r\u00fc\u015flerine ra\u011fmen pandemi merkezi il\u00e2n edildi. Oysa ki gerek donan\u0131m gerekse de altyap\u0131 olarak \u00e7ok daha iyi durumda olan baz\u0131 \u00f6zel hastaneler kamu yarar\u0131na, en az\u0131ndan salg\u0131n tehlikesi ge\u00e7ene kadar kamula\u015ft\u0131r\u0131l\u0131p, pandemi merkezi h\u00e2line getirilebilirdi. Bu, \u00e7ok yerinde bir karar olurdu ama ya h\u00fck\u00fcmetin akl\u0131n\u0131n ucuna bile gelmedi ya da sermayenin \u00e7\u0131karlar\u0131na ayk\u0131r\u0131 oldu\u011fu i\u00e7in bu karar\u0131 almaktan geri duruldu.<\/p>\n<p>Al\u0131nan \u00f6nlemler dolay\u0131s\u0131yla \u00fclkede neredeyse t\u00fcm ekonomik faaliyetler de durdu ve bu da bizleri bekleyen ciddi bir ekonomik kriz anlam\u0131na geliyor. Her ekonomik krizde oldu\u011fu gibi bunda da ilk g\u00f6z dikilen tabii ki sermayedarlar\u0131n servetleri de\u011fil, emek\u00e7ilerin kazand\u0131\u011f\u0131 \u00fc\u00e7 kuru\u015f para oldu. H\u00fck\u00fcmet ekonomik tedbir olarak, kamu \u00e7al\u0131\u015fanlar\u0131n\u0131n maa\u015flar\u0131ndan ciddi bir kesinti yaparken; y\u0131llarca bu \u00fclkenin kayma\u011f\u0131n\u0131 yiyen ultra zengin kesimden sadece ricac\u0131 oldu. Oysa ki sermayenin de\u011fil halk\u0131n\u0131n \u00e7\u0131karlar\u0131n\u0131 d\u00fc\u015f\u00fcnen bir h\u00fck\u00fcmet olsayd\u0131, yedi s\u00fclalesine \u00f6m\u00fcr boyu yetecek kadar paras\u0131 olan ultra zenginlerin servetleriyle ilgili \u00e7e\u015fitli vergilendirme uygulamalar\u0131yla hem sa\u011fl\u0131k sisteminin geli\u015ftirilmesi hem de halk i\u00e7in gerekli kaynak pek\u00e2l\u00e2 yarat\u0131labilirdi. Bu \u015fekilde ekonomik krizin esas tokad\u0131n\u0131 yiyen ba\u015fta \u00f6zel sekt\u00f6r \u00e7al\u0131\u015fanlar\u0131 ve k\u00fc\u00e7\u00fck esnaf i\u00e7in ciddi bir kaynak yarat\u0131labilirdi. K\u0131saca olan yine halka oldu. \u201cHay\u0131rsever i\u015f insanlar\u0131m\u0131z\u201d ise krizi f\u0131rsata \u00e7evirmekten geri durmayarak hem kirli isimlerini bir g\u00fczel parlatt\u0131 hem de servetlerine en ufak bir zarar gelmedi. \u00d6te yandan h\u00fck\u00fcmetin emek\u00e7ilerle ilgili haz\u0131rlad\u0131\u011f\u0131 \u201cdestek paketi\u201d tam bir fiyaskoya d\u00f6n\u00fc\u015ft\u00fc. Yap\u0131lacak 1500 TL destek kapsam\u0131na al\u0131nmayan meslek gruplar\u0131ndan m\u0131 bahsedelim, olduk\u00e7a dar tutulan kapsama dahil olsa da alaca\u011f\u0131 destek i\u00e7in bile patronun insaf\u0131na b\u0131rak\u0131lan \u00f6zel sekt\u00f6r \u00e7al\u0131\u015fanlar\u0131ndan m\u0131, y\u0131llard\u0131r bu \u00fclkede iliklerine kadar s\u00f6m\u00fcr\u00fclen \u00fc\u00e7\u00fcnc\u00fc \u00fclke vatanda\u015flar\u0131n\u0131n \u0131rk\u00e7\u0131 bir tav\u0131rla tamamen g\u00f6rmezden gelinerek a\u00e7l\u0131\u011fa terk edilmelerinden mi?<\/p>\n<p>\u00d6zetle; bu s\u00fcre\u00e7te h\u00fck\u00fcmetin ve kktc devletinin hem sa\u011fl\u0131k hem de ekonomi politikas\u0131n\u0131n s\u0131n\u0131fta kald\u0131\u011f\u0131n\u0131 net olarak s\u00f6yleyebiliriz. Yap\u0131lan test say\u0131s\u0131n\u0131n azl\u0131\u011f\u0131, tam te\u015fekk\u00fcll\u00fc bir pandemi merkezinin olu\u015fturulamamas\u0131, tutars\u0131z a\u00e7\u0131klamalar, ihm\u00e2ller, uzman g\u00f6r\u00fc\u015flerinin dikkate al\u0131nmamas\u0131, yapboz tahtas\u0131 gibi y\u00f6netilen bir s\u00fcre\u00e7, mu\u011flakl\u0131klar, halk yarar\u0131na al\u0131nmas\u0131 gereken ekonomik \u00f6nlemlerin sermaye yarar\u0131na al\u0131nmas\u0131\u2026 T\u00fcm bunlar bir kez daha halk\u0131n \u00e7\u0131karlar\u0131n\u0131 koruyan, g\u00fcvenilir bir y\u00f6netim anlay\u0131\u015f\u0131n\u0131n ne kadar \u00f6nemli oldu\u011funu hepimize g\u00f6sterdi.<\/p>\n<p>&nbsp;<\/p>\n","protected":false},"excerpt":{"rendered":"<p>Karantina g\u00fcnlerinde neler ya\u015fad\u0131\u011f\u0131m\u0131z\u0131 anlatan yaz\u0131m\u0131z Argasdi&#8217;nin Pandemi \u00d6zel say\u0131s\u0131nda sizlerle bulu\u015fuyor&#8230; 2019 y\u0131l\u0131 sonunda ortaya \u00e7\u0131kan yeni tip korona vir\u00fcs\u00fc, k\u0131sa s\u00fcrede t\u00fcm d\u00fcnyaya<\/p>\n","protected":false},"author":7,"featured_media":7548,"comment_status":"open","ping_status":"open","sticky":false,"template":"","format":"standard","meta":{"jetpack_post_was_ever_published":false,"_jetpack_newsletter_access":"","_jetpack_newsletter_tier_id":0,"jetpack_publicize_message":"","jetpack_is_tweetstorm":false,"jetpack_publicize_feature_enabled":true,"jetpack_social_post_already_shared":true,"jetpack_social_options":{"image_generator_settings":{"template":"highway","enabled":false}}},"categories":[40,67,44,9,1,39],"tags":[],"jetpack_publicize_connections":[],"jetpack_featured_media_url":"https:\/\/baraka.cc\/wp-content\/uploads\/2020\/06\/foto-3.jpg","jetpack_shortlink":"https:\/\/wp.me\/p4eHWX-1XJ","jetpack_sharing_enabled":true,"_links":{"self":[{"href":"https:\/\/baraka.cc\/index.php?rest_route=\/wp\/v2\/posts\/7547"}],"collection":[{"href":"https:\/\/baraka.cc\/index.php?rest_route=\/wp\/v2\/posts"}],"about":[{"href":"https:\/\/baraka.cc\/index.php?rest_route=\/wp\/v2\/types\/post"}],"author":[{"embeddable":true,"href":"https:\/\/baraka.cc\/index.php?rest_route=\/wp\/v2\/users\/7"}],"replies":[{"embeddable":true,"href":"https:\/\/baraka.cc\/index.php?rest_route=%2Fwp%2Fv2%2Fcomments&post=7547"}],"version-history":[{"count":1,"href":"https:\/\/baraka.cc\/index.php?rest_route=\/wp\/v2\/posts\/7547\/revisions"}],"predecessor-version":[{"id":7549,"href":"https:\/\/baraka.cc\/index.php?rest_route=\/wp\/v2\/posts\/7547\/revisions\/7549"}],"wp:featuredmedia":[{"embeddable":true,"href":"https:\/\/baraka.cc\/index.php?rest_route=\/wp\/v2\/media\/7548"}],"wp:attachment":[{"href":"https:\/\/baraka.cc\/index.php?rest_route=%2Fwp%2Fv2%2Fmedia&parent=7547"}],"wp:term":[{"taxonomy":"category","embeddable":true,"href":"https:\/\/baraka.cc\/index.php?rest_route=%2Fwp%2Fv2%2Fcategories&post=7547"},{"taxonomy":"post_tag","embeddable":true,"href":"https:\/\/baraka.cc\/index.php?rest_route=%2Fwp%2Fv2%2Ftags&post=7547"}],"curies":[{"name":"wp","href":"https:\/\/api.w.org\/{rel}","templated":true}]}}