{"id":7551,"date":"2020-06-04T09:15:59","date_gmt":"2020-06-04T07:15:59","guid":{"rendered":"https:\/\/baraka.cc\/?p=7551"},"modified":"2020-06-04T09:15:59","modified_gmt":"2020-06-04T07:15:59","slug":"baraka-kultur-merkezinden-sosyal-mesafeli-acik-hava-sinemasi","status":"publish","type":"post","link":"https:\/\/baraka.cc\/?p=7551","title":{"rendered":"BARAKA K\u00dcLT\u00dcR MERKEZ\u0130\u2019NDEN SOSYAL MESAFEL\u0130 A\u00c7IK HAVA S\u0130NEMASI"},"content":{"rendered":"<p style=\"text-align: center;\"><a href=\"https:\/\/baraka.cc\/wp-content\/uploads\/2020\/06\/101315240_3434221276588224_5126208007973109760_n.jpg\"><img decoding=\"async\" loading=\"lazy\" class=\"alignnone size-medium wp-image-7552\" alt=\"101315240_3434221276588224_5126208007973109760_n\" src=\"https:\/\/baraka.cc\/wp-content\/uploads\/2020\/06\/101315240_3434221276588224_5126208007973109760_n-300x128.jpg\" width=\"300\" height=\"128\" srcset=\"https:\/\/baraka.cc\/wp-content\/uploads\/2020\/06\/101315240_3434221276588224_5126208007973109760_n-300x128.jpg 300w, https:\/\/baraka.cc\/wp-content\/uploads\/2020\/06\/101315240_3434221276588224_5126208007973109760_n.jpg 960w\" sizes=\"(max-width: 300px) 100vw, 300px\" \/><\/a><\/p>\n<p>Baraka\u2019n\u0131n \u201cSinemaya Seyirci Kalma\u201d slogan\u0131 ile uzun y\u0131llard\u0131r ger\u00e7ekle\u015ftirdi\u011fi \u00fccretsiz \u0130zle-Tart\u0131\u015f etkinli\u011fi, di\u011fer bir\u00e7ok etkinlik gibi, pandemi s\u00fcrecinde internet \u00fczerinden s\u00fcrd\u00fcr\u00fclm\u00fc\u015ft\u00fc. Haziran ay\u0131 filmi olarak D\u00fcnya \u00c7evre G\u00fcn\u00fc dolay\u0131s\u0131yla belirlenen \u201cEntelk\u00f6y Efek\u00f6ye Kar\u015f\u0131\u201d, derne\u011fin dezenfekte edilen lokalinin bah\u00e7esinde 6 Haziran Cumartesi ak\u015fam\u0131 20.00\u2019de halka a\u00e7\u0131k olarak g\u00f6sterilecek. Sosyal mesafenin g\u00f6zetilece\u011fi a\u00e7\u0131k hava etkinli\u011fi, D\u00fcnya \u00c7evre G\u00fcn\u00fc ile ilgili bir sunumla ba\u015flayacak ve ard\u0131ndan film izlenip kat\u0131l\u0131mc\u0131larla s\u00f6yle\u015fi ger\u00e7ekle\u015ftirilecek.<br \/>\nFilmin konusu ise k\u0131saca \u015f\u00f6yle: Metropolde ya\u015faman\u0131n yaratt\u0131\u011f\u0131 ke\u015fmeke\u015ften kurtulup, hep hayalini kurduklar\u0131 do\u011fayla ba\u015f ba\u015fa bir ya\u015fam s\u00fcrmek isteyen bir grup ekolojist, Ege\u2019de bir kom\u00fcn k\u00f6y\u00fc in\u015fa ederler. Kentli ekolojistlerin k\u00f6ylerine yerle\u015fmelerinden dolay\u0131 \u00e7ok memnun olan k\u00f6y halk\u0131, art\u0131k hi\u00e7bir i\u015fe yaramayan tarlalar\u0131n\u0131, e\u015feklerini ve eski evlerini de\u011ferinden fazla fiyata ald\u0131klar\u0131 i\u00e7in aktivistleri b\u00fcy\u00fck bir sevgiyle kar\u015f\u0131lar. Her \u015fey yolundad\u0131r, ta ki b\u00f6lgeye bir termik santral kurulmas\u0131 g\u00fcndeme gelene kadar\u2026 Termik santral ile birlikte eski k\u00f6yl\u00fcler ile k\u00f6y\u00fcn yeni sakinleri olan ekoloji aktivistleri aras\u0131nda ilgin\u00e7 bir s\u00fcre\u00e7 ba\u015flar ve olaylar kar\u015f\u0131l\u0131kl\u0131 protestolarla traji komik bir hal al\u0131r.<br \/>\nDernekten yap\u0131lan a\u00e7\u0131klamada; \u00e7evre-ekoloji konusunu mizahi bir \u00fcslupla i\u015fleyen, m\u00fczikleri ile izleyiciye keyifli anlar ya\u015fatan bu filmi birlikte izlemek isteyen herkes, 6 Haziran Cumartesi ak\u015fam\u0131 20.00\u2019de Baraka lokaline davet edildi.<\/p>\n","protected":false},"excerpt":{"rendered":"<p>Baraka\u2019n\u0131n \u201cSinemaya Seyirci Kalma\u201d slogan\u0131 ile uzun y\u0131llard\u0131r ger\u00e7ekle\u015ftirdi\u011fi \u00fccretsiz \u0130zle-Tart\u0131\u015f etkinli\u011fi, di\u011fer bir\u00e7ok etkinlik gibi, pandemi s\u00fcrecinde internet \u00fczerinden s\u00fcrd\u00fcr\u00fclm\u00fc\u015ft\u00fc. Haziran ay\u0131 filmi olarak<\/p>\n","protected":false},"author":3,"featured_media":7552,"comment_status":"open","ping_status":"open","sticky":false,"template":"","format":"standard","meta":{"jetpack_post_was_ever_published":false,"_jetpack_newsletter_access":"","_jetpack_newsletter_tier_id":0,"jetpack_publicize_message":"","jetpack_is_tweetstorm":false,"jetpack_publicize_feature_enabled":true,"jetpack_social_post_already_shared":true,"jetpack_social_options":{"image_generator_settings":{"template":"highway","enabled":false}}},"categories":[20,9,28,1],"tags":[],"jetpack_publicize_connections":[],"jetpack_featured_media_url":"https:\/\/baraka.cc\/wp-content\/uploads\/2020\/06\/101315240_3434221276588224_5126208007973109760_n.jpg","jetpack_shortlink":"https:\/\/wp.me\/p4eHWX-1XN","jetpack_sharing_enabled":true,"_links":{"self":[{"href":"https:\/\/baraka.cc\/index.php?rest_route=\/wp\/v2\/posts\/7551"}],"collection":[{"href":"https:\/\/baraka.cc\/index.php?rest_route=\/wp\/v2\/posts"}],"about":[{"href":"https:\/\/baraka.cc\/index.php?rest_route=\/wp\/v2\/types\/post"}],"author":[{"embeddable":true,"href":"https:\/\/baraka.cc\/index.php?rest_route=\/wp\/v2\/users\/3"}],"replies":[{"embeddable":true,"href":"https:\/\/baraka.cc\/index.php?rest_route=%2Fwp%2Fv2%2Fcomments&post=7551"}],"version-history":[{"count":1,"href":"https:\/\/baraka.cc\/index.php?rest_route=\/wp\/v2\/posts\/7551\/revisions"}],"predecessor-version":[{"id":7553,"href":"https:\/\/baraka.cc\/index.php?rest_route=\/wp\/v2\/posts\/7551\/revisions\/7553"}],"wp:featuredmedia":[{"embeddable":true,"href":"https:\/\/baraka.cc\/index.php?rest_route=\/wp\/v2\/media\/7552"}],"wp:attachment":[{"href":"https:\/\/baraka.cc\/index.php?rest_route=%2Fwp%2Fv2%2Fmedia&parent=7551"}],"wp:term":[{"taxonomy":"category","embeddable":true,"href":"https:\/\/baraka.cc\/index.php?rest_route=%2Fwp%2Fv2%2Fcategories&post=7551"},{"taxonomy":"post_tag","embeddable":true,"href":"https:\/\/baraka.cc\/index.php?rest_route=%2Fwp%2Fv2%2Ftags&post=7551"}],"curies":[{"name":"wp","href":"https:\/\/api.w.org\/{rel}","templated":true}]}}