{"id":7554,"date":"2020-06-08T11:29:24","date_gmt":"2020-06-08T09:29:24","guid":{"rendered":"https:\/\/baraka.cc\/?p=7554"},"modified":"2020-06-08T11:29:24","modified_gmt":"2020-06-08T09:29:24","slug":"baraka-kultur-merkezinden-mobeselere-itiraz-icin-acik-cagri","status":"publish","type":"post","link":"https:\/\/baraka.cc\/?p=7554","title":{"rendered":"Baraka K\u00fclt\u00fcr Merkezi\u2019nden Mobeselere \u0130tiraz \u0130\u00e7in A\u00e7\u0131k \u00c7a\u011fr\u0131"},"content":{"rendered":"<p>&nbsp;<\/p>\n<p style=\"text-align: center;\"><a href=\"https:\/\/baraka.cc\/wp-content\/uploads\/2020\/06\/xx.jpg\"><img decoding=\"async\" loading=\"lazy\" class=\"alignnone size-medium wp-image-7555\" alt=\"xx\" src=\"https:\/\/baraka.cc\/wp-content\/uploads\/2020\/06\/xx-300x250.jpg\" width=\"300\" height=\"250\" srcset=\"https:\/\/baraka.cc\/wp-content\/uploads\/2020\/06\/xx-300x250.jpg 300w, https:\/\/baraka.cc\/wp-content\/uploads\/2020\/06\/xx.jpg 863w\" sizes=\"(max-width: 300px) 100vw, 300px\" \/><\/a><\/p>\n<p>&nbsp;<\/p>\n<p>Baraka k\u00fclt\u00fcr Merkezi, 11 Haziran Per\u015fembe g\u00fcn\u00fc saat 13.00\u2019te Ba\u015fbakanl\u0131k \u00f6n\u00fcnde ger\u00e7ekle\u015ftirece\u011fi bir bas\u0131n a\u00e7\u0131klamas\u0131n\u0131n ard\u0131ndan Mobeselerle ilgili itiraz dilek\u00e7elerini Ba\u015fbakanl\u0131\u011fa sunacak. Kent G\u00fcvenlik Y\u00f6netim Sistemi Yasas\u0131 uyar\u0131nca 6 ay i\u00e7inde yap\u0131lmas\u0131 gereken itirazlar, \u0130tiraz Kurulu taraf\u0131ndan 30 g\u00fcn i\u00e7erisinde yan\u0131tlanmak durumunda. Baraka K\u00fclt\u00fcr Merkezi aktivistleri, g\u00f6zetim toplumu in\u015fas\u0131, insan hak ve \u00f6zg\u00fcrl\u00fcklerine ayk\u0131r\u0131 olmas\u0131, eylem ve ifade \u00f6zg\u00fcrl\u00fc\u011f\u00fc \u00fczerinde bask\u0131 yaratmas\u0131, tarihi ve k\u00fclt\u00fcrel dokuya zarar vermesi, kald\u0131r\u0131m i\u015fgali ve engelli ki\u015filerin ge\u00e7i\u015fini zorla\u015ft\u0131rmas\u0131, b\u00fct\u00e7enin halk yarar\u0131na sa\u011fl\u0131k ve e\u011fitim i\u00e7in harcanmas\u0131 gibi sebeplerle Mobese kameralar\u0131na itiraz dilek\u00e7elerini verecekler.<\/p>\n<p>&nbsp;<\/p>\n<p>Baraka\u2019dan yap\u0131lan a\u00e7\u0131klamada, itiraz formlar\u0131n\u0131n Ba\u015fbakanl\u0131\u011f\u0131n internet sitesinden al\u0131nabilece\u011fi ve ayr\u0131ca Baraka aktivistlerinin yan\u0131nda bo\u015f formlar bulunaca\u011f\u0131 belirtilerek, kameralara kendi gerek\u00e7eleriyle itiraz etmek isteyen herkesin kat\u0131l\u0131m\u0131na a\u00e7\u0131k bir eylem oldu\u011fu vurguland\u0131. Sosyal medyada s\u00f6ylenmek yerine 11 Haziran Per\u015fembe g\u00fcn\u00fc saat 13.00\u2019te Ba\u015fbakanl\u0131k \u00f6n\u00fcnde bulu\u015farak herkesin kendi gerek\u00e7esiyle itiraz\u0131n\u0131 yapmas\u0131 y\u00f6n\u00fcnde halka \u00e7a\u011fr\u0131 yap\u0131ld\u0131.<\/p>\n<p>&nbsp;<\/p>\n<p><b>\u0130lgili Yasa maddeleri ise \u015f\u00f6yle:<\/b><\/p>\n<p>&nbsp;<\/p>\n<p>Kurulun icra edilmi\u015f kararlar\u0131na kar\u015f\u0131 itiraz, herhangi bir \u015fekilde etkilenen ki\u015fi taraf\u0131ndan, bili\u015fim sisteminin kurulmas\u0131ndan itibaren alt\u0131 ay i\u00e7erisinde yaz\u0131l\u0131 ve gerek\u00e7eli olarak Ba\u015fbakanl\u0131\u011fa yap\u0131l\u0131r. Yap\u0131lan itirazlar Ba\u015fbakanl\u0131k taraf\u0131ndan en ge\u00e7 iki i\u015f g\u00fcn\u00fc i\u00e7erisinde \u0130tiraz Kuruluna iletilir ve \u0130tiraz Kurulu, gerek\u00e7eli karar\u0131n\u0131 en ge\u00e7 otuz g\u00fcn i\u00e7erisinde vererek ilgili ki\u015fiye tebli\u011f eder.<\/p>\n<p>&nbsp;<\/p>\n<p>\u0130tiraz Kurulu, incelemesini ve de\u011ferlendirmesini yaparken Anayasan\u0131n 19\u2019uncu maddesi kurallar\u0131na, bu Yasa kurallar\u0131na, \u00d6zel Hayat\u0131n ve Hayat\u0131n Gizli Alan\u0131n\u0131n Korunmas\u0131 Yasas\u0131 kurallar\u0131na, Ki\u015fisel Verilerin Korunmas\u0131 Yasas\u0131 kurallar\u0131na uyulup uyulmad\u0131\u011f\u0131n\u0131,\u00a0 ayr\u0131ca \u015fehrin dokusuna, do\u011fal, tarihi, mimari veya k\u00fclt\u00fcrel \u00f6zelliklerine zarar verilip verilmedi\u011fini ve insan hak ve \u00f6zg\u00fcrl\u00fcklerinin ihlal edilip edilmedi\u011fini de dikkate al\u0131r.<\/p>\n<p><a href=\"https:\/\/www.baraka.cc\/wp-admin?fbclid=IwAR00ZAgqqL4tm3yvHkELOBRdOOmsGnT3Ywz0jrTLn9QW2mgXd5Hy8g861vw\" target=\"_blank\" rel=\"nofollow noopener\" data-lynx-mode=\"hover\" data-lynx-uri=\"https:\/\/l.facebook.com\/l.php?u=http%3A%2F%2Fwww.baraka.cc%2Fwp-admin%3Ffbclid%3DIwAR00ZAgqqL4tm3yvHkELOBRdOOmsGnT3Ywz0jrTLn9QW2mgXd5Hy8g861vw&amp;h=AT07lPj1zQk0D6mO-XCr-2EEzXSQ4YuUW4LDv05nbEyXd0p5G96dDB2SzJSKwjV2lpSSbK1-YAfb7cCivqP2lfAcpGBLlZ1UCLdfuTrACdsvMSZzqOhYI--InsJtYzpLFA\">\u00a0<\/a><\/p>\n","protected":false},"excerpt":{"rendered":"<p>&nbsp; &nbsp; Baraka k\u00fclt\u00fcr Merkezi, 11 Haziran Per\u015fembe g\u00fcn\u00fc saat 13.00\u2019te Ba\u015fbakanl\u0131k \u00f6n\u00fcnde ger\u00e7ekle\u015ftirece\u011fi bir bas\u0131n a\u00e7\u0131klamas\u0131n\u0131n ard\u0131ndan Mobeselerle ilgili itiraz dilek\u00e7elerini Ba\u015fbakanl\u0131\u011fa sunacak. Kent<\/p>\n","protected":false},"author":3,"featured_media":7555,"comment_status":"open","ping_status":"open","sticky":false,"template":"","format":"standard","meta":{"jetpack_post_was_ever_published":false,"_jetpack_newsletter_access":"","_jetpack_newsletter_tier_id":0,"jetpack_publicize_message":"","jetpack_is_tweetstorm":false,"jetpack_publicize_feature_enabled":true,"jetpack_social_post_already_shared":true,"jetpack_social_options":{"image_generator_settings":{"template":"highway","enabled":false}}},"categories":[9,1],"tags":[],"jetpack_publicize_connections":[],"jetpack_featured_media_url":"https:\/\/baraka.cc\/wp-content\/uploads\/2020\/06\/xx.jpg","jetpack_shortlink":"https:\/\/wp.me\/p4eHWX-1XQ","jetpack_sharing_enabled":true,"_links":{"self":[{"href":"https:\/\/baraka.cc\/index.php?rest_route=\/wp\/v2\/posts\/7554"}],"collection":[{"href":"https:\/\/baraka.cc\/index.php?rest_route=\/wp\/v2\/posts"}],"about":[{"href":"https:\/\/baraka.cc\/index.php?rest_route=\/wp\/v2\/types\/post"}],"author":[{"embeddable":true,"href":"https:\/\/baraka.cc\/index.php?rest_route=\/wp\/v2\/users\/3"}],"replies":[{"embeddable":true,"href":"https:\/\/baraka.cc\/index.php?rest_route=%2Fwp%2Fv2%2Fcomments&post=7554"}],"version-history":[{"count":1,"href":"https:\/\/baraka.cc\/index.php?rest_route=\/wp\/v2\/posts\/7554\/revisions"}],"predecessor-version":[{"id":7556,"href":"https:\/\/baraka.cc\/index.php?rest_route=\/wp\/v2\/posts\/7554\/revisions\/7556"}],"wp:featuredmedia":[{"embeddable":true,"href":"https:\/\/baraka.cc\/index.php?rest_route=\/wp\/v2\/media\/7555"}],"wp:attachment":[{"href":"https:\/\/baraka.cc\/index.php?rest_route=%2Fwp%2Fv2%2Fmedia&parent=7554"}],"wp:term":[{"taxonomy":"category","embeddable":true,"href":"https:\/\/baraka.cc\/index.php?rest_route=%2Fwp%2Fv2%2Fcategories&post=7554"},{"taxonomy":"post_tag","embeddable":true,"href":"https:\/\/baraka.cc\/index.php?rest_route=%2Fwp%2Fv2%2Ftags&post=7554"}],"curies":[{"name":"wp","href":"https:\/\/api.w.org\/{rel}","templated":true}]}}