{"id":7557,"date":"2020-06-11T13:09:51","date_gmt":"2020-06-11T11:09:51","guid":{"rendered":"https:\/\/baraka.cc\/?p=7557"},"modified":"2020-06-11T13:09:51","modified_gmt":"2020-06-11T11:09:51","slug":"baraka-kultur-merkezi-mobeselere-itiraz-dilekcelerini-verdi","status":"publish","type":"post","link":"https:\/\/baraka.cc\/?p=7557","title":{"rendered":"Baraka K\u00fclt\u00fcr Merkezi Mobeselere \u0130tiraz Dilek\u00e7elerini Verdi"},"content":{"rendered":"<p style=\"text-align: center;\"><a href=\"https:\/\/baraka.cc\/wp-content\/uploads\/2020\/06\/1.jpg\"><img decoding=\"async\" loading=\"lazy\" class=\"alignnone size-medium wp-image-7558\" alt=\"1\" src=\"https:\/\/baraka.cc\/wp-content\/uploads\/2020\/06\/1-300x166.jpg\" width=\"300\" height=\"166\" srcset=\"https:\/\/baraka.cc\/wp-content\/uploads\/2020\/06\/1-300x166.jpg 300w, https:\/\/baraka.cc\/wp-content\/uploads\/2020\/06\/1.jpg 809w\" sizes=\"(max-width: 300px) 100vw, 300px\" \/><\/a><\/p>\n<p>Baraka K\u00fclt\u00fcr Merkezi, Ba\u015fbakanl\u0131k \u00f6n\u00fcnde ger\u00e7ekle\u015ftirdi\u011fi bas\u0131n a\u00e7\u0131klamas\u0131n\u0131n ard\u0131ndan Mobeselerle ilgili itiraz dilek\u00e7elerini Ba\u015fbakanl\u0131\u011fa verdi. Kent G\u00fcvenlik Y\u00f6netim Sistemi Yasas\u0131 uyar\u0131nca vatanda\u015flar taraf\u0131ndan yap\u0131lan itirazlar, \u0130tiraz Kurulu taraf\u0131ndan 30 g\u00fcn i\u00e7erisinde yan\u0131tlanmak durumunda. Baraka K\u00fclt\u00fcr Merkezi aktivistleri, g\u00f6zetim toplumu yaratmas\u0131, insan hak ve \u00f6zg\u00fcrl\u00fcklerine ayk\u0131r\u0131 olmas\u0131, eylem ve ifade \u00f6zg\u00fcrl\u00fc\u011f\u00fc \u00fczerinde bask\u0131 yaratmas\u0131, tarihi ve k\u00fclt\u00fcrel dokuya zarar vermesi, kald\u0131r\u0131m i\u015fgali ve engelli ki\u015filerin ge\u00e7i\u015fini zorla\u015ft\u0131rmas\u0131, b\u00fct\u00e7enin halk yarar\u0131na sa\u011fl\u0131k ve e\u011fitim i\u00e7in harcanmas\u0131 gibi sebeplerle Mobese kameralar\u0131na itiraz dilek\u00e7elerini sundular. Ba\u015fbakanl\u0131k \u00f6n\u00fcnde yap\u0131lan bas\u0131n a\u00e7\u0131klamas\u0131nda \u201cG\u00f6zeklen da g\u00f6zetlenin\u201d, \u201cZeki M\u00fcren de bizi g\u00f6recek mi?\u201d, \u201cBig brother is watching you\u201d, \u201cMobeseye NObese\u201d yaz\u0131l\u0131 pankartlarla mesaj verildi. Baraka\u2019dan yap\u0131lan a\u00e7\u0131klamada, itiraz formlar\u0131n\u0131n Ba\u015fbakanl\u0131\u011f\u0131n internet sitesinden al\u0131nabilece\u011fi ve herkesin bu g\u00f6zetleme kameralar\u0131na kendi gerek\u00e7eleriyle itiraz edebilece\u011fi de vurguland\u0131.<\/p>\n<p style=\"text-align: center;\"><a href=\"https:\/\/baraka.cc\/wp-content\/uploads\/2020\/06\/2.jpg\"><img decoding=\"async\" loading=\"lazy\" class=\"alignnone size-medium wp-image-7559\" alt=\"2\" src=\"https:\/\/baraka.cc\/wp-content\/uploads\/2020\/06\/2-300x182.jpg\" width=\"300\" height=\"182\" srcset=\"https:\/\/baraka.cc\/wp-content\/uploads\/2020\/06\/2-300x182.jpg 300w, https:\/\/baraka.cc\/wp-content\/uploads\/2020\/06\/2.jpg 703w\" sizes=\"(max-width: 300px) 100vw, 300px\" \/><\/a><\/p>\n<p><b>Bas\u0131n a\u00e7\u0131klamas\u0131n\u0131n tam metni ise \u015f\u00f6yle: <\/b><\/p>\n<p>Lefko\u015fa\u2019da ya\u015fayanlar gayet iyi bileceklerdir ki neredeyse her caddemiz, her soka\u011f\u0131m\u0131z ucube kameralarla dolduruldu. G\u00fcvenlik bahanesiyle \u00f6zg\u00fcrl\u00fc\u011f\u00fcm\u00fcz\u00fc yok eden bu kameralar, g\u00f6zetim toplumu yarat\u0131lmas\u0131na hizmet ediyor, bask\u0131 ve kontrol mekanizmas\u0131yla halk\u0131 denetim alt\u0131na al\u0131p sindirmeyi ama\u00e7l\u0131yor. \u00dcst\u00fcne \u00fcstl\u00fck bizim \u00fclkemizin yetkilileri mi T\u00fcrkiye mi bizi g\u00f6zetliyor bu da belli de\u011fil. \u00c7\u00fcnk\u00fc kameralar\u0131, TC ile imzalanan ve Meclisteki t\u00fcm partilerin oybirli\u011fi ile ge\u00e7en bir protokole dayanarak TC askeri \u015firketi ASELSAN kuruyor.<\/p>\n<p>2017\u2019de bu konu ilk g\u00fcndeme geldi\u011finden bu yana yaz\u0131p s\u00f6yledi\u011fimiz gibi;<\/p>\n<p>Mobese kameralar\u0131n\u0131n, su\u00e7lar\u0131 \u00f6nlemede kullan\u0131ld\u0131\u011f\u0131 iddia edilse de yap\u0131lan ara\u015ft\u0131rmalar, su\u00e7u \u00f6nlemede hi\u00e7 bir fonksiyonunun olmad\u0131\u011f\u0131n\u0131; t\u00fcm d\u00fcnyada ter\u00f6r, cinayet, soygun gibi \u00f6nemli su\u00e7lar\u0131n Mobeselere ra\u011fmen art\u0131\u015f g\u00f6sterdi\u011fini ortaya koymaktad\u0131r. Yolsuzluk, r\u00fc\u015fvet, yetkinin k\u00f6t\u00fcye kullan\u0131lmas\u0131 gibi su\u00e7lar bizzat devlet yetkilileri taraf\u0131ndan i\u015flenmeye devam edilmekte fakat makam odalar\u0131 kameralarla izlenmemektedir.\u00a0\u00d6te yandan sokaklar\u0131m\u0131za, parklar\u0131m\u0131za, meydanlar\u0131m\u0131za yerle\u015ftirilecek kamera g\u00f6r\u00fcnt\u00fclerinin, kimin taraf\u0131ndan, ne kadar s\u00fcreyle ve ne ama\u00e7la kaydedilip kullan\u0131laca\u011f\u0131 da b\u00fcy\u00fck bir soru i\u015faretidir. \u00c7\u00fcnk\u00fc imzalanan protokolde, devletin t\u00fcm plaka bilgilerimizi TC\u2019ye verece\u011fi a\u00e7\u0131k\u00e7a yazmakta ve TC\u2019nin yetkili Bakan\u0131; \u201cASELSAN bu \u00e7al\u0131\u015fmalar\u0131 T\u00fcrkiye\u2019de y\u00fcr\u00fctt\u00fc\u011f\u00fc gibi K\u0131br\u0131s\u2019ta da y\u00fcr\u00fctecektir. \u0130nan\u0131yorum ki bu protokol ba\u011flar\u0131m\u0131z\u0131 daha da daha da kuvvetlendirecektir\u201d demektedir. 52 milyon liral\u0131k bir proje oldu\u011fu s\u00f6ylenen Mobeseler yerine, halk\u0131n ger\u00e7ek ihtiya\u00e7lar\u0131 dikkate al\u0131narak, yang\u0131n helikopteri al\u0131nabilir, s\u0131\u011f\u0131nma evi ve k\u00fclt\u00fcr-sanat merkezi a\u00e7\u0131labilir, hastanelerimizin, okullar\u0131m\u0131z\u0131n, yollar\u0131m\u0131z\u0131n nice ihtiya\u00e7lar\u0131 kar\u015f\u0131lanabilirdi!<\/p>\n<p>Kent G\u00fcvenlik Y\u00f6netim Sistemi Yasas\u0131, t\u00fcm halka kameralara itiraz etme hakk\u0131 vermektedir. Biz de bu hakk\u0131m\u0131z\u0131 kullanmak ve bizi g\u00f6zetlemek isteyenlere biraz olsun rahats\u0131zl\u0131k vermek amac\u0131yla bug\u00fcn \u00e7e\u015fitli gerek\u00e7elerle itirazlar\u0131m\u0131z\u0131 dosyalayaca\u011f\u0131z. G\u00f6zetim toplumu in\u015fas\u0131, insan hak ve \u00f6zg\u00fcrl\u00fcklerine ayk\u0131r\u0131 olmas\u0131, eylem ve ifade \u00f6zg\u00fcrl\u00fc\u011f\u00fc \u00fczerinde bask\u0131 yaratmas\u0131, tarihi ve k\u00fclt\u00fcrel dokuya zarar vermesi, kald\u0131r\u0131m i\u015fgali ve engelli ki\u015filerin ge\u00e7i\u015fini zorla\u015ft\u0131rmas\u0131, b\u00fct\u00e7enin halk yarar\u0131na sa\u011fl\u0131k ve e\u011fitim i\u00e7in harcanmas\u0131 gibi sebeplerle itiraz dilek\u00e7elerimizi Ba\u015fbakanl\u0131\u011fa sunuyoruz. Ve 30 g\u00fcn i\u00e7erisinde \u0130tiraz Kurulu\u2019ndan bir yan\u0131t bekliyoruz. \u015eehrin d\u00f6rt bir yan\u0131n\u0131 saran Mobeselerden rahats\u0131z olan t\u00fcm halk\u0131m\u0131z\u0131 da Ba\u015fbakanl\u0131\u011f\u0131n internet sitesinden edinecekleri formlar\u0131, kendi gerek\u00e7eleriyle doldurarak itirazlar\u0131n\u0131 yapmaya davet ediyoruz.<\/p>\n<p style=\"text-align: center;\"><a href=\"https:\/\/baraka.cc\/wp-content\/uploads\/2020\/06\/3.jpg\"><img decoding=\"async\" loading=\"lazy\" class=\"alignnone size-medium wp-image-7560\" alt=\"3\" src=\"https:\/\/baraka.cc\/wp-content\/uploads\/2020\/06\/3-300x168.jpg\" width=\"300\" height=\"168\" srcset=\"https:\/\/baraka.cc\/wp-content\/uploads\/2020\/06\/3-300x168.jpg 300w, https:\/\/baraka.cc\/wp-content\/uploads\/2020\/06\/3.jpg 960w\" sizes=\"(max-width: 300px) 100vw, 300px\" \/><\/a><\/p>\n","protected":false},"excerpt":{"rendered":"<p>Baraka K\u00fclt\u00fcr Merkezi, Ba\u015fbakanl\u0131k \u00f6n\u00fcnde ger\u00e7ekle\u015ftirdi\u011fi bas\u0131n a\u00e7\u0131klamas\u0131n\u0131n ard\u0131ndan Mobeselerle ilgili itiraz dilek\u00e7elerini Ba\u015fbakanl\u0131\u011fa verdi. Kent G\u00fcvenlik Y\u00f6netim Sistemi Yasas\u0131 uyar\u0131nca vatanda\u015flar taraf\u0131ndan yap\u0131lan itirazlar,<\/p>\n","protected":false},"author":3,"featured_media":7559,"comment_status":"open","ping_status":"open","sticky":false,"template":"","format":"standard","meta":{"jetpack_post_was_ever_published":false,"_jetpack_newsletter_access":"","_jetpack_newsletter_tier_id":0,"jetpack_publicize_message":"","jetpack_is_tweetstorm":false,"jetpack_publicize_feature_enabled":true,"jetpack_social_post_already_shared":true,"jetpack_social_options":{"image_generator_settings":{"template":"highway","enabled":false}}},"categories":[41,38,66,47,9,1],"tags":[],"jetpack_publicize_connections":[],"jetpack_featured_media_url":"https:\/\/baraka.cc\/wp-content\/uploads\/2020\/06\/2.jpg","jetpack_shortlink":"https:\/\/wp.me\/p4eHWX-1XT","jetpack_sharing_enabled":true,"_links":{"self":[{"href":"https:\/\/baraka.cc\/index.php?rest_route=\/wp\/v2\/posts\/7557"}],"collection":[{"href":"https:\/\/baraka.cc\/index.php?rest_route=\/wp\/v2\/posts"}],"about":[{"href":"https:\/\/baraka.cc\/index.php?rest_route=\/wp\/v2\/types\/post"}],"author":[{"embeddable":true,"href":"https:\/\/baraka.cc\/index.php?rest_route=\/wp\/v2\/users\/3"}],"replies":[{"embeddable":true,"href":"https:\/\/baraka.cc\/index.php?rest_route=%2Fwp%2Fv2%2Fcomments&post=7557"}],"version-history":[{"count":1,"href":"https:\/\/baraka.cc\/index.php?rest_route=\/wp\/v2\/posts\/7557\/revisions"}],"predecessor-version":[{"id":7561,"href":"https:\/\/baraka.cc\/index.php?rest_route=\/wp\/v2\/posts\/7557\/revisions\/7561"}],"wp:featuredmedia":[{"embeddable":true,"href":"https:\/\/baraka.cc\/index.php?rest_route=\/wp\/v2\/media\/7559"}],"wp:attachment":[{"href":"https:\/\/baraka.cc\/index.php?rest_route=%2Fwp%2Fv2%2Fmedia&parent=7557"}],"wp:term":[{"taxonomy":"category","embeddable":true,"href":"https:\/\/baraka.cc\/index.php?rest_route=%2Fwp%2Fv2%2Fcategories&post=7557"},{"taxonomy":"post_tag","embeddable":true,"href":"https:\/\/baraka.cc\/index.php?rest_route=%2Fwp%2Fv2%2Ftags&post=7557"}],"curies":[{"name":"wp","href":"https:\/\/api.w.org\/{rel}","templated":true}]}}