{"id":7640,"date":"2020-07-28T15:39:53","date_gmt":"2020-07-28T13:39:53","guid":{"rendered":"https:\/\/baraka.cc\/?p=7640"},"modified":"2020-07-28T15:39:53","modified_gmt":"2020-07-28T13:39:53","slug":"baraka-mobeselerde-yasaya-uyulmuyor-bilisimde-uyulacak-mi","status":"publish","type":"post","link":"https:\/\/baraka.cc\/?p=7640","title":{"rendered":"Baraka: \u201cMOBESE\u2019lerde Yasaya Uyulmuyor, Bili\u015fimde Uyulacak m\u0131?\u201d"},"content":{"rendered":"<p>Baraka K\u00fclt\u00fcr Merkezi en ba\u015f\u0131ndan beri \u00e7e\u015fitli eylem ve sokak tiyatrolar\u0131yla kar\u015f\u0131 \u00e7\u0131kt\u0131\u011f\u0131 kent G\u00fcvenlik Y\u00f6netim Sistemi Yasas\u0131 alt\u0131nda ASELSAN taraf\u0131ndan kurulan MOBESE kameralar\u0131na resmi itirazlar\u0131n\u0131 11 Haziran tarihinde Ba\u015fbakanl\u0131\u011fa vermi\u015fti. G\u00f6zetim toplumu in\u015fas\u0131, insan hak ve \u00f6zg\u00fcrl\u00fcklerine ayk\u0131r\u0131 olmas\u0131, eylem ve ifade \u00f6zg\u00fcrl\u00fc\u011f\u00fc \u00fczerinde bask\u0131 yaratmas\u0131, tarihi ve k\u00fclt\u00fcrel dokuya zarar vermesi, kald\u0131r\u0131m i\u015fgali ve engelli ki\u015filerin ge\u00e7i\u015fini zorla\u015ft\u0131rmas\u0131, b\u00fct\u00e7enin halk yarar\u0131na sa\u011fl\u0131k ve e\u011fitim i\u00e7in harcanmas\u0131 gibi sebeplerle sunulan itirazlara cevap verme s\u00fcresi dolmas\u0131na ra\u011fmen herhangi bir cevap al\u0131namad\u0131.<\/p>\n<p>Yasaya g\u00f6re; \u201cKurulun icra edilmi\u015f kararlar\u0131na kar\u015f\u0131 itiraz, herhangi bir \u015fekilde etkilenen ki\u015fi taraf\u0131ndan, bili\u015fim sisteminin kurulmas\u0131ndan itibaren alt\u0131 ay i\u00e7erisinde yaz\u0131l\u0131 ve gerek\u00e7eli olarak Ba\u015fbakanl\u0131\u011fa yap\u0131l\u0131r. Yap\u0131lan itirazlar Ba\u015fbakanl\u0131k taraf\u0131ndan en ge\u00e7 iki i\u015f g\u00fcn\u00fc i\u00e7erisinde \u0130tiraz Kuruluna iletilir ve \u0130tiraz Kurulu, gerek\u00e7eli karar\u0131n\u0131 en ge\u00e7 otuz g\u00fcn i\u00e7erisinde vererek ilgili ki\u015fiye tebli\u011f eder.\u201d \u0130tiraz Kurulu\u2019nda ise Ba\u015fbakanl\u0131k, \u0130\u00e7i\u015fleri ve Ula\u015ft\u0131rma Bakanl\u0131\u011f\u0131 m\u00fcste\u015farlar\u0131, Polis Genel M\u00fcd\u00fcr\u00fc veya yard\u0131mc\u0131s\u0131, Lefko\u015fa Belediye Ba\u015fkan\u0131, Barolar Birli\u011fi ve M\u00fchendis ve Mimar Odalar\u0131 Birli\u011fi bulunuyor.<\/p>\n<p>H\u00fck\u00fcmetin yasalar\u0131 sadece i\u015fine geldi\u011fi zaman ve insanlar \u00fczerinde bask\u0131 uygulamak amac\u0131yla uygulad\u0131\u011f\u0131n\u0131, vatanda\u015fa hak ve \u00f6zg\u00fcrl\u00fck veren maddelerin pratikte uygulanmad\u0131\u011f\u0131n\u0131 bir kez daha vurgulayan Baraka, ayn\u0131 durumun Bili\u015fim Su\u00e7lar\u0131 Yasas\u0131 i\u00e7in de ge\u00e7erli olabilece\u011fini belirtti.<\/p>\n<p>Dernekten yap\u0131lan a\u00e7\u0131klamada \u201cG\u00fcya sanal bahis, kredi kart\u0131 h\u0131rs\u0131zl\u0131\u011f\u0131, \u00e7ocuk pornosu gibi konular\u0131 engellemek ve siber su\u00e7lar\u0131 \u00f6nlemek i\u00e7in \u00e7\u0131kar\u0131lan Bili\u015fim Su\u00e7lar\u0131 Yasas\u0131 da t\u0131pk\u0131 MOBESE kameralar\u0131 gibi toplum \u00fczerinde bask\u0131 kurmak i\u00e7in kullan\u0131lacakt\u0131r. \u0130fade \u00f6zg\u00fcrl\u00fc\u011f\u00fcn\u00fc s\u0131n\u0131rlayacak, sans\u00fcre ve daha k\u00f6t\u00fcs\u00fc otosans\u00fcre sebep olacak bu yasa, erki elinde bulunduranlar taraf\u0131ndan i\u015flerine geldi\u011fi gibi uygulanacak, hak ve \u00f6zg\u00fcrl\u00fckler aleyhine yorumlanacakt\u0131r.\u201d denildi.<\/p>\n<p>Baraka, \u00f6zg\u00fcrl\u00fc\u011f\u00fcne d\u00fc\u015fk\u00fcn halk\u0131m\u0131z\u0131, bir yandan MOBESE\u2019ler di\u011fer yandan Bili\u015fim Su\u00e7lar\u0131 Yasas\u0131 ile bizleri s\u00fcrekli g\u00f6zetim alt\u0131nda tutup susturmaya \u00e7al\u0131\u015fanlara kar\u015f\u0131 m\u00fccadeleye davet etti.<\/p>\n<p>&nbsp;<\/p>\n","protected":false},"excerpt":{"rendered":"<p>Baraka K\u00fclt\u00fcr Merkezi en ba\u015f\u0131ndan beri \u00e7e\u015fitli eylem ve sokak tiyatrolar\u0131yla kar\u015f\u0131 \u00e7\u0131kt\u0131\u011f\u0131 kent G\u00fcvenlik Y\u00f6netim Sistemi Yasas\u0131 alt\u0131nda ASELSAN taraf\u0131ndan kurulan MOBESE kameralar\u0131na resmi<\/p>\n","protected":false},"author":3,"featured_media":7641,"comment_status":"open","ping_status":"open","sticky":false,"template":"","format":"standard","meta":{"jetpack_post_was_ever_published":false,"_jetpack_newsletter_access":"","_jetpack_newsletter_tier_id":0,"jetpack_publicize_message":"","jetpack_is_tweetstorm":false,"jetpack_publicize_feature_enabled":true,"jetpack_social_post_already_shared":true,"jetpack_social_options":{"image_generator_settings":{"template":"highway","enabled":false}}},"categories":[41,38,9,1],"tags":[],"jetpack_publicize_connections":[],"jetpack_featured_media_url":"https:\/\/baraka.cc\/wp-content\/uploads\/2020\/07\/12.jpg","jetpack_shortlink":"https:\/\/wp.me\/p4eHWX-1Ze","jetpack_sharing_enabled":true,"_links":{"self":[{"href":"https:\/\/baraka.cc\/index.php?rest_route=\/wp\/v2\/posts\/7640"}],"collection":[{"href":"https:\/\/baraka.cc\/index.php?rest_route=\/wp\/v2\/posts"}],"about":[{"href":"https:\/\/baraka.cc\/index.php?rest_route=\/wp\/v2\/types\/post"}],"author":[{"embeddable":true,"href":"https:\/\/baraka.cc\/index.php?rest_route=\/wp\/v2\/users\/3"}],"replies":[{"embeddable":true,"href":"https:\/\/baraka.cc\/index.php?rest_route=%2Fwp%2Fv2%2Fcomments&post=7640"}],"version-history":[{"count":1,"href":"https:\/\/baraka.cc\/index.php?rest_route=\/wp\/v2\/posts\/7640\/revisions"}],"predecessor-version":[{"id":7642,"href":"https:\/\/baraka.cc\/index.php?rest_route=\/wp\/v2\/posts\/7640\/revisions\/7642"}],"wp:featuredmedia":[{"embeddable":true,"href":"https:\/\/baraka.cc\/index.php?rest_route=\/wp\/v2\/media\/7641"}],"wp:attachment":[{"href":"https:\/\/baraka.cc\/index.php?rest_route=%2Fwp%2Fv2%2Fmedia&parent=7640"}],"wp:term":[{"taxonomy":"category","embeddable":true,"href":"https:\/\/baraka.cc\/index.php?rest_route=%2Fwp%2Fv2%2Fcategories&post=7640"},{"taxonomy":"post_tag","embeddable":true,"href":"https:\/\/baraka.cc\/index.php?rest_route=%2Fwp%2Fv2%2Ftags&post=7640"}],"curies":[{"name":"wp","href":"https:\/\/api.w.org\/{rel}","templated":true}]}}