{"id":7647,"date":"2020-07-30T12:57:07","date_gmt":"2020-07-30T10:57:07","guid":{"rendered":"https:\/\/baraka.cc\/?p=7647"},"modified":"2020-07-30T12:57:07","modified_gmt":"2020-07-30T10:57:07","slug":"mahkeme-sonuclandi-baraka-kazandi-serdar-denktas-kaybetti","status":"publish","type":"post","link":"https:\/\/baraka.cc\/?p=7647","title":{"rendered":"MAHKEME SONU\u00c7LANDI: BARAKA KAZANDI, SERDAR DENKTA\u015e KAYBETT\u0130\u00a0"},"content":{"rendered":"<p align=\"center\">MAHKEME SONU\u00c7LANDI: BARAKA KAZANDI, SERDAR DENKTA\u015e KAYBETT\u0130<\/p>\n<p>&nbsp;<\/p>\n<p>&nbsp;<\/p>\n<p>Baraka K\u00fclt\u00fcr Merkezi ve aktivistimiz M\u00fcn\u00fcr Rahanc\u0131o\u011flu ad\u0131na Serdar Denkta\u015f aleyhine a\u00e7t\u0131\u011f\u0131m\u0131z iki tazminat davas\u0131n\u0131n bir tanesi bug\u00fcn karara ba\u011fland\u0131. Lefko\u015fa Kaza Mahkemesi\u2019nde duru\u015fmas\u0131 ger\u00e7ekle\u015ftirilen davada Yarg\u0131\u00e7, Serdar Denkta\u015f\u2019\u0131n kat\u0131ld\u0131\u011f\u0131 televizyon program\u0131nda aktivistimiz M\u00fcn\u00fcr Rahvanc\u0131o\u011flu hakk\u0131nda sarfetti\u011fi s\u00f6zlerin ger\u00e7e\u011fi yans\u0131tmad\u0131\u011f\u0131 sebebi ile Denkta\u015f aleyhine 8,000 T\u00fcrk Liras\u0131 tazminata h\u00fckmetti.<\/p>\n<p>Hat\u0131rlanaca\u011f\u0131 \u00fczere, karanl\u0131kta okula giderken ya\u015fanan otob\u00fcs kazas\u0131nda kaybetti\u011fimiz iki gencimiz ve otob\u00fcs \u015fof\u00f6r\u00fc ile ilgili \u00fclkede ya\u015fanan infial \u00fczerine geni\u015f halk kitlesi taraf\u0131ndan eylemler yap\u0131lm\u0131\u015f, Baraka K\u00fclt\u00fcr Merkezi olarak bizim de kat\u0131ld\u0131\u011f\u0131m\u0131z protestolarda devletin sorumsuzlu\u011fu ve i\u015fbirlik\u00e7i h\u00fck\u00fcmetin yanl\u0131\u015f kararlar\u0131 y\u00fcz\u00fcnden kaybedilen canlar\u0131n yaratt\u0131\u011f\u0131 ac\u0131lar\u0131n unutulmayaca\u011f\u0131n\u0131, hayat\u0131m\u0131za mal olan bu d\u00fczenin eninde sonunda de\u011fi\u015fece\u011fini dile getirmi\u015ftik. Bu eylemlerin ard\u0131ndan Serdar Denkta\u015f, kat\u0131ld\u0131\u011f\u0131 bir televizyon program\u0131nda derne\u011fimiz ve aktivistimiz M\u00fcn\u00fcr Rahvanc\u0131o\u011flu hakk\u0131nda \u201cgen\u00e7leri provoke etmek ve insanlar\u0131n \u00fczerinden vandalizm yapmak\u201d gibi \u00e7irkin iftiralarda bulunmu\u015f, bunun yan\u0131s\u0131ra da gerek derne\u011fimizin Avrupa Birli\u011fi\u2019nden para alarak halk\u0131 devletten so\u011futmak ve olas\u0131 bir planda \u201cevet\u201de haz\u0131rlamak i\u00e7in eylemleri provoke etti\u011fini, gerekse de aktvistimiz M\u00fcn\u00fcr Rahvanc\u0131o\u011flu\u2019nun i\u015f yerindeki performans\u0131 ve maa\u015f\u0131 hakk\u0131nda da yalan ifadelerde bulunmu\u015ftu.<\/p>\n<p>Derne\u011fimiz aktivistine y\u00f6nelik sarfedilen s\u00f6ylemlerin ger\u00e7e\u011fi yans\u0131tmad\u0131\u011f\u0131n\u0131 ve Zem-Kadih (yalan ve hakaret) olu\u015fturdu\u011funu tesit eden Mahkemenin, aktivistimiz M\u00fcn\u00fcr Rahvanc\u0131o\u011flu\u2019nu davas\u0131nda hakl\u0131 bularak Serdar Denkta\u015f aleyhinde tazminata h\u00fckmetti\u011fini kamu oyuna bildirir, dava s\u00fcrecini ba\u015far\u0131 ve \u00f6zveri ile y\u00fcr\u00fcten Avukat\u0131m\u0131z Cansu Nazl\u0131\u2019ya te\u015fekk\u00fcr ederiz.<\/p>\n<p>&nbsp;<\/p>\n","protected":false},"excerpt":{"rendered":"<p>MAHKEME SONU\u00c7LANDI: BARAKA KAZANDI, SERDAR DENKTA\u015e KAYBETT\u0130 &nbsp; &nbsp; Baraka K\u00fclt\u00fcr Merkezi ve aktivistimiz M\u00fcn\u00fcr Rahanc\u0131o\u011flu ad\u0131na Serdar Denkta\u015f aleyhine a\u00e7t\u0131\u011f\u0131m\u0131z iki tazminat davas\u0131n\u0131n bir<\/p>\n","protected":false},"author":1,"featured_media":7648,"comment_status":"open","ping_status":"open","sticky":false,"template":"","format":"standard","meta":{"jetpack_post_was_ever_published":false,"_jetpack_newsletter_access":"","_jetpack_newsletter_tier_id":0,"jetpack_publicize_message":"","jetpack_is_tweetstorm":false,"jetpack_publicize_feature_enabled":true,"jetpack_social_post_already_shared":true,"jetpack_social_options":{"image_generator_settings":{"template":"highway","enabled":false}}},"categories":[9,1],"tags":[],"jetpack_publicize_connections":[],"jetpack_featured_media_url":"https:\/\/baraka.cc\/wp-content\/uploads\/2020\/07\/baraka-m\u00fcn\u00fcr.jpg","jetpack_shortlink":"https:\/\/wp.me\/p4eHWX-1Zl","jetpack_sharing_enabled":true,"_links":{"self":[{"href":"https:\/\/baraka.cc\/index.php?rest_route=\/wp\/v2\/posts\/7647"}],"collection":[{"href":"https:\/\/baraka.cc\/index.php?rest_route=\/wp\/v2\/posts"}],"about":[{"href":"https:\/\/baraka.cc\/index.php?rest_route=\/wp\/v2\/types\/post"}],"author":[{"embeddable":true,"href":"https:\/\/baraka.cc\/index.php?rest_route=\/wp\/v2\/users\/1"}],"replies":[{"embeddable":true,"href":"https:\/\/baraka.cc\/index.php?rest_route=%2Fwp%2Fv2%2Fcomments&post=7647"}],"version-history":[{"count":1,"href":"https:\/\/baraka.cc\/index.php?rest_route=\/wp\/v2\/posts\/7647\/revisions"}],"predecessor-version":[{"id":7649,"href":"https:\/\/baraka.cc\/index.php?rest_route=\/wp\/v2\/posts\/7647\/revisions\/7649"}],"wp:featuredmedia":[{"embeddable":true,"href":"https:\/\/baraka.cc\/index.php?rest_route=\/wp\/v2\/media\/7648"}],"wp:attachment":[{"href":"https:\/\/baraka.cc\/index.php?rest_route=%2Fwp%2Fv2%2Fmedia&parent=7647"}],"wp:term":[{"taxonomy":"category","embeddable":true,"href":"https:\/\/baraka.cc\/index.php?rest_route=%2Fwp%2Fv2%2Fcategories&post=7647"},{"taxonomy":"post_tag","embeddable":true,"href":"https:\/\/baraka.cc\/index.php?rest_route=%2Fwp%2Fv2%2Ftags&post=7647"}],"curies":[{"name":"wp","href":"https:\/\/api.w.org\/{rel}","templated":true}]}}