{"id":7651,"date":"2020-08-01T08:00:11","date_gmt":"2020-08-01T06:00:11","guid":{"rendered":"https:\/\/baraka.cc\/?p=7651"},"modified":"2020-07-31T16:30:42","modified_gmt":"2020-07-31T14:30:42","slug":"barakada-bilisim-suclari-yasasi-bilgilendirme-toplantisi-gerceklestirilecek","status":"publish","type":"post","link":"https:\/\/baraka.cc\/?p=7651","title":{"rendered":"Baraka\u2019da \u201cBili\u015fim Su\u00e7lar\u0131 Yasas\u0131 Bilgilendirme Toplant\u0131s\u0131\u201d Ger\u00e7ekle\u015ftirilecek"},"content":{"rendered":"<p>Baraka K\u00fclt\u00fcr Merkezi, 6 A\u011fustos Per\u015fembe saat 20.00\u2019de Bili\u015fim Su\u00e7lar\u0131 Yasas\u0131&#8217;n\u0131n hak ve \u00f6zg\u00fcrl\u00fcklerimiz ba\u011flam\u0131nda ele al\u0131naca\u011f\u0131 bilgilendirme toplant\u0131s\u0131 ger\u00e7ekle\u015ftiriyor.\u00a0 Hukuk\u00e7u Nazen \u015eansal&#8217;\u0131n konu\u015fmac\u0131 oldu\u011fu ve t\u00fcm halka a\u00e7\u0131k olan bilgilendirme toplant\u0131s\u0131 K\u0131z\u0131lba\u015f\u2019taki Baraka lokalinin bah\u00e7esinde ger\u00e7ekle\u015ftiriliyor.<\/p>\n<p>Baraka\u2019dan yap\u0131lan davette etkinli\u011fin t\u00fcm halk\u0131n kat\u0131l\u0131m\u0131na a\u00e7\u0131k oldu\u011fu ve yasa hakk\u0131nda bilgi payla\u015f\u0131m\u0131n\u0131n ama\u00e7land\u0131\u011f\u0131 belirtilerek \u201c6 A\u011fustos Per\u015fembe ak\u015fam\u0131 K\u0131z\u0131ba\u015f&#8217;taki Baraka K\u00fclt\u00fcr Merkezi bah\u00e7esinde ger\u00e7ekle\u015ftirilecek toplant\u0131ya kat\u0131l\u0131p yasa hakk\u0131nda bilgi edinebilir, g\u00f6r\u00fc\u015flerinizi payla\u015fabilirsiniz\u201d ifadelerine yer verildi.<\/p>\n<p><a href=\"https:\/\/baraka.cc\/wp-content\/uploads\/2020\/07\/bilis\u0327im-2.jpg\"><img decoding=\"async\" loading=\"lazy\" class=\"alignnone size-medium wp-image-7652\" alt=\"bilis\u0327im 2\" src=\"https:\/\/baraka.cc\/wp-content\/uploads\/2020\/07\/bilis\u0327im-2-300x128.jpg\" width=\"300\" height=\"128\" srcset=\"https:\/\/baraka.cc\/wp-content\/uploads\/2020\/07\/bilis\u0327im-2-300x128.jpg 300w, https:\/\/baraka.cc\/wp-content\/uploads\/2020\/07\/bilis\u0327im-2-1024x439.jpg 1024w\" sizes=\"(max-width: 300px) 100vw, 300px\" \/><\/a><\/p>\n","protected":false},"excerpt":{"rendered":"<p>Baraka K\u00fclt\u00fcr Merkezi, 6 A\u011fustos Per\u015fembe saat 20.00\u2019de Bili\u015fim Su\u00e7lar\u0131 Yasas\u0131&#8217;n\u0131n hak ve \u00f6zg\u00fcrl\u00fcklerimiz ba\u011flam\u0131nda ele al\u0131naca\u011f\u0131 bilgilendirme toplant\u0131s\u0131 ger\u00e7ekle\u015ftiriyor.\u00a0 Hukuk\u00e7u Nazen \u015eansal&#8217;\u0131n konu\u015fmac\u0131 oldu\u011fu<\/p>\n","protected":false},"author":12,"featured_media":7652,"comment_status":"open","ping_status":"open","sticky":false,"template":"","format":"standard","meta":{"jetpack_post_was_ever_published":false,"_jetpack_newsletter_access":"","_jetpack_newsletter_tier_id":0,"jetpack_publicize_message":"Baraka\u2019da \u201cBili\u015fim Su\u00e7lar\u0131 Yasas\u0131 Bilgilendirme Toplant\u0131s\u0131\u201d Ger\u00e7ekle\u015ftirilecek","jetpack_is_tweetstorm":false,"jetpack_publicize_feature_enabled":true,"jetpack_social_post_already_shared":true,"jetpack_social_options":{"image_generator_settings":{"template":"highway","enabled":false}}},"categories":[46,45,56],"tags":[],"jetpack_publicize_connections":[],"jetpack_featured_media_url":"https:\/\/baraka.cc\/wp-content\/uploads\/2020\/07\/bilis\u0327im-2.jpg","jetpack_shortlink":"https:\/\/wp.me\/p4eHWX-1Zp","jetpack_sharing_enabled":true,"_links":{"self":[{"href":"https:\/\/baraka.cc\/index.php?rest_route=\/wp\/v2\/posts\/7651"}],"collection":[{"href":"https:\/\/baraka.cc\/index.php?rest_route=\/wp\/v2\/posts"}],"about":[{"href":"https:\/\/baraka.cc\/index.php?rest_route=\/wp\/v2\/types\/post"}],"author":[{"embeddable":true,"href":"https:\/\/baraka.cc\/index.php?rest_route=\/wp\/v2\/users\/12"}],"replies":[{"embeddable":true,"href":"https:\/\/baraka.cc\/index.php?rest_route=%2Fwp%2Fv2%2Fcomments&post=7651"}],"version-history":[{"count":1,"href":"https:\/\/baraka.cc\/index.php?rest_route=\/wp\/v2\/posts\/7651\/revisions"}],"predecessor-version":[{"id":7653,"href":"https:\/\/baraka.cc\/index.php?rest_route=\/wp\/v2\/posts\/7651\/revisions\/7653"}],"wp:featuredmedia":[{"embeddable":true,"href":"https:\/\/baraka.cc\/index.php?rest_route=\/wp\/v2\/media\/7652"}],"wp:attachment":[{"href":"https:\/\/baraka.cc\/index.php?rest_route=%2Fwp%2Fv2%2Fmedia&parent=7651"}],"wp:term":[{"taxonomy":"category","embeddable":true,"href":"https:\/\/baraka.cc\/index.php?rest_route=%2Fwp%2Fv2%2Fcategories&post=7651"},{"taxonomy":"post_tag","embeddable":true,"href":"https:\/\/baraka.cc\/index.php?rest_route=%2Fwp%2Fv2%2Ftags&post=7651"}],"curies":[{"name":"wp","href":"https:\/\/api.w.org\/{rel}","templated":true}]}}